{"id":370104,"date":"2025-09-06T07:35:10","date_gmt":"2025-09-06T07:35:10","guid":{"rendered":"https:\/\/www.europesays.com\/fr\/370104\/"},"modified":"2025-09-06T07:35:10","modified_gmt":"2025-09-06T07:35:10","slug":"etats-unis-des-amendements-bipartites-visent-a-soutenir-larmenie-et-sanctionner-lazerbaidjan","status":"publish","type":"post","link":"https:\/\/www.europesays.com\/fr\/370104\/","title":{"rendered":"\u00c9tats-Unis : des amendements bipartites visent \u00e0 soutenir l\u2019Arm\u00e9nie et sanctionner l\u2019Azerba\u00efdjan"},"content":{"rendered":"<p>Le m\u00e9dia arm\u00e9no-am\u00e9ricain <a href=\"https:\/\/asbarez.com\/bipartisan-budget-amendments-seek-release-of-armenian-prisoners-azerbaijan-sanctions\/\" target=\"_blank\" rel=\"noopener\">Asbarez<\/a> rapporte que plusieurs amendements pro-arm\u00e9niens ont \u00e9t\u00e9 introduits dans le cadre de la loi sur l\u2019autorisation de la d\u00e9fense nationale (NDAA) pour l\u2019exercice 2026, actuellement examin\u00e9e par la Chambre des repr\u00e9sentants (H.R.3838) et le S\u00e9nat (S.2296). Soutenus par le Comit\u00e9 national arm\u00e9nien d\u2019Am\u00e9rique (ANCA), ces amendements visent \u00e0 bloquer l\u2019aide militaire \u00e0 l\u2019Azerba\u00efdjan, renforcer la s\u00e9curit\u00e9 de l\u2019Arm\u00e9nie et obtenir la lib\u00e9ration des prisonniers arm\u00e9niens.<\/p>\n<p>Selon l\u2019ANCA, il s\u2019agit \u00e9galement de garantir le retour des Arm\u00e9niens d\u00e9plac\u00e9s en Artsakh et de prot\u00e9ger leur patrimoine culturel. \u00ab Le Congr\u00e8s doit agir de mani\u00e8re d\u00e9cisive \u00bb, a d\u00e9clar\u00e9 Aram Hamparian, directeur ex\u00e9cutif de l\u2019organisation, d\u00e9non\u00e7ant l\u2019occupation militaire du territoire arm\u00e9nien par Bakou et la destruction du patrimoine chr\u00e9tien en Artsakh.<\/p>\n<p>Parmi les amendements phares :<\/p>\n<p>Amendement 311 (Gus Bilirakis, R-FL) : conditionner toute aide \u00e0 l\u2019Azerba\u00efdjan \u00e0 des avanc\u00e9es concr\u00e8tes sur la reconnaissance de la souverainet\u00e9 arm\u00e9nienne et publier un rapport sur les menaces s\u00e9curitaires contre Erevan.<\/p>\n<p>Amendement Frank Pallone (D-NJ) : limiter les d\u00e9rogations \u00e0 la section 907 du Freedom Support Act, qui restreint l\u2019aide am\u00e9ricaine \u00e0 Bakou, sauf en cas de lib\u00e9ration des prisonniers arm\u00e9niens et de retrait des forces azerba\u00efdjanaises.<\/p>\n<p>Plusieurs amendements (Bilirakis, Schneider, Gottheimer, Malliotakis, Goldman, Kean Jr.) visent \u00e0 freiner les transferts d\u2019armes vers la Turquie (F-35, F-16, \u00e9quipements de d\u00e9fense) tant que celle-ci ne respecte pas la souverainet\u00e9 de ses voisins et ne cesse de soutenir l\u2019agression azerba\u00efdjanaise.<\/p>\n<p>Amendement SA.3333 (Adam Schiff, D-CA, au S\u00e9nat) : appel \u00e0 la lib\u00e9ration imm\u00e9diate des prisonniers arm\u00e9niens, fin des \u00ab proc\u00e8s fictifs \u00bb et possibilit\u00e9 d\u2019imposer des sanctions Magnitsky contre les responsables azerba\u00efdjanais.<\/p>\n<p>La Chambre des repr\u00e9sentants doit examiner ces amendements \u00e0 partir du 8 septembre. Les propositions les plus soutenues, en particulier celles b\u00e9n\u00e9ficiant d\u2019un appui bipartite, ont le plus de chances d\u2019\u00eatre retenues.<\/p>\n<p>Dans l\u2019ensemble, note Asbarez, ces initiatives traduisent une volont\u00e9 croissante du Congr\u00e8s am\u00e9ricain de durcir le ton vis-\u00e0-vis de l\u2019Azerba\u00efdjan et de renforcer les garanties s\u00e9curitaires pour l\u2019Arm\u00e9nie, en parall\u00e8le des n\u00e9gociations de paix toujours en cours dans le Caucase du Sud.<\/p>\n","protected":false},"excerpt":{"rendered":"Le m\u00e9dia arm\u00e9no-am\u00e9ricain Asbarez rapporte que plusieurs amendements pro-arm\u00e9niens ont \u00e9t\u00e9 introduits dans le cadre de la loi&hellip;\n","protected":false},"author":2,"featured_media":370105,"comment_status":"","ping_status":"","sticky":false,"template":"","format":"standard","meta":{"footnotes":""},"categories":[1589],"tags":[11,554,312,73,1866,10264,12,1864,1865,1863,308],"class_list":{"0":"post-370104","1":"post","2":"type-post","3":"status-publish","4":"format-standard","5":"has-post-thumbnail","7":"category-etats-unis","8":"tag-actualites","9":"tag-defense","10":"tag-diplomatie","11":"tag-etats-unis","12":"tag-etats-unis-damerique","13":"tag-humanitaire","14":"tag-news","15":"tag-united-states","16":"tag-united-states-of-america","17":"tag-us","18":"tag-usa"},"share_on_mastodon":{"url":"https:\/\/pubeurope.com\/@fr\/115156203935200702","error":""},"_links":{"self":[{"href":"https:\/\/www.europesays.com\/fr\/wp-json\/wp\/v2\/posts\/370104","targetHints":{"allow":["GET"]}}],"collection":[{"href":"https:\/\/www.europesays.com\/fr\/wp-json\/wp\/v2\/posts"}],"about":[{"href":"https:\/\/www.europesays.com\/fr\/wp-json\/wp\/v2\/types\/post"}],"author":[{"embeddable":true,"href":"https:\/\/www.europesays.com\/fr\/wp-json\/wp\/v2\/users\/2"}],"replies":[{"embeddable":true,"href":"https:\/\/www.europesays.com\/fr\/wp-json\/wp\/v2\/comments?post=370104"}],"version-history":[{"count":0,"href":"https:\/\/www.europesays.com\/fr\/wp-json\/wp\/v2\/posts\/370104\/revisions"}],"wp:featuredmedia":[{"embeddable":true,"href":"https:\/\/www.europesays.com\/fr\/wp-json\/wp\/v2\/media\/370105"}],"wp:attachment":[{"href":"https:\/\/www.europesays.com\/fr\/wp-json\/wp\/v2\/media?parent=370104"}],"wp:term":[{"taxonomy":"category","embeddable":true,"href":"https:\/\/www.europesays.com\/fr\/wp-json\/wp\/v2\/categories?post=370104"},{"taxonomy":"post_tag","embeddable":true,"href":"https:\/\/www.europesays.com\/fr\/wp-json\/wp\/v2\/tags?post=370104"}],"curies":[{"name":"wp","href":"https:\/\/api.w.org\/{rel}","templated":true}]}}