{"id":370110,"date":"2025-09-06T07:38:10","date_gmt":"2025-09-06T07:38:10","guid":{"rendered":"https:\/\/www.europesays.com\/fr\/370110\/"},"modified":"2025-09-06T07:38:10","modified_gmt":"2025-09-06T07:38:10","slug":"trump-menace-leurope-de-retorsion-face-a-la-lourde-amende-infligee-a-google","status":"publish","type":"post","link":"https:\/\/www.europesays.com\/fr\/370110\/","title":{"rendered":"Trump menace l\u2019Europe de r\u00e9torsion face \u00e0 la lourde amende inflig\u00e9e \u00e0 Google"},"content":{"rendered":"<p>Donald Trump a rapidement r\u00e9agi \u00e0 la suite de la lourde sanction de Google par Bruxelles sur son r\u00e9seau social Truth Social. Le Pr\u00e9sident des Etats-Unis\u00a0menace l\u2019Europe d\u2019une proc\u00e9dure au titre de l\u2019article 301 qui est une mesure de r\u00e9torsion contre l\u2019Europe. Cette proc\u00e9dure permet d\u2019enqu\u00eater sur des pratiques \u00e9trang\u00e8res jug\u00e9es injustifiables, d\u00e9raisonnables ou discriminatoires et qui <strong>\u201c<\/strong>p\u00e8sent sur le commerce US<strong>\u201d<\/strong> \u2014 puis, si n\u00e9cessaire, d\u2019imposer des mesures de r\u00e9torsion tels que des droits de douane suppl\u00e9mentaires, des restrictions d\u2019importation, etc.<\/p>\n<p>\u00a0\u00ab\u00a0L\u2019Europe a inflig\u00e9 aujourd\u2019hui une amende de 3,5 milliards de dollars \u00e0 une autre grande entreprise am\u00e9ricaine, Google, privant ainsi de fonds qui auraient autrement \u00e9t\u00e9 destin\u00e9s aux investissements et \u00e0 l\u2019emploi aux \u00c9tats-Unis\u00a0\u00bb d\u00e9crit Donald Trump. \u00ab\u00a0C\u2019est tr\u00e8s injuste, et le contribuable am\u00e9ricain ne le tol\u00e9rera pas ! Comme je l\u2019ai d\u00e9j\u00e0 dit, mon administration ne tol\u00e9rera pas ces actes discriminatoires\u00a0\u00bb puis il termine \u00ab\u00a0 L\u2019Union europ\u00e9enne doit mettre fin \u00e0 ces pratiques contre les entreprises am\u00e9ricaines, IMM\u00c9DIATEMENT\u00a0!\u00a0\u00bb<\/p>\n<p>\nArticles similaires<\/p>\n","protected":false},"excerpt":{"rendered":"Donald Trump a rapidement r\u00e9agi \u00e0 la suite de la lourde sanction de Google par Bruxelles sur son&hellip;\n","protected":false},"author":2,"featured_media":370111,"comment_status":"","ping_status":"","sticky":false,"template":"","format":"standard","meta":{"footnotes":""},"categories":[1586],"tags":[11,1777,674,1011,27,12,25],"class_list":{"0":"post-370110","1":"post","2":"type-post","3":"status-publish","4":"format-standard","5":"has-post-thumbnail","7":"category-europe","8":"tag-actualites","9":"tag-eu","10":"tag-europe","11":"tag-fr","12":"tag-france","13":"tag-news","14":"tag-republique-francaise"},"share_on_mastodon":{"url":"https:\/\/pubeurope.com\/@fr\/115156215603874306","error":""},"_links":{"self":[{"href":"https:\/\/www.europesays.com\/fr\/wp-json\/wp\/v2\/posts\/370110","targetHints":{"allow":["GET"]}}],"collection":[{"href":"https:\/\/www.europesays.com\/fr\/wp-json\/wp\/v2\/posts"}],"about":[{"href":"https:\/\/www.europesays.com\/fr\/wp-json\/wp\/v2\/types\/post"}],"author":[{"embeddable":true,"href":"https:\/\/www.europesays.com\/fr\/wp-json\/wp\/v2\/users\/2"}],"replies":[{"embeddable":true,"href":"https:\/\/www.europesays.com\/fr\/wp-json\/wp\/v2\/comments?post=370110"}],"version-history":[{"count":0,"href":"https:\/\/www.europesays.com\/fr\/wp-json\/wp\/v2\/posts\/370110\/revisions"}],"wp:featuredmedia":[{"embeddable":true,"href":"https:\/\/www.europesays.com\/fr\/wp-json\/wp\/v2\/media\/370111"}],"wp:attachment":[{"href":"https:\/\/www.europesays.com\/fr\/wp-json\/wp\/v2\/media?parent=370110"}],"wp:term":[{"taxonomy":"category","embeddable":true,"href":"https:\/\/www.europesays.com\/fr\/wp-json\/wp\/v2\/categories?post=370110"},{"taxonomy":"post_tag","embeddable":true,"href":"https:\/\/www.europesays.com\/fr\/wp-json\/wp\/v2\/tags?post=370110"}],"curies":[{"name":"wp","href":"https:\/\/api.w.org\/{rel}","templated":true}]}}