{"id":370112,"date":"2025-09-06T07:39:11","date_gmt":"2025-09-06T07:39:11","guid":{"rendered":"https:\/\/www.europesays.com\/fr\/370112\/"},"modified":"2025-09-06T07:39:11","modified_gmt":"2025-09-06T07:39:11","slug":"nouvel-arrivage-chez-electro-depot-le-samsung-galaxy-a35-na-jamais-eu-un-prix-aussi-bas","status":"publish","type":"post","link":"https:\/\/www.europesays.com\/fr\/370112\/","title":{"rendered":"Nouvel arrivage chez Electro D\u00e9p\u00f4t\u00a0: le Samsung Galaxy A35 n\u2019a jamais eu un prix aussi bas"},"content":{"rendered":"<p>\n                                                                    l&rsquo;essentiel<br \/>\n                                                                Vous souhaitez passer des appels et profiter d\u2019une connexion stable \u00e0 chaque instant\u00a0? Alors, pensez \u00e0 ce Samsung Galaxy A35. Il est affich\u00e9 \u00e0 un prix qui vaut le d\u00e9tour sur le site d\u2019Electro D\u00e9pot mais \u00e7a ne saurait durer.\n                            <\/p>\n<p>Electro D\u00e9pot vous propose un prix dingue sur ce Samsung Galaxy A35 mais jusqu\u2019\u00e0 quand\u00a0? En effet, cette offre n\u2019est pas \u00e9ternelle et mieux vaut en profiter au plus vite. Il profite d\u2019un coloris bleu clair discret et frais qui va avec tout. Son triple module photo est align\u00e9 dans la longueur du smartphone, cr\u00e9ant un effet visuel agr\u00e9able et doux. Le capteur frontal est ins\u00e9r\u00e9 de mani\u00e8re minimaliste et compacte \u00e0 l\u2019avant pour ne pas g\u00eaner l\u2019affichage des contenus. Plus de 100 personnes l\u2019ont d\u00e9j\u00e0 achet\u00e9 et not\u00e9, lui donnant une note moyenne de 4,6 sur 5. Les clients appr\u00e9cient sa facilit\u00e9 de prise en main ainsi que la simplicit\u00e9 d\u2019utilisation. Il est possible de revendre son ancien appareil pour faire le plein d\u2019\u00e9conomies. Sinon, optez pour le paiement en plusieurs fois \u00e0 partir de 69\u00a0euros par mois. Ce Samsung Galaxy A35 est propos\u00e9 \u00e0 279\u00a0euros sur le site d\u2019Electro D\u00e9pot.<\/p>\n<p><a class=\"btn\" href=\"https:\/\/fnty.co\/c\/r-FojRXvaS\" target=\"_blank\" rel=\"nofollow sponsored noopener\">Cliquez ici pour profiter de l\u2019offre Electro D\u00e9pot sur le Samsung Galaxy A35<\/a><\/p>\n<p>\u00a0<\/p>\n<p>Electro D\u00e9pot change la donne avec un prix attractif sur ce Samsung Galaxy A35<\/p>\n<p>Profitez d\u2019une utilisation quasiment illimit\u00e9e d\u2019une journ\u00e9e sans recharge avec sa batterie de 5000 mAh. Le Samsung Galaxy A35 n\u2019a pas peur des \u00e9claboussures ni de la pluie avec sa certification IP67 et sa conception robuste. Son stockage de 128 Go peut \u00eatre \u00e9tendu \u00e0 1 To via une carte SD vendue s\u00e9par\u00e9ment pour stocker tous vos souvenirs et vos documents les plus importants. Il profite d\u2019un syst\u00e8me de charge rapide pour lui donner un boost d\u2019\u00e9nergie en quelques minutes seulement. Il est prot\u00e9g\u00e9 des chocs et des rayures par un verre r\u00e9sistant\u00a0: le Corning Gorilla Glass Victus +. Vos vid\u00e9os et vos jeux paraissent plus fluides et r\u00e9actifs gr\u00e2ce au taux de rafra\u00eechissement de 120\u00a0Hz du Samsung Galaxy A35. Il b\u00e9n\u00e9ficie d\u2019une luminosit\u00e9 capable d\u2019atteindre 1000 nits pour une utilisation facilit\u00e9e et une lecture claire en plein soleil et en ext\u00e9rieur. Son capteur principal de 50 Mp assure des prises de vue impeccables et un rendu fid\u00e8le \u00e0 l\u2019original.<\/p>\n<p><a class=\"btn\" href=\"https:\/\/fnty.co\/c\/r-FojRXvaS\" target=\"_blank\" rel=\"nofollow sponsored noopener\">Cliquez ici pour profiter de l\u2019offre Electro D\u00e9pot sur le Samsung Galaxy A35<\/a><\/p>\n<p>\u00a0<\/p>\n<p><strong>\u00bb \u00c0 lire aussi\u00a0: <\/strong>Elles viennent de d\u00e9barquer chez Electro D\u00e9p\u00f4t\u00a0: d\u00e9couvrez ces <a href=\"https:\/\/www.ladepeche.fr\/2025\/09\/03\/elles-viennent-de-debarquer-chez-electro-depot-decouvrez-ces-5-offres-delectromenagers-a-moins-de-150-euros-12905899.php\" target=\"_blank\" rel=\"nofollow sponsored noopener\">5 offres d\u2019\u00e9lectrom\u00e9nagers \u00e0 moins de 150\u00a0euros<\/a><\/p>\n<p class=\"article-full__shopping-info\">Ce contenu a \u00e9t\u00e9 r\u00e9dig\u00e9 par un expert de l\u2019\u00e9quipe La D\u00e9p\u00eache du Midi Shopping. Les prix mentionn\u00e9s sont fournis \u00e0 titre indicatif et peuvent \u00e9voluer.<br \/>\n                                    Certains articles peuvent comporter des liens affili\u00e9s pour lesquels La D\u00e9p\u00eache du Midi peut percevoir une commission si vous effectuez un achat.<\/p>\n","protected":false},"excerpt":{"rendered":"l&rsquo;essentiel Vous souhaitez passer des appels et profiter d\u2019une connexion stable \u00e0 chaque instant\u00a0? Alors, pensez \u00e0 ce&hellip;\n","protected":false},"author":2,"featured_media":370113,"comment_status":"","ping_status":"","sticky":false,"template":"","format":"standard","meta":{"footnotes":""},"categories":[1586],"tags":[11,1777,674,1779,1011,27,12,25,1778,364],"class_list":{"0":"post-370112","1":"post","2":"type-post","3":"status-publish","4":"format-standard","5":"has-post-thumbnail","7":"category-europe","8":"tag-actualites","9":"tag-eu","10":"tag-europe","11":"tag-european-union","12":"tag-fr","13":"tag-france","14":"tag-news","15":"tag-republique-francaise","16":"tag-ue","17":"tag-union-europeenne"},"share_on_mastodon":{"url":"https:\/\/pubeurope.com\/@fr\/115156219604220219","error":""},"_links":{"self":[{"href":"https:\/\/www.europesays.com\/fr\/wp-json\/wp\/v2\/posts\/370112","targetHints":{"allow":["GET"]}}],"collection":[{"href":"https:\/\/www.europesays.com\/fr\/wp-json\/wp\/v2\/posts"}],"about":[{"href":"https:\/\/www.europesays.com\/fr\/wp-json\/wp\/v2\/types\/post"}],"author":[{"embeddable":true,"href":"https:\/\/www.europesays.com\/fr\/wp-json\/wp\/v2\/users\/2"}],"replies":[{"embeddable":true,"href":"https:\/\/www.europesays.com\/fr\/wp-json\/wp\/v2\/comments?post=370112"}],"version-history":[{"count":0,"href":"https:\/\/www.europesays.com\/fr\/wp-json\/wp\/v2\/posts\/370112\/revisions"}],"wp:featuredmedia":[{"embeddable":true,"href":"https:\/\/www.europesays.com\/fr\/wp-json\/wp\/v2\/media\/370113"}],"wp:attachment":[{"href":"https:\/\/www.europesays.com\/fr\/wp-json\/wp\/v2\/media?parent=370112"}],"wp:term":[{"taxonomy":"category","embeddable":true,"href":"https:\/\/www.europesays.com\/fr\/wp-json\/wp\/v2\/categories?post=370112"},{"taxonomy":"post_tag","embeddable":true,"href":"https:\/\/www.europesays.com\/fr\/wp-json\/wp\/v2\/tags?post=370112"}],"curies":[{"name":"wp","href":"https:\/\/api.w.org\/{rel}","templated":true}]}}