{"id":370116,"date":"2025-09-06T07:41:15","date_gmt":"2025-09-06T07:41:15","guid":{"rendered":"https:\/\/www.europesays.com\/fr\/370116\/"},"modified":"2025-09-06T07:41:15","modified_gmt":"2025-09-06T07:41:15","slug":"je-nai-pas-pense-a-ces-gens-se-defend-linfluenceur-qui-piquait-les-passants-pour-la-blague","status":"publish","type":"post","link":"https:\/\/www.europesays.com\/fr\/370116\/","title":{"rendered":"\u00ab\u00a0Je n\u2019ai pas pens\u00e9 \u00e0 ces gens\u00a0\u00bb se d\u00e9fend l\u2019influenceur qui piquait les passants pour la blague"},"content":{"rendered":"<p>Un <a href=\"https:\/\/www.20minutes.fr\/arts-stars\/web\/influenceur\/\" target=\"_blank\" class=\"c-link c-link--is-underlined\" rel=\"nofollow noopener\">influenceur<\/a> \u00e9tait jug\u00e9 \u00e0 <a href=\"https:\/\/www.20minutes.fr\/paris\/\" target=\"_blank\" class=\"c-link c-link--is-underlined\" rel=\"nofollow noopener\">Paris<\/a>, vendredi, pour avoir effray\u00e9 des passants en les piquant durant la <a href=\"https:\/\/www.20minutes.fr\/dossier\/fete_de_la_musique\" target=\"_blank\" class=\"c-link c-link--is-underlined\" rel=\"nofollow noopener\">F\u00eate de la musique<\/a> avec une seringue vide, dans le cadre de vid\u00e9os <a href=\"https:\/\/www.20minutes.fr\/high-tech\/tiktok\/\" target=\"_blank\" class=\"c-link c-link--is-underlined\" rel=\"nofollow noopener\">TikTok<\/a> mises en sc\u00e8ne comme des \u00ab\u00a0pranks\u00a0\u00bb. Le parquet a requis vendredi\u00a015 mois de prison, dont cinq avec sursis, en demandant que la partie ferme soit purg\u00e9e sous la forme d\u2019une d\u00e9tention \u00e0 domicile avec <a href=\"https:\/\/www.20minutes.fr\/dossier\/bracelet_electronique\" target=\"_blank\" class=\"c-link c-link--is-underlined\" rel=\"nofollow noopener\">bracelet \u00e9lectronique<\/a>.<\/p>\n<p>A l\u2019audience, le tribunal a visionn\u00e9 l\u2019une des s\u00e9quences film\u00e9es en juin\u00a0: un jeune homme masqu\u00e9 s\u2019approche d\u2019un passant, lui plante une seringue par surprise, puis le poursuit dans la rue. La victime, un quinquag\u00e9naire, a d\u00e9pos\u00e9 plainte et obtenu sept jours d\u2019ITT pour choc traumatique. Plusieurs autres <a href=\"https:\/\/www.20minutes.fr\/dossier\/video\" target=\"_blank\" class=\"c-link c-link--is-underlined\" rel=\"nofollow noopener\">vid\u00e9os<\/a> avaient \u00e9t\u00e9 tourn\u00e9es dans les rues de la capitale, sans qu\u2019aucun autre plaignant ne se manifeste.<\/p>\n<\/p>\n<p>Verdict attendu pour le 3\u00a0octobre<\/p>\n<p>Le pr\u00e9venu, Ilan M., 27 ans, alias <a href=\"https:\/\/www.20minutes.fr\/justice\/4160801-20250627-piqures-fete-musique-mojito-soupconne-etre-piqueur-serie-juge-paris\" target=\"_blank\" class=\"c-link c-link--is-underlined\" rel=\"nofollow noopener\">\u00ab\u00a0Mojito\u00a0\u00bb<\/a> pour ses milliers d\u2019abonn\u00e9s, s\u2019est montr\u00e9 repentant\u00a0: \u00ab\u00a0Je n\u2019ai pas pens\u00e9 \u00e0 ces gens, je leur ai fait peur\u00a0\u00bb, a-t-il reconnu, admettant la \u00ab\u00a0violence\u00a0\u00bb de ses images. Il affirme avoir voulu regagner en visibilit\u00e9 pour lancer un programme sportif, en s\u2019inspirant de vid\u00e9os similaires tourn\u00e9es \u00e0 l\u2019\u00e9tranger. Malgr\u00e9 des millions de vues, il assure n\u2019avoir tir\u00e9 aucun b\u00e9n\u00e9fice financier de la plateforme.<\/p>\n<p><a href=\"https:\/\/www.20minutes.fr\/justice\/\" target=\"_blank\" class=\"c-link c-btn c-btn--primary\" rel=\"nofollow noopener\">Notre dossier Justice<\/a><\/p>\n<p>Le procureur a insist\u00e9 sur le danger de ces pratiques\u00a0: \u00ab\u00a0On ne peut pas tout accepter sur le th\u00e8me du divertissement, de la course au like\u00a0\u00bb, rappelant que ces vid\u00e9os intervenaient dans un contexte marqu\u00e9 par une vague de plaintes pour piq\u00fbres anonymes, notamment lors de la F\u00eate de la musique. Pour la d\u00e9fense, il ne s\u2019agissait que de \u00ab\u00a0blagues pas dr\u00f4les\u00a0\u00bb, qui pourraient relever au plus d\u2019une contravention. Le verdict sera rendu le 3\u00a0octobre.<\/p>\n","protected":false},"excerpt":{"rendered":"Un influenceur \u00e9tait jug\u00e9 \u00e0 Paris, vendredi, pour avoir effray\u00e9 des passants en les piquant durant la F\u00eate&hellip;\n","protected":false},"author":2,"featured_media":370117,"comment_status":"","ping_status":"","sticky":false,"template":"","format":"standard","meta":{"footnotes":""},"categories":[2],"tags":[47,11,25885,1011,27,662,2438,303,12,626,25,2439,809],"class_list":{"0":"post-370116","1":"post","2":"type-post","3":"status-publish","4":"format-standard","5":"has-post-thumbnail","7":"category-actualites","8":"tag-actualite","9":"tag-actualites","10":"tag-fete-de-la-musique","11":"tag-fr","12":"tag-france","13":"tag-ile-de-france","14":"tag-influenceur","15":"tag-justice","16":"tag-news","17":"tag-paris","18":"tag-republique-francaise","19":"tag-tiktok","20":"tag-violence"},"share_on_mastodon":{"url":"https:\/\/pubeurope.com\/@fr\/115156227434015642","error":""},"_links":{"self":[{"href":"https:\/\/www.europesays.com\/fr\/wp-json\/wp\/v2\/posts\/370116","targetHints":{"allow":["GET"]}}],"collection":[{"href":"https:\/\/www.europesays.com\/fr\/wp-json\/wp\/v2\/posts"}],"about":[{"href":"https:\/\/www.europesays.com\/fr\/wp-json\/wp\/v2\/types\/post"}],"author":[{"embeddable":true,"href":"https:\/\/www.europesays.com\/fr\/wp-json\/wp\/v2\/users\/2"}],"replies":[{"embeddable":true,"href":"https:\/\/www.europesays.com\/fr\/wp-json\/wp\/v2\/comments?post=370116"}],"version-history":[{"count":0,"href":"https:\/\/www.europesays.com\/fr\/wp-json\/wp\/v2\/posts\/370116\/revisions"}],"wp:featuredmedia":[{"embeddable":true,"href":"https:\/\/www.europesays.com\/fr\/wp-json\/wp\/v2\/media\/370117"}],"wp:attachment":[{"href":"https:\/\/www.europesays.com\/fr\/wp-json\/wp\/v2\/media?parent=370116"}],"wp:term":[{"taxonomy":"category","embeddable":true,"href":"https:\/\/www.europesays.com\/fr\/wp-json\/wp\/v2\/categories?post=370116"},{"taxonomy":"post_tag","embeddable":true,"href":"https:\/\/www.europesays.com\/fr\/wp-json\/wp\/v2\/tags?post=370116"}],"curies":[{"name":"wp","href":"https:\/\/api.w.org\/{rel}","templated":true}]}}