{"id":370118,"date":"2025-09-06T07:42:17","date_gmt":"2025-09-06T07:42:17","guid":{"rendered":"https:\/\/www.europesays.com\/fr\/370118\/"},"modified":"2025-09-06T07:42:17","modified_gmt":"2025-09-06T07:42:17","slug":"en-ile-de-france-la-rentree-sans-manuels-scolaires-inquiete","status":"publish","type":"post","link":"https:\/\/www.europesays.com\/fr\/370118\/","title":{"rendered":"en \u00cele-de-France, la\u00a0rentr\u00e9e sans manuels scolaires inqui\u00e8te"},"content":{"rendered":"<p>La fin du manuel scolaire est-elle proche\u00a0? C&rsquo;est le sentiment qui domine dans les lyc\u00e9es publics d&rsquo;\u00cele-de-France. Cette semaine, la majorit\u00e9 des \u00e9l\u00e8ves de seconde, premi\u00e8re et terminale de la r\u00e9gion parisienne ont fait leur rentr\u00e9e sans manuels scolaires. \u00c0 la place\u00a0: un acc\u00e8s \u00e0 un agr\u00e9gat de contenus num\u00e9riques \u00e9clat\u00e9s et libres de droits propos\u00e9s sur une plateforme unique baptis\u00e9e Pearltrees.<\/p>\n<p>\u00ab\u00a0L&rsquo;id\u00e9e est de permettre aux enseignants de piocher dans ces contenus vari\u00e9s \u2013 textes, images, sons, vid\u00e9os, quiz, exercices,\u00a0etc. \u2013 et de les agr\u00e9ger ensemble, gr\u00e2ce \u00e0 l&rsquo;intelligence artificielle, pour constituer leur cours comme ils le souhaitent, de mani\u00e8re interactive\u00a0\u00bb, indique James Ch\u00e9ron, vice-pr\u00e9sident du conseil r\u00e9gional d&rsquo;\u00cele-de-France, qui a opt\u00e9 pour le portail Pearltrees \u00e0 l&rsquo;issue&#8230;<\/p>\n<p>Toute l\u2019actualit\u00e9 \u00e0 1\u20ac le premier mois<\/p>\n<p><a href=\"https:\/\/abo.lepoint.fr\/?provenance=21EDI020098\" class=\"btn\" title=\"S&#039;abonner\" data-gtm=\"click:abo|display:abo\" data-campaign=\"paywall_maison\" rel=\"nofollow noopener\" target=\"_blank\">S&rsquo;abonner<\/a><\/p>\n<p>ou<\/p>\n<p>Le point du soir<\/p>\n<p class=\"period\">Tous les soirs \u00e0 partir de 18h<\/p>\n<p>Recevez l\u2019information analys\u00e9e et d\u00e9crypt\u00e9e par la r\u00e9daction du Point.<\/p>\n<p>Merci !<br \/>Votre inscription a bien \u00e9t\u00e9 prise en compte avec l&rsquo;adresse email :<\/p>\n<p>Pour d\u00e9couvrir toutes nos autres newsletters, rendez-vous ici : <a href=\"https:\/\/moncompte.lepoint.fr\/\" title=\"\" rel=\"nofollow noopener\" target=\"_blank\">MonCompte<\/a><\/p>\n<p>En vous inscrivant, vous acceptez les <a href=\"https:\/\/www.lepoint.fr\/html\/cgu\/\" title=\"Conditions g\u00e9n\u00e9rales d&#039;utilisation\" rel=\"nofollow noopener\" target=\"_blank\">conditions g\u00e9n\u00e9rales d\u2019utilisations<\/a> et notre <a href=\"https:\/\/www.lepoint.fr\/html\/politique-de-protection-donnees-personnelles\/\" title=\"Politique de confidentialit\u00e9\" rel=\"nofollow noopener\" target=\"_blank\">politique de confidentialit\u00e9<\/a>.<\/p>\n","protected":false},"excerpt":{"rendered":"La fin du manuel scolaire est-elle proche\u00a0? C&rsquo;est le sentiment qui domine dans les lyc\u00e9es publics d&rsquo;\u00cele-de-France. Cette&hellip;\n","protected":false},"author":2,"featured_media":370119,"comment_status":"","ping_status":"","sticky":false,"template":"","format":"standard","meta":{"footnotes":""},"categories":[4],"tags":[11,1057,1011,27,12,25],"class_list":{"0":"post-370118","1":"post","2":"type-post","3":"status-publish","4":"format-standard","5":"has-post-thumbnail","7":"category-france","8":"tag-actualites","9":"tag-education","10":"tag-fr","11":"tag-france","12":"tag-news","13":"tag-republique-francaise"},"share_on_mastodon":{"url":"https:\/\/pubeurope.com\/@fr\/115156231481292392","error":""},"_links":{"self":[{"href":"https:\/\/www.europesays.com\/fr\/wp-json\/wp\/v2\/posts\/370118","targetHints":{"allow":["GET"]}}],"collection":[{"href":"https:\/\/www.europesays.com\/fr\/wp-json\/wp\/v2\/posts"}],"about":[{"href":"https:\/\/www.europesays.com\/fr\/wp-json\/wp\/v2\/types\/post"}],"author":[{"embeddable":true,"href":"https:\/\/www.europesays.com\/fr\/wp-json\/wp\/v2\/users\/2"}],"replies":[{"embeddable":true,"href":"https:\/\/www.europesays.com\/fr\/wp-json\/wp\/v2\/comments?post=370118"}],"version-history":[{"count":0,"href":"https:\/\/www.europesays.com\/fr\/wp-json\/wp\/v2\/posts\/370118\/revisions"}],"wp:featuredmedia":[{"embeddable":true,"href":"https:\/\/www.europesays.com\/fr\/wp-json\/wp\/v2\/media\/370119"}],"wp:attachment":[{"href":"https:\/\/www.europesays.com\/fr\/wp-json\/wp\/v2\/media?parent=370118"}],"wp:term":[{"taxonomy":"category","embeddable":true,"href":"https:\/\/www.europesays.com\/fr\/wp-json\/wp\/v2\/categories?post=370118"},{"taxonomy":"post_tag","embeddable":true,"href":"https:\/\/www.europesays.com\/fr\/wp-json\/wp\/v2\/tags?post=370118"}],"curies":[{"name":"wp","href":"https:\/\/api.w.org\/{rel}","templated":true}]}}