{"id":370125,"date":"2025-09-06T07:48:12","date_gmt":"2025-09-06T07:48:12","guid":{"rendered":"https:\/\/www.europesays.com\/fr\/370125\/"},"modified":"2025-09-06T07:48:12","modified_gmt":"2025-09-06T07:48:12","slug":"la-grille-de-depart-du-grand-prix-de-catalogne-2025","status":"publish","type":"post","link":"https:\/\/www.europesays.com\/fr\/370125\/","title":{"rendered":"La grille de d\u00e9part du Grand Prix de Catalogne 2025"},"content":{"rendered":"<p style=\"text-align: justify;\"><strong>Retrouvez la grille de d\u00e9part du Grand Prix de Catalogne 2025 de MotoGP sur le circuit de Catalunya \u00e0 Barcelone, apr\u00e8s les qualifications de ce samedi 6 septembre 2025.<\/strong><\/p>\n<p style=\"text-align: justify;\">\u00c0 l\u2019issue des qualifications ce<strong> samedi 6 septembre<\/strong>, d\u00e9couvrez la <strong data-start=\"78\" data-end=\"107\">grille de d\u00e9part compl\u00e8te<\/strong> du <strong data-start=\"111\" data-end=\"143\">Grand Prix de Catalogne de MotoGP 2025 sur le circuit de Catalunya \u00e0 Barcelone<\/strong>. D\u00e9couvrez les positions des pilotes, dont celle des Fran\u00e7ais <strong>Fabio Quartararo<\/strong> (Yamaha Monster Energy) et <strong>Johann Zarco<\/strong> (LCR-Honda). Qui va partir depuis la pole position sur le circuit catalan ? D\u00e9but de la Q1 \u00e0 10h50, d\u00e9but de la Q2 \u00e0 11h15.<\/p>\n<p style=\"text-align: justify;\"><strong>Pour rappel, la grille de d\u00e9part est valable pour la course sprint du samedi, ainsi que pour le Grand Prix du dimanche.\u00a0<\/strong><\/p>\n<p>Grille de d\u00e9part du Grand Prix de Catalogne MotoGP 2025<br \/>Grille officielle mise \u00e0 jour \u00e0 l\u2019issue des qualifications.<\/p>\n<tr>\n<td style=\"vertical-align: top; text-align: center; border-style: none; width: 266.66px; height: 120px; background-color: #ffffff;\"><strong><br \/>1.<\/strong><\/td>\n<td style=\"vertical-align: middle; text-align: center; border-style: none; width: 266.66px; height: 100px; background-color: #ffffff;\"><strong><br \/>2.<\/strong><\/td>\n<td style=\"vertical-align: bottom; text-align: center; border-style: none; width: 266.66px; height: 100px; background-color: #ffffff;\"><strong><br \/>3.<\/strong><\/td>\n<\/tr>\n<tr>\n<td style=\"text-align: center; border-style: none; vertical-align: top; width: 266.66px; height: 120px; background-color: #ffffff;\"><strong><br \/>4.<\/strong><\/td>\n<td style=\"text-align: center; border-style: none; vertical-align: middle; width: 266.66px; height: 100px; background-color: #ffffff;\"><strong><br \/>5.<\/strong><\/td>\n<td style=\"text-align: center; border-style: none; vertical-align: bottom; width: 266.66px; height: 100px; background-color: #ffffff;\"><strong><br \/>6.<\/strong><\/td>\n<\/tr>\n<tr>\n<td style=\"text-align: center; border-style: none; vertical-align: top; width: 266.66px; height: 120px; background-color: #ffffff;\"><strong><br \/>7.<\/strong><\/td>\n<td style=\"text-align: center; border-style: none; vertical-align: middle; width: 266.66px; height: 100px; background-color: #ffffff;\"><strong><br \/>8.<\/strong><\/td>\n<td style=\"text-align: center; border-style: none; vertical-align: bottom; width: 266.66px; height: 100px; background-color: #ffffff;\"><strong><br \/>9.<\/strong><\/td>\n<\/tr>\n<tr>\n<td style=\"text-align: center; border-style: none; vertical-align: top; width: 266.66px; height: 120px; background-color: #ffffff;\"><strong><br \/>10.<\/strong><\/td>\n<td style=\"text-align: center; border-style: none; vertical-align: middle; width: 266.66px; height: 100px; background-color: #ffffff;\"><strong><br \/>11.<\/strong><\/td>\n<td style=\"text-align: center; border-style: none; vertical-align: bottom; width: 266.66px; height: 100px; background-color: #ffffff;\"><strong><br \/>12.<\/strong><\/td>\n<\/tr>\n<tr>\n<td style=\"text-align: center; border-style: none; vertical-align: top; width: 266.66px; height: 120px; background-color: #ffffff;\"><strong><br \/>13.<\/strong><\/td>\n<td style=\"text-align: center; border-style: none; vertical-align: middle; width: 266.66px; height: 100px; background-color: #ffffff;\"><strong><br \/>14.<\/strong><\/td>\n<td style=\"text-align: center; border-style: none; vertical-align: bottom; width: 266.66px; height: 100px; background-color: #ffffff;\"><strong><br \/>15.<\/strong><\/td>\n<\/tr>\n<tr>\n<td style=\"text-align: center; border-style: none; vertical-align: top; width: 266.66px; height: 120px; background-color: #ffffff;\"><strong><br \/>16.<\/strong><\/td>\n<td style=\"text-align: center; border-style: none; vertical-align: middle; width: 266.66px; height: 100px; background-color: #ffffff;\"><strong><br \/>17.<\/strong><\/td>\n<td style=\"text-align: center; border-style: none; vertical-align: bottom; width: 266.66px; height: 100px; background-color: #ffffff;\"><strong><br \/>18.<\/strong><\/td>\n<\/tr>\n<tr>\n<td style=\"text-align: center; border-style: none; vertical-align: top; width: 266.66px; height: 120px; background-color: #ffffff;\"><strong><br \/>19.<\/strong><\/td>\n<td style=\"text-align: center; border-style: none; vertical-align: middle; width: 266.66px; height: 100px; background-color: #ffffff;\"><strong><br \/>20.<\/strong><\/td>\n<td style=\"text-align: center; border-style: none; vertical-align: bottom; width: 266.66px; height: 100px; background-color: #ffffff;\"><strong><br \/>21.<\/strong><\/td>\n<\/tr>\n<tr>\n<td style=\"text-align: center; border-style: none; vertical-align: top; width: 266.66px; height: 120px; background-color: #ffffff;\"><strong><br \/>22.<\/strong><\/td>\n<td style=\"text-align: center; border-style: none; vertical-align: middle; width: 266.66px; height: 100px; background-color: #ffffff;\"><strong><br \/>23.<\/strong><\/td>\n<td style=\"text-align: center; border-style: none; vertical-align: bottom; width: 266.66px; height: 100px; background-color: #ffffff;\"><strong><br \/>24.<\/strong><\/td>\n<\/tr>\n<p>\u00c0 lire aussi<\/p>\n","protected":false},"excerpt":{"rendered":"Retrouvez la grille de d\u00e9part du Grand Prix de Catalogne 2025 de MotoGP sur le circuit de Catalunya&hellip;\n","protected":false},"author":2,"featured_media":370126,"comment_status":"","ping_status":"","sticky":false,"template":"","format":"standard","meta":{"footnotes":""},"categories":[1413],"tags":[2113,1011,27,50435,1457,1456,1458,50436,60],"class_list":{"0":"post-370125","1":"post","2":"type-post","3":"status-publish","4":"format-standard","5":"has-post-thumbnail","7":"category-moto","8":"tag-breve","9":"tag-fr","10":"tag-france","11":"tag-grand-prix-de-catalogne-motogp","12":"tag-moto","13":"tag-motocycle","14":"tag-motogp","15":"tag-motogp-catalogne","16":"tag-sports"},"share_on_mastodon":{"url":"https:\/\/pubeurope.com\/@fr\/115156254980489085","error":""},"_links":{"self":[{"href":"https:\/\/www.europesays.com\/fr\/wp-json\/wp\/v2\/posts\/370125","targetHints":{"allow":["GET"]}}],"collection":[{"href":"https:\/\/www.europesays.com\/fr\/wp-json\/wp\/v2\/posts"}],"about":[{"href":"https:\/\/www.europesays.com\/fr\/wp-json\/wp\/v2\/types\/post"}],"author":[{"embeddable":true,"href":"https:\/\/www.europesays.com\/fr\/wp-json\/wp\/v2\/users\/2"}],"replies":[{"embeddable":true,"href":"https:\/\/www.europesays.com\/fr\/wp-json\/wp\/v2\/comments?post=370125"}],"version-history":[{"count":0,"href":"https:\/\/www.europesays.com\/fr\/wp-json\/wp\/v2\/posts\/370125\/revisions"}],"wp:featuredmedia":[{"embeddable":true,"href":"https:\/\/www.europesays.com\/fr\/wp-json\/wp\/v2\/media\/370126"}],"wp:attachment":[{"href":"https:\/\/www.europesays.com\/fr\/wp-json\/wp\/v2\/media?parent=370125"}],"wp:term":[{"taxonomy":"category","embeddable":true,"href":"https:\/\/www.europesays.com\/fr\/wp-json\/wp\/v2\/categories?post=370125"},{"taxonomy":"post_tag","embeddable":true,"href":"https:\/\/www.europesays.com\/fr\/wp-json\/wp\/v2\/tags?post=370125"}],"curies":[{"name":"wp","href":"https:\/\/api.w.org\/{rel}","templated":true}]}}