{"id":370129,"date":"2025-09-06T07:50:12","date_gmt":"2025-09-06T07:50:12","guid":{"rendered":"https:\/\/www.europesays.com\/fr\/370129\/"},"modified":"2025-09-06T07:50:12","modified_gmt":"2025-09-06T07:50:12","slug":"le-parcours-et-le-profil-de-la-14e-etape-du-tour-despagne-ce-samedi-6-septembre","status":"publish","type":"post","link":"https:\/\/www.europesays.com\/fr\/370129\/","title":{"rendered":"Le parcours et le profil de la 14e \u00e9tape du Tour d\u2019Espagne ce samedi 6\u00a0septembre"},"content":{"rendered":"<p>La 14e \u00e9tape de la <a href=\"https:\/\/www.20minutes.fr\/sport\/vuelta\/\" class=\"c-link c-link--is-underlined\" rel=\"nofollow noopener\" target=\"_blank\">Vuelta<\/a> 2025 (Avil\u00e9s et La Farrapona. &#8211; Lagos de Somiedo) devrait rappeler celle de vendredi au vu du profil propos\u00e9. La course s\u2019\u00e9tend sur 135.9 kilom\u00e8ters et les coureurs devront n\u00e9gocier 3805 de d\u00e9nivel\u00e9 positif en montagne. Les deux plus hauts sommets seront \u00e0 gravir sur le final.<\/p>\n<p>\u00c0 quelle heure et sur quelle cha\u00eene voir la 14e \u00e9tape de la Vuelta 2025<\/p>\n<p>La course entre Avil\u00e9s et La Farrapona sera diffus\u00e9e d\u00e8s 13h50, le samedi 6\u00a0septembre 2025, en direct sur <a href=\"https:\/\/www.20minutes.fr\/dossier\/eurosport\" class=\"c-link c-link--is-underlined\" rel=\"nofollow noopener\" target=\"_blank\">Eurosport<\/a>.<\/p>\n<p>Le profil de la 14e \u00e9tape de la Vuelta 2025<img decoding=\"async\" alt=\"Le profil de la 14e \u00e9tape de la Vuelta 2025\" class=\"c-img\" loading=\"lazy\" fetchpriority=\"auto\" width=\"718\"  src=\"https:\/\/img.20mn.fr\/SYikyX2vQaCv81CeKNHK_Sk\/718x0\" \/>Le profil de la 14e \u00e9tape de la Vuelta 2025\u2002-\u00a0SOURCE ASOLe parcours de la 14e \u00e9tape de la Vuelta 2025<\/p>\n<p>Ce deuxi\u00e8me jour dans les montagnes des Asturies devrait \u00e0 nouveau mettre les organismes des coureurs \u00e0 rude \u00e9preuve. Le d\u00e9part sera donn\u00e9 dans la ville d\u2019Avil\u00e9s, c\u00e9l\u00e8bre pour son port. Apr\u00e8s 63 kilom\u00e8tres de petites bosses, entre Posada, Veiga d\u2019Anzu et Las Caldas, les coureurs devront gravir l\u2019Alto Tenebreo (5,8 km \u00e0 6,5\u00a0%). Puis viendra le tour de la courte descente sur Proaza.<\/p>\n<p>Jusqu\u2019au Puerto de San Lorenzo, un faux plat montant devra \u00eatre n\u00e9goci\u00e9, sur 10 kilom\u00e8tres (8,6\u00a0%, avec certains passages \u00e0 13\u00a0%). Ensuite, il faudra rouler 10 nouveaux kilom\u00e8tres en faux plat montant vers l\u2019Alto de la Farrapona (16,5 kilom\u00e8tres \u00e0 6,2\u00a0% de moyenne). Les passages les plus difficiles seront encore \u00e0 13\u00a0%. En\u00a02020, c\u2019est <a href=\"https:\/\/www.20minutes.fr\/sport\/david-gaudu\/\" class=\"c-link c-link--is-underlined\" rel=\"nofollow noopener\" target=\"_blank\">David Gaudu<\/a> qui s\u2019\u00e9tait impos\u00e9 devant Marc Soler \u00e0 La Farrapona. On signerait pour le m\u00eame sc\u00e9nario samedi. <\/p>\n<p>On devrait plut\u00f4t s&rsquo;attendre \u00e0 un nouveau mano a mano entre Joao Almeida (UAE Team Emirates-XRG) et Jonas Vingegaard (Visma | Lease a Bike). Le Danois poss\u00e8de 46 secondes d&rsquo;avance sur son dauphin au classement g\u00e9n\u00e9ral.<\/p>\n<p>Le Top 6 du classement g\u00e9n\u00e9ral avant la 14e \u00e9tape de la Vuelta<\/p>\n<ol>\n<li>Jonas Vingegaard &#8211; Visma Lease a Bike &#8211; 49h30&rsquo;54\u00a0\u00bb<\/li>\n<li>Jo\u00e3o Almeida &#8211; UAE Team Emirates \u00e0 46\u00a0\u00bb<\/li>\n<li>Thomas Pidcock &#8211; Q36.5 \u00e0 02&rsquo;18\u00a0\u00bb<\/li>\n<li>Jai Hindley &#8211; RedBull &#8211; Bora-Hansgrohe \u00e0 03&rsquo;00\u00a0\u00bb<\/li>\n<li>Felix Gall &#8211; Decathlon AG2R La Mondiale \u00e0 03&rsquo;15\u00a0\u00bb<\/li>\n<li>Giulio Pellizzari &#8211; RedBull &#8211; Bora-Hansgrohe \u00e0 04&rsquo;01\u00a0\u00bb<\/li>\n<\/ol>\n","protected":false},"excerpt":{"rendered":"La 14e \u00e9tape de la Vuelta 2025 (Avil\u00e9s et La Farrapona. &#8211; Lagos de Somiedo) devrait rappeler celle&hellip;\n","protected":false},"author":2,"featured_media":370130,"comment_status":"","ping_status":"","sticky":false,"template":"","format":"standard","meta":{"footnotes":""},"categories":[1411],"tags":[1154,207,1011,27,27884,2723,517,60,47885],"class_list":{"0":"post-370129","1":"post","2":"type-post","3":"status-publish","4":"format-standard","5":"has-post-thumbnail","7":"category-cyclisme","8":"tag-cycling","9":"tag-cyclisme","10":"tag-fr","11":"tag-france","12":"tag-jonas-vingegaard","13":"tag-pyrenees","14":"tag-sport","15":"tag-sports","16":"tag-vuelta"},"share_on_mastodon":{"url":"https:\/\/pubeurope.com\/@fr\/115156263163252916","error":""},"_links":{"self":[{"href":"https:\/\/www.europesays.com\/fr\/wp-json\/wp\/v2\/posts\/370129","targetHints":{"allow":["GET"]}}],"collection":[{"href":"https:\/\/www.europesays.com\/fr\/wp-json\/wp\/v2\/posts"}],"about":[{"href":"https:\/\/www.europesays.com\/fr\/wp-json\/wp\/v2\/types\/post"}],"author":[{"embeddable":true,"href":"https:\/\/www.europesays.com\/fr\/wp-json\/wp\/v2\/users\/2"}],"replies":[{"embeddable":true,"href":"https:\/\/www.europesays.com\/fr\/wp-json\/wp\/v2\/comments?post=370129"}],"version-history":[{"count":0,"href":"https:\/\/www.europesays.com\/fr\/wp-json\/wp\/v2\/posts\/370129\/revisions"}],"wp:featuredmedia":[{"embeddable":true,"href":"https:\/\/www.europesays.com\/fr\/wp-json\/wp\/v2\/media\/370130"}],"wp:attachment":[{"href":"https:\/\/www.europesays.com\/fr\/wp-json\/wp\/v2\/media?parent=370129"}],"wp:term":[{"taxonomy":"category","embeddable":true,"href":"https:\/\/www.europesays.com\/fr\/wp-json\/wp\/v2\/categories?post=370129"},{"taxonomy":"post_tag","embeddable":true,"href":"https:\/\/www.europesays.com\/fr\/wp-json\/wp\/v2\/tags?post=370129"}],"curies":[{"name":"wp","href":"https:\/\/api.w.org\/{rel}","templated":true}]}}