{"id":370139,"date":"2025-09-06T07:55:10","date_gmt":"2025-09-06T07:55:10","guid":{"rendered":"https:\/\/www.europesays.com\/fr\/370139\/"},"modified":"2025-09-06T07:55:10","modified_gmt":"2025-09-06T07:55:10","slug":"audiences-prime-lequipe-de-france-a-battu-lukraine-en-pologne-hier-soir-sur-tf1-mais-devant-combien-de-telespectateurs-la-capitaine-marleau-a-t-elle-resiste-sur-france-2","status":"publish","type":"post","link":"https:\/\/www.europesays.com\/fr\/370139\/","title":{"rendered":"Audiences Prime: L\u2019\u00e9quipe de France a battu l\u2019Ukraine en Pologne, hier soir sur TF1, mais devant combien de t\u00e9l\u00e9spectateurs ? La Capitaine Marleau a-t-elle r\u00e9sist\u00e9 sur France 2 ?"},"content":{"rendered":"<p>Hier soir, TF1 diffusait le match de football : Ukraine\/France, comment\u00e9 par Gr\u00e9goire Margotton et Bixente Lizarazu. Apr\u00e8s leur troisi\u00e8me place en Ligue des Nations la saison derni\u00e8re, cap d\u00e9sormais sur la Coupe du Monde la FIFA 2026 pour les Bleus !<\/p>\n<p>Pour faire partie des 48 \u00e9quipes qualifi\u00e9es pour la comp\u00e9tition, les hommes de Didier Deschamps devront passer l&rsquo;\u00e9tape des \u00e9liminatoires europ\u00e9ens.<\/p>\n<p>Dans le groupe D, ils feront face \u00e0 l&rsquo;Ukraine, l&rsquo;Islande et l&rsquo;Azerba\u00efdjan pour 6 matchs au total.<\/p>\n<p>Hier soir, l\u2019\u00e9quipe de France a bien d\u00e9but\u00e9 sa campagne de qualifications pour la Coupe du monde 2026 en s\u2019imposant 2-0 contre l\u2019Ukraine \u00e0 Wroclaw (Pologne).<\/p>\n<p>Largement dominateurs, les Bleus ont obtenu un succ\u00e8s pr\u00e9cieux face \u00e0 l\u2019adversaire le plus coriace de leur groupe, qui leur permet d\u2019aborder de mani\u00e8re favorable la s\u00e9rie de six rencontres qu\u2019ils ont \u00e0 disputer d\u2019ici au 16 novembre.<\/p>\n<p>\u00a0<\/p>\n<p>        Foot &#8211; Ukraine\/France<br \/>\n        25 % de PDA\n        <\/p>\n<p>        4 755 000<\/p>\n<p>        Capitaine Marleau<br \/>\n        18.9 % de PDA\n        <\/p>\n<p>        3 088 000<\/p>\n<p>        J&rsquo;en connais un rayon<br \/>\n        6.9 % de PDA\n        <\/p>\n<p>        1 183 000<\/p>\n<p>        Canada mania<br \/>\n        6.7 % de PDA\n        <\/p>\n<p>        1 067 000<\/p>\n<p>        Les routes de l&rsquo;impossible<br \/>\n        3.6 % de PDA\n        <\/p>\n<p>        619 000<\/p>\n<p>        La proposition<br \/>\n        3.9 % de PDA\n        <\/p>\n<p>        582 000<\/p>\n<p>        Burning Days<br \/>\n        3.3 % de PDA\n        <\/p>\n<p>        531 000<\/p>\n<p>        Enqu\u00eate d&rsquo;action<br \/>\n        2.8 % de PDA\n        <\/p>\n<p>        397 000<\/p>\n<p>        La tr\u00e8s tr\u00e8s grande classe<br \/>\n        2.4 % de PDA\n        <\/p>\n<p>        385 000<\/p>\n<p>        Le Bigdil<br \/>\n        1.8 % de PDA\n        <\/p>\n<p>        301 000<\/p>\n<p>        J&rsquo;irai dormir chez vous<br \/>\n        1.7 % de PDA\n        <\/p>\n<p>        262 000<\/p>\n<p>        New York, unit\u00e9 sp\u00e9ciale<br \/>\n        1.5 % de PDA\n        <\/p>\n<p>        256 000<\/p>\n<p>        Hawaii 5-0<br \/>\n        1.5 % de PDA\n        <\/p>\n<p>        255 000<\/p>\n<p>        Le grand b\u00eatisier des animaux<br \/>\n        1.4 % de PDA\n        <\/p>\n<p>        225 000<\/p>\n<p>        Follement d\u00e9co<br \/>\n        0.7 % de PDA\n        <\/p>\n<p>        123 000<\/p>\n<p>        Animaux \u00e0 adopter<br \/>\n        0.4 % de PDA\n        <\/p>\n<p>        85 000<\/p>\n<p>  Le Top des parts de march\u00e9<\/p>\n","protected":false},"excerpt":{"rendered":"Hier soir, TF1 diffusait le match de football : Ukraine\/France, comment\u00e9 par Gr\u00e9goire Margotton et Bixente Lizarazu. Apr\u00e8s&hellip;\n","protected":false},"author":2,"featured_media":370140,"comment_status":"","ping_status":"","sticky":false,"template":"","format":"standard","meta":{"footnotes":""},"categories":[1356],"tags":[2367,58,59,1011,27,876,594,494,252,199,1364],"class_list":{"0":"post-370139","1":"post","2":"type-post","3":"status-publish","4":"format-standard","5":"has-post-thumbnail","7":"category-television","8":"tag-audiences","9":"tag-divertissement","10":"tag-entertainment","11":"tag-fr","12":"tag-france","13":"tag-france-3","14":"tag-france-2","15":"tag-m6","16":"tag-television","17":"tag-tf1","18":"tag-tv"},"share_on_mastodon":{"url":"https:\/\/pubeurope.com\/@fr\/115156282522210941","error":""},"_links":{"self":[{"href":"https:\/\/www.europesays.com\/fr\/wp-json\/wp\/v2\/posts\/370139","targetHints":{"allow":["GET"]}}],"collection":[{"href":"https:\/\/www.europesays.com\/fr\/wp-json\/wp\/v2\/posts"}],"about":[{"href":"https:\/\/www.europesays.com\/fr\/wp-json\/wp\/v2\/types\/post"}],"author":[{"embeddable":true,"href":"https:\/\/www.europesays.com\/fr\/wp-json\/wp\/v2\/users\/2"}],"replies":[{"embeddable":true,"href":"https:\/\/www.europesays.com\/fr\/wp-json\/wp\/v2\/comments?post=370139"}],"version-history":[{"count":0,"href":"https:\/\/www.europesays.com\/fr\/wp-json\/wp\/v2\/posts\/370139\/revisions"}],"wp:featuredmedia":[{"embeddable":true,"href":"https:\/\/www.europesays.com\/fr\/wp-json\/wp\/v2\/media\/370140"}],"wp:attachment":[{"href":"https:\/\/www.europesays.com\/fr\/wp-json\/wp\/v2\/media?parent=370139"}],"wp:term":[{"taxonomy":"category","embeddable":true,"href":"https:\/\/www.europesays.com\/fr\/wp-json\/wp\/v2\/categories?post=370139"},{"taxonomy":"post_tag","embeddable":true,"href":"https:\/\/www.europesays.com\/fr\/wp-json\/wp\/v2\/tags?post=370139"}],"curies":[{"name":"wp","href":"https:\/\/api.w.org\/{rel}","templated":true}]}}