{"id":370149,"date":"2025-09-06T08:00:11","date_gmt":"2025-09-06T08:00:11","guid":{"rendered":"https:\/\/www.europesays.com\/fr\/370149\/"},"modified":"2025-09-06T08:00:11","modified_gmt":"2025-09-06T08:00:11","slug":"nicolas-le-fils-unique-et-mal-aime-de-brigitte-bardot-et-jacques-charrier","status":"publish","type":"post","link":"https:\/\/www.europesays.com\/fr\/370149\/","title":{"rendered":"Nicolas, le fils unique et mal-aim\u00e9 de Brigitte Bardot et Jacques Charrier"},"content":{"rendered":"<p>L\u2019acteur Jacques Charrier est d\u00e9c\u00e9d\u00e9 \u00e0 88 ans ce jeudi 4 septembre. Il avait \u00e9t\u00e9 le second mari de la blonde sulfureuse \u00e0 la fin des ann\u00e9es 1950. Ensemble, ils ont eu un fils, Nicolas.<\/p>\n<p class=\"fig-paragraph\">\u00c0 88 ans, Jacques Charrier est d\u00e9c\u00e9d\u00e9 le 4 septembre dans la commune de Saint-Briac-sur-Mer (Ille-et-Vilaine), apr\u00e8s une vie riche pass\u00e9e devant l\u2019objectif des plus grands cin\u00e9astes. Beau brun t\u00e9n\u00e9breux aux faux airs d\u2019<a href=\"http:\/\/madame.lefigaro.fr\/celebrites\/actu-people\/aide-la-c-est-une-femme-pure-les-derniers-mots-d-alain-delon-pour-son-amie-brigitte-bardot-20250806\" data-fig-type=\"Article\" data-gtm-custom-categorie=\"navigation\" data-gtm-custom-action=\"crossclick\" data-gtm-custom-label=\"Contextuel\" data-gtm-event=\"customEventSPE\" data-fig-domain=\"MADAME\" target=\"_blank\" rel=\"noopener\">Alain Delon<\/a>, l\u2019acteur se fait conna\u00eetre en 1958 dans le film Les Tricheurs de Michel Carn\u00e9, avant d\u2019encha\u00eener plusieurs films notables comme Le plus vieux m\u00e9tier du monde de Jean-Luc Godard, ou Les Cr\u00e9atures, d\u2019Agn\u00e8s Varda. Mais il est aussi connu pour avoir \u00e9t\u00e9 le second \u00e9poux de\u00a0<a href=\"http:\/\/madame.lefigaro.fr\/celebrites\/actu-people\/aide-la-c-est-une-femme-pure-les-derniers-mots-d-alain-delon-pour-son-amie-brigitte-bardot-20250806\" data-fig-type=\"Article\" data-gtm-custom-categorie=\"navigation\" data-gtm-custom-action=\"crossclick\" data-gtm-custom-label=\"Contextuel\" data-gtm-event=\"customEventSPE\" data-fig-domain=\"MADAME\" target=\"_blank\" rel=\"noopener\">Brigitte Bardot\u00a0<\/a>qui, \u00e0 la fin des ann\u00e9es 1950, s\u2019\u00e9tait d\u00e9j\u00e0 hiss\u00e9e au rang de sex-symbol, depuis son apparition dans Et Dieu&#8230; cr\u00e9a la femme de Roger Vadim. Ensemble, ils ont eu Nicolas, l\u2019unique fils de B.B.<\/p>\n<p>Mariage et d\u00e9pression<\/p>\n<p class=\"fig-paragraph\">Jacques Charrier et Brigitte Bardot tombent sous le charme l\u2019un de l\u2019autre en 1958 sur le tournage de Babette s\u2019en va t\u2019en guerre, de Christian-Jaque. En 1959, les deux acteurs se marient lors d\u2019une c\u00e9r\u00e9monie \u00e0 Louveciennes. De nombreux photographes de Paris Match sont pr\u00e9sents pour couvrir l\u2019\u00e9v\u00e9nement, envahissant la salle de r\u00e9ception.<\/p>\n<p>                                    <a class=\"fig-a11y-skip a11y-hidden\" href=\"#fig-a11y-skip-main-inarticle\"><br \/>\n        Passer la publicit\u00e9<br \/>\n    <\/a><\/p>\n<p class=\"fig-paragraph\">Peu de temps apr\u00e8s, on propose \u00e0 Jacques Charrier le film Plein Soleil de Ren\u00e9 Cl\u00e9ment\u00a0: celui-ci refuse car Brigitte Bardot est enceinte et il souhaite rester aupr\u00e8s d\u2019elle. Alain Delon d\u00e9crochera le r\u00f4le et en janvier 1960, Jacques Charrier embrasse pour la premi\u00e8re fois son fils dans la chambre de l\u2019appartement du 71 avenue Paul-Doumer, dans le 16e arrondissement de Paris, o\u00f9 vit le couple.<\/p>\n<p class=\"fig-paragraph\">Nicolas est n\u00e9, mais le bonheur de ses parents est de courte dur\u00e9e. Le couple ne se comprend plus et se noie dans les disputes. Lui fait une d\u00e9pression, elle aurait tent\u00e9 de se suicider, comme le rapporte\u00a0<a href=\"https:\/\/www.liberation.fr\/culture\/cinema\/mort-de-jacques-charrier-acteur-dechu-et-ex-mari-de-bardot-20250904_OE5T7YDP4NBJ5K3XU3ZIKIDOIU\/\" target=\"_blank\" rel=\"sponsored noopener\" data-gtm-custom-categorie=\"navigation\" data-gtm-custom-action=\"crossclick\" data-gtm-custom-label=\"Contextuel\" data-gtm-event=\"customEventSPE\">Lib\u00e9ration<\/a> . Apr\u00e8s leur divorce en 1962, Jacques Charrier obtient la garde de Nicolas tandis que Brigitte Bardot, elle, poursuit son immense carri\u00e8re au cin\u00e9ma.<\/p>\n<p class=\"fig-body-link&#10;    \">\n            \u00c0 lire aussi<br \/>\n        <a class=\"fig-body-link__link\" href=\"http:\/\/madame.lefigaro.fr\/celebrites\/je-ne-suis-pas-d-accord-avec-elle-mais-ce-n-est-pas-grave-quand-thierry-fremaux-defend-le-festival-de-cannes-des-critiques-de-brigitte-bardot-20250512\" data-fig-type=\"Article\" data-gtm-custom-categorie=\"navigation\" data-gtm-custom-action=\"crossclick\" data-gtm-custom-label=\"Contextuel\" data-gtm-event=\"customEventSPE\" data-fig-domain=\"MADAME\" target=\"_blank\" rel=\"noopener\">\u00abJe ne suis pas d\u2019accord avec elle, mais ce n\u2019est pas grave\u00bb\u00a0: quand Thierry Fr\u00e9maux d\u00e9fend le Festival de Cannes des critiques de Brigitte Bardot<\/a>\n<\/p>\n<p>\u00abJ\u2019aurais pr\u00e9f\u00e9r\u00e9 accoucher d\u2019un petit chien\u00bb<\/p>\n<p class=\"fig-paragraph\">L\u2019actrice avait-elle seulement envie de devenir m\u00e8re\u00a0? La r\u00e9ponse est non et B.B, comme la presse l\u2019a toujours surnomm\u00e9e, ne s\u2019en est jamais cach\u00e9e. En 1996, elle aura m\u00eame des propos particuli\u00e8rement durs \u00e0 l\u2019encontre de Nicolas dans ses m\u00e9moires intitul\u00e9es Initiales B.B., qualifiant d\u2019abord sa grossesse comme une \u00abtumeur\u00bb puis cet enfant comme \u00abl\u2019objet de (son) malheur\u00bb. Et d\u2019ajouter plus loin\u00a0: \u00abJ\u2019aurais pr\u00e9f\u00e9r\u00e9 accoucher d\u2019un petit chien\u00bb, (r\u00e9f\u00e9rence \u00e0 son amour pour les b\u00eates). Des propos qui ont profond\u00e9ment bless\u00e9 Nicolas, qui intentera un proc\u00e8s contre sa m\u00e8re. Proc\u00e8s qu\u2019il a remport\u00e9 contraignant cette derni\u00e8re \u00e0 lui verser 100.000 francs.<\/p>\n<p class=\"fig-paragraph\">Celui qui a d\u00e9sormais 65 ans, lui en tient-il toujours rigueur\u00a0? Si leur relation a \u00e9t\u00e9 conflictuelle pendant longtemps, il semble qu\u2019elle se soit apais\u00e9e. \u00c9lev\u00e9 par son p\u00e8re, il a v\u00e9cu loin des projecteurs. Tout juste sait-on qu\u2019il a \u00e9pous\u00e9 le mannequin Anne-Line Bjerkan en 1984, et que sa m\u00e8re n\u2019a jamais figur\u00e9 sur la liste des invit\u00e9s du mariage. Le couple a quitt\u00e9 la France pour vivre en Norv\u00e8ge. De son union sont n\u00e9es deux filles, Theo (34 ans) et Anna (39 ans), petites-filles de l\u2019actrice qui finiront par rencontrer leur grand-m\u00e8re et la pr\u00e9senteront \u00e0 leur tour \u00e0 leurs enfants. Car avec la vieillesse, Brigitte Bardot a fini par regretter les phrases \u00e9crites sur son fils et par obtenir le pardon.<\/p>\n<p>L\u2019heure des regrets<\/p>\n<p class=\"fig-paragraph\">Entre 2014 et 2024, celle qui lui avait promis de ne jamais parler de Nicolas dans les m\u00e9dias s\u2019est pourtant livr\u00e9e \u00e0 plusieurs reprises. En 2018, elle confiait \u00e0\u00a0<a href=\"https:\/\/www.varmatin.com\/faits-de-societe\/le-combat-de-brigitte-bardot-honore-ce-samedi-soir-a-saint-tropez-226717\" target=\"_blank\" rel=\"sponsored noopener\" data-gtm-custom-categorie=\"navigation\" data-gtm-custom-action=\"crossclick\" data-gtm-custom-label=\"Contextuel\" data-gtm-event=\"customEventSPE\">Var Matin<\/a> \u00a0que celui-ci venait lui rendre \u00abvisite une fois par an \u00e0 la Madrague, seul ou accompagn\u00e9 de sa famille, de sa femme, de mes petites-filles (&#8230;) Je l\u2019aime d\u2019une mani\u00e8re sp\u00e9ciale. Et lui aussi. Il me ressemble un peu. Physiquement il a beaucoup h\u00e9rit\u00e9 de son p\u00e8re\u00bb. Puis en 2021 dans le\u00a0<a href=\"https:\/\/www.leparisien.fr\/environnement\/brigitte-bardot-je-nai-pas-gagne-mon-combat-pour-la-cause-animale-24-09-2021-Z4O76BO6VVAXLINW5LQ2SEU2NA.php\" target=\"_blank\" rel=\"sponsored noopener\" data-gtm-custom-categorie=\"navigation\" data-gtm-custom-action=\"crossclick\" data-gtm-custom-label=\"Contextuel\" data-gtm-event=\"customEventSPE\">Parisien<\/a> \u00a0: \u00abJ\u2019ai eu un enfant, mais on ne peut pas dire que cet enfant, le pauvre, est venu au bon moment et m\u2019ait apport\u00e9 ce qui me manquait.\u00bb En 2024, enfin, elle concluait aupr\u00e8s de\u00a0<a href=\"https:\/\/www.parismatch.com\/culture\/cinema\/brigitte-bardot-lalbum-prive-dune-icone-un-hors-serie-paris-match-239060\" target=\"_blank\" rel=\"sponsored noopener\" data-gtm-custom-categorie=\"navigation\" data-gtm-custom-action=\"crossclick\" data-gtm-custom-label=\"Contextuel\" data-gtm-event=\"customEventSPE\">Paris Match<\/a> \u00a0: \u00abJe suis arri\u00e8re-grand-m\u00e8re de trois petits Norv\u00e9giens qui ne parlent pas le fran\u00e7ais et que je vois rarement.\u00bb<\/p>\n<p>                                    <a class=\"fig-a11y-skip a11y-hidden\" href=\"#fig-a11y-skip-main-inarticle_mtf\"><br \/>\n        Passer la publicit\u00e9<br \/>\n    <\/a><\/p>\n<p class=\"fig-paragraph\">\u00c0 87 ans, Brigitte Bardot vit depuis longtemps recluse dans sa demeure trop\u00e9zienne avec son mari, Bernard d\u2019Ormale, et ses dizaines d\u2019animaux. \u00abJe n\u2019ai jamais \u00e9t\u00e9 d\u00e9\u00e7ue par les animaux, mais par contre, les \u00eatres humains ont beaucoup de d\u00e9fauts\u00a0\u00bb, affirmait-elle en 2020,\u00a0<a href=\"https:\/\/ici.radio-canada.ca\/ohdio\/premiere\/emissions\/bien-entendu\/segments\/entrevue\/190614\/brigitte-bardot-vie-carriere-actrice-defense-animaux-chanteuse#:~:text=et%20Ricardo%20Trogi-,Brigitte%20Bardot%20%3A%20%C2%AB%20Je%20suis%20beaucoup%20plus%20proche,des%20animaux%20que%20des%20humains%20%C2%BB&amp;text=%C2%AB%20Je%20n&#039;ai%20jamais%20%C3%A9t%C3%A9,en%20parlant%20de%20sa%20vie.\" target=\"_blank\" rel=\"sponsored noopener\" data-gtm-custom-categorie=\"navigation\" data-gtm-custom-action=\"crossclick\" data-gtm-custom-label=\"Contextuel\" data-gtm-event=\"customEventSPE\">au micro de Radio-Canada<\/a>.<\/p>\n","protected":false},"excerpt":{"rendered":"L\u2019acteur Jacques Charrier est d\u00e9c\u00e9d\u00e9 \u00e0 88 ans ce jeudi 4 septembre. Il avait \u00e9t\u00e9 le second mari&hellip;\n","protected":false},"author":2,"featured_media":370150,"comment_status":"","ping_status":"","sticky":false,"template":"","format":"standard","meta":{"footnotes":""},"categories":[8],"tags":[1376,20224,58,59,1011,27],"class_list":{"0":"post-370149","1":"post","2":"type-post","3":"status-publish","4":"format-standard","5":"has-post-thumbnail","7":"category-divertissement","8":"tag-amour","9":"tag-brigitte-bardot","10":"tag-divertissement","11":"tag-entertainment","12":"tag-fr","13":"tag-france"},"share_on_mastodon":{"url":"","error":""},"_links":{"self":[{"href":"https:\/\/www.europesays.com\/fr\/wp-json\/wp\/v2\/posts\/370149","targetHints":{"allow":["GET"]}}],"collection":[{"href":"https:\/\/www.europesays.com\/fr\/wp-json\/wp\/v2\/posts"}],"about":[{"href":"https:\/\/www.europesays.com\/fr\/wp-json\/wp\/v2\/types\/post"}],"author":[{"embeddable":true,"href":"https:\/\/www.europesays.com\/fr\/wp-json\/wp\/v2\/users\/2"}],"replies":[{"embeddable":true,"href":"https:\/\/www.europesays.com\/fr\/wp-json\/wp\/v2\/comments?post=370149"}],"version-history":[{"count":0,"href":"https:\/\/www.europesays.com\/fr\/wp-json\/wp\/v2\/posts\/370149\/revisions"}],"wp:featuredmedia":[{"embeddable":true,"href":"https:\/\/www.europesays.com\/fr\/wp-json\/wp\/v2\/media\/370150"}],"wp:attachment":[{"href":"https:\/\/www.europesays.com\/fr\/wp-json\/wp\/v2\/media?parent=370149"}],"wp:term":[{"taxonomy":"category","embeddable":true,"href":"https:\/\/www.europesays.com\/fr\/wp-json\/wp\/v2\/categories?post=370149"},{"taxonomy":"post_tag","embeddable":true,"href":"https:\/\/www.europesays.com\/fr\/wp-json\/wp\/v2\/tags?post=370149"}],"curies":[{"name":"wp","href":"https:\/\/api.w.org\/{rel}","templated":true}]}}