{"id":370151,"date":"2025-09-06T08:01:12","date_gmt":"2025-09-06T08:01:12","guid":{"rendered":"https:\/\/www.europesays.com\/fr\/370151\/"},"modified":"2025-09-06T08:01:12","modified_gmt":"2025-09-06T08:01:12","slug":"alsace-une-eclipse-totale-de-lune-particulierement-visible-ce-dimanche-7-septembre","status":"publish","type":"post","link":"https:\/\/www.europesays.com\/fr\/370151\/","title":{"rendered":"Alsace. Une \u00e9clipse totale de Lune particuli\u00e8rement visible ce dimanche 7\u00a0septembre"},"content":{"rendered":"<p>Dans la soir\u00e9e du 7 au 8\u00a0septembre, un spectacle rare et fascinant sera observable dans le ciel en France\u00a0: une \u00e9clipse totale de Lune. Cet \u00e9v\u00e9nement astronomique illustre parfaitement le jeu des alignements entre la Terre, la Lune et le Soleil. Un tel alignement ne se produit pas \u00e0 chaque pleine lune.<\/p>\n<p>  La pleine lune se l\u00e8ve \u00e0 l\u2019est autour de 20\u00a0h<\/p>\n<p>\u00c0 partir du coucher du soleil, ce ph\u00e9nom\u00e8ne sera plus particuli\u00e8rement visible dans le Grand Est de la France par ciel d\u00e9gag\u00e9. Pourquoi\u00a0? Car la phase de totalit\u00e9 de l\u2019\u00e9clipse aura commenc\u00e9 \u00e0 19\u00a0h\u00a030, c\u2019est-\u00e0-dire plus ou moins longtemps avant le lever de la Lune selon sa position g\u00e9ographique. La pleine Lune se l\u00e8vera \u00e0 l\u2019est juste au moment o\u00f9 le Soleil se couchera \u00e0 l\u2019ouest.<\/p>\n<p>\u00ab\u00a0Dans l\u2019est de la France, la Lune se l\u00e8ve autour de 20\u00a0h et quelques minutes apr\u00e8s, elle sera en \u00e9clipse totale. Alors qu\u2019\u00e0 Brest, la Lune va surgir vers 20\u00a0h\u00a045 et le maximum de l\u2019\u00e9clipse sera d\u00e9j\u00e0 pass\u00e9\u00a0\u00bb, explique Bruno Rhinn, m\u00e9diateur scientifique au Jardin des Sciences de Strasbourg.<\/p>\n<p>Rien de gore mais on parle de \u00ab\u00a0Lune de sang\u00a0\u00bb pour \u00e9voquer ce ph\u00e9nom\u00e8ne remarquable lorsque la Terre se positionne entre le Soleil et la Lune. Contrairement \u00e0 une id\u00e9e re\u00e7ue, la Lune ne dispara\u00eet pas dans l\u2019obscurit\u00e9, elle est enti\u00e8rement recouverte par l\u2019ombre terrestre.<\/p>\n<p>\u00ab\u00a0Cette derni\u00e8re n\u2019est pas parfaite \u00e0 cause de l\u2019atmosph\u00e8re qu\u2019il y a autour de notre plan\u00e8te, indique le m\u00e9diateur scientifique. La Lune prend alors une teinte rouge\u00e2tre en raison de la diffusion de la lumi\u00e8re solaire par l\u2019atmosph\u00e8re terrestre\u00a0\u00bb. Les couleurs, visibles \u00e0 l\u2019\u0153il nu sans aucun danger, vont de l\u2019orange au rouge brique en passant par toutes les nuances du cuivre.<\/p>\n<p>Le maximum de l\u2019\u00e9clipse est pr\u00e9vu \u00e0 20\u00a0h\u00a011 et 49 secondes, signale Bruno Rhinn. La sortie de l\u2019ombre se terminera un peu avant 22\u00a0h et la sortie de la zone de p\u00e9nombre se terminera un peu avant 23\u00a0h.<\/p>\n<p>\u00ab\u00a0Pour l\u2019observation, mieux vaut choisir un site avec un bon horizon id\u00e9alement sur\u00e9lev\u00e9 et d\u00e9gag\u00e9. Une paire de jumelles ou petit t\u00e9lescope permettent d\u2019appr\u00e9cier les d\u00e9tails et les nuances de couleurs\u00a0\u00bb, conseille Pierre Walchshofer pr\u00e9sident de Nemesis, association d\u2019astronomie de Saverne. La prochaine \u00e9clipse totale de Lune que l\u2019on pourra bien observer en Alsace, selon Bruno Rhinn, n\u2019aura pas lieu avant le 20\u00a0d\u00e9cembre\u00a02029. Mieux vaut donc profiter de celle de ce dimanche 7\u00a0septembre.<\/p>\n","protected":false},"excerpt":{"rendered":"Dans la soir\u00e9e du 7 au 8\u00a0septembre, un spectacle rare et fascinant sera observable dans le ciel en&hellip;\n","protected":false},"author":2,"featured_media":370152,"comment_status":"","ping_status":"","sticky":false,"template":"","format":"standard","meta":{"footnotes":""},"categories":[7],"tags":[2389,107,1011,27,43,40,767,41,39,42,44],"class_list":{"0":"post-370151","1":"post","2":"type-post","3":"status-publish","4":"format-standard","5":"has-post-thumbnail","7":"category-sciences-et-technologies","8":"tag-alsace","9":"tag-fil-info","10":"tag-fr","11":"tag-france","12":"tag-science","13":"tag-science-and-technology","14":"tag-science-et-technologie","15":"tag-sciences","16":"tag-sciences-et-technologies","17":"tag-technologies","18":"tag-technology"},"share_on_mastodon":{"url":"https:\/\/pubeurope.com\/@fr\/115156306125789256","error":""},"_links":{"self":[{"href":"https:\/\/www.europesays.com\/fr\/wp-json\/wp\/v2\/posts\/370151","targetHints":{"allow":["GET"]}}],"collection":[{"href":"https:\/\/www.europesays.com\/fr\/wp-json\/wp\/v2\/posts"}],"about":[{"href":"https:\/\/www.europesays.com\/fr\/wp-json\/wp\/v2\/types\/post"}],"author":[{"embeddable":true,"href":"https:\/\/www.europesays.com\/fr\/wp-json\/wp\/v2\/users\/2"}],"replies":[{"embeddable":true,"href":"https:\/\/www.europesays.com\/fr\/wp-json\/wp\/v2\/comments?post=370151"}],"version-history":[{"count":0,"href":"https:\/\/www.europesays.com\/fr\/wp-json\/wp\/v2\/posts\/370151\/revisions"}],"wp:featuredmedia":[{"embeddable":true,"href":"https:\/\/www.europesays.com\/fr\/wp-json\/wp\/v2\/media\/370152"}],"wp:attachment":[{"href":"https:\/\/www.europesays.com\/fr\/wp-json\/wp\/v2\/media?parent=370151"}],"wp:term":[{"taxonomy":"category","embeddable":true,"href":"https:\/\/www.europesays.com\/fr\/wp-json\/wp\/v2\/categories?post=370151"},{"taxonomy":"post_tag","embeddable":true,"href":"https:\/\/www.europesays.com\/fr\/wp-json\/wp\/v2\/tags?post=370151"}],"curies":[{"name":"wp","href":"https:\/\/api.w.org\/{rel}","templated":true}]}}