{"id":370155,"date":"2025-09-06T08:03:10","date_gmt":"2025-09-06T08:03:10","guid":{"rendered":"https:\/\/www.europesays.com\/fr\/370155\/"},"modified":"2025-09-06T08:03:10","modified_gmt":"2025-09-06T08:03:10","slug":"le-new-york-times-revele-le-fiasco-dune-operation-secrete-en-coree-du-nord-approuvee-par-donald-trump","status":"publish","type":"post","link":"https:\/\/www.europesays.com\/fr\/370155\/","title":{"rendered":"Le \u00ab\u00a0New York Times\u00a0\u00bb r\u00e9v\u00e8le le fiasco d\u2019une op\u00e9ration secr\u00e8te en Cor\u00e9e du Nord approuv\u00e9e par Donald Trump"},"content":{"rendered":"<p>                          <img loading=\"lazy\" decoding=\"async\" src=\"https:\/\/www.europesays.com\/fr\/wp-content\/uploads\/2025\/09\/7b6916e_upload-1-3ickbl910t11-000-1i23gp.jpg\" alt=\"Le pr\u00e9sident am\u00e9ricain, Donald Trump, s\u2019entretient avec le dirigeant nord-cor\u00e9en, Kim Jong-un, au sud de la ligne de d\u00e9marcation militaire entre la Cor\u00e9e du Nord et la Cor\u00e9e du Sud, dans la zone d\u00e9militaris\u00e9e (DMZ), le 30\u00a0juin\u00a02019.\"   width=\"664\" height=\"443\"\/>    Le pr\u00e9sident am\u00e9ricain, Donald Trump, s\u2019entretient avec le dirigeant nord-cor\u00e9en, Kim Jong-un, au sud de la ligne de d\u00e9marcation militaire entre la Cor\u00e9e du Nord et la Cor\u00e9e du Sud, dans la zone d\u00e9militaris\u00e9e (DMZ), le 30\u00a0juin\u00a02019.  BRENDAN SMIALOWSKI\/AFP                          <\/p>\n<p class=\"article__paragraph  \">Donald Trump a ni\u00e9, vendredi 5\u00a0septembre, avoir connaissance d\u2019une mission secr\u00e8te des forces sp\u00e9ciales am\u00e9ricaines en Cor\u00e9e du Nord remontant \u00e0 2019, dont l\u2019existence et les d\u00e9tails avaient \u00e9t\u00e9 r\u00e9v\u00e9l\u00e9s, plus t\u00f4t dans la journ\u00e9e, par <a href=\"https:\/\/www.nytimes.com\/2025\/09\/05\/us\/navy-seal-north-korea-trump-2019.html\" target=\"_blank\" rel=\"noopener nofollow\" title=\"Nouvelle fen\u00eatre\">le New York Times<\/a>.<\/p>\n<p class=\"article__paragraph  \">\u00ab\u00a0Je ne sais rien \u00e0 ce sujet. C\u2019est la premi\u00e8re fois que j\u2019en entends parler\u00a0\u00bb, a r\u00e9pondu le pr\u00e9sident am\u00e9ricain, interrog\u00e9 vendredi apr\u00e8s-midi dans le bureau Ovale, \u00e0 propos de cette mission commando ayant pour objectif de placer sur le sol nord-cor\u00e9en un dispositif d\u2019\u00e9coute pour espionner son dirigeant, Kim Jong-un.<\/p>\n<p class=\"article__paragraph  \">Selon le New York Times, cette op\u00e9ration commando a eu lieu au cours du premier mandat de M.\u00a0Trump, alors en pleines n\u00e9gociations avec Kim Jong-un sur le programme nucl\u00e9aire nord-cor\u00e9en \u2013 qui s\u2019\u00e9taient finalement r\u00e9v\u00e9l\u00e9es infructueuses. De sa conception \u00e0 sa r\u00e9alisation, l\u2019op\u00e9ration a \u00e9t\u00e9 directement approuv\u00e9e \u00e0 plusieurs reprises par le pr\u00e9sident r\u00e9publicain, \u00e9crit le quotidien.<\/p>\n<p>                                       Lire aussi |  Article r\u00e9serv\u00e9 \u00e0 nos abonn\u00e9s  <a href=\"https:\/\/www.lemonde.fr\/international\/article\/2025\/09\/06\/donald-trump-ressuscite-le-departement-de-la-guerre-pour-que-l-armee-ne-soit-plus-seulement-sur-la-defensive_6639148_3210.html\" class=\"js-article-read-also catcher--favoris__link\" data-premium=\"1\" id=\"article-title-3436953\" rel=\"nofollow noopener\" target=\"_blank\">Donald Trump ressuscite le d\u00e9partement de la guerre, pour que l\u2019arm\u00e9e ne soit plus seulement \u00ab\u00a0sur la d\u00e9fensive\u00a0\u00bb<\/a>    <\/p>\n<p>   Lire plus tard  <\/p>\n<p class=\"article__paragraph  \">Le New York Times dit s\u2019appuyer sur une vingtaine de t\u00e9moignages, de responsables gouvernementaux, membres de la premi\u00e8re administration Trump et actuels ou anciens militaires ayant connaissance du dossier.<\/p>\n<p>                    Sous-marins                    <\/p>\n<p class=\"article__paragraph  \">La mission, risqu\u00e9e, est men\u00e9e une nuit d\u2019hiver au d\u00e9but de 2019, apr\u00e8s des mois de r\u00e9p\u00e9tition dans les eaux am\u00e9ricaines, par la m\u00eame unit\u00e9 que celle qui a tu\u00e9 Oussama Ben Laden en\u00a02011, rapporte le journal, qui en donne un r\u00e9cit d\u00e9taill\u00e9.<\/p>\n<p class=\"article__paragraph  \">Les forces sp\u00e9ciales se pensent seules quand elles atteignent le rivage nord-cor\u00e9en, apr\u00e8s s\u2019\u00eatre approch\u00e9es dans deux minisous-marins de la taille d\u2019une orque \u2013 immerg\u00e9es dans une eau glaciale pendant deux heures, \u00e9quip\u00e9es de combinaisons chauffantes pour leur survie \u2013 et avoir effectu\u00e9 la derni\u00e8re centaine de m\u00e8tres \u00e0 la nage. Mais elles ne d\u00e9tectent pas une petite embarcation pr\u00e9sente \u00e0 proximit\u00e9.<\/p>\n<p class=\"article__paragraph  \">Ce bateau, dont les lampes torches sont point\u00e9es dans la direction des forces sp\u00e9ciales, se dirige vers les minisous-marins et un membre de l\u2019\u00e9quipage plonge. Craignant d\u2019avoir \u00e9t\u00e9 rep\u00e9r\u00e9s, les membres des forces sp\u00e9ciales qui ont rejoint le rivage d\u00e9cident d\u2019ouvrir le feu, tuant tout l\u2019\u00e9quipage, compos\u00e9 de deux ou trois personnes. Puis ils jettent les corps \u00e0 la mer apr\u00e8s avoir perfor\u00e9 leurs poumons pour s\u2019assurer qu\u2019ils coulent. Ils quittent la zone sans avoir d\u00e9pos\u00e9 le dispositif d\u2019interception.<\/p>\n<p class=\"article__paragraph  \">Sur le bateau, ni armes ni uniformes n\u2019ont \u00e9t\u00e9 trouv\u00e9s\u00a0: il s\u2019agissait vraisemblablement de p\u00eacheurs plongeant \u00e0 la recherche de coquillages. La premi\u00e8re administration Trump n\u2019a jamais inform\u00e9 les commissions parlementaires charg\u00e9es de superviser les activit\u00e9s militaires et de renseignement de cette mission, ni avant, ni apr\u00e8s, selon le New York Times.<\/p>\n<p> Le Monde M\u00e9morable  <\/p>\n<p> <a href=\"https:\/\/www.lemonde.fr\/memorable\/?rfextension=inread\" class=\"inread__link js-services-inread-link\" target=\"_blank\" rel=\"nofollow noopener\">  <\/p>\n<p>Testez votre culture g\u00e9n\u00e9rale avec la r\u00e9daction du \u00ab Monde \u00bb<\/p>\n<p>Testez votre culture g\u00e9n\u00e9rale avec la r\u00e9daction du \u00ab Monde \u00bb<\/p>\n<p>D\u00e9couvrir<\/p>\n<p> <\/a>      <\/p>\n<p> Newsletter  <\/p>\n<p> <a href=\"https:\/\/www.lemonde.fr\/newsletters\/a-la-une\/\" class=\"inread__link js-services-inread-link\" target=\"_blank\" rel=\"nofollow noopener\">  <\/p>\n<p>\u00ab A la une \u00bb<\/p>\n<p>Chaque matin, parcourez l&rsquo;essentiel de l&rsquo;actualit\u00e9 du jour avec les derniers titres du \u00ab Monde \u00bb<\/p>\n<p>S&rsquo;inscrire<\/p>\n<p> <\/a>          <\/p>\n<p> Le Monde Application  <\/p>\n<p> <a href=\"https:\/\/lamatinale.onelink.me\/gKMy\/ahw2ubr3\" class=\"inread__link js-services-inread-link\" target=\"_blank\" rel=\"nofollow noopener\">  <\/p>\n<p>La Matinale du Monde<\/p>\n<p>Chaque matin, retrouvez notre s\u00e9lection de 20 articles \u00e0 ne pas manquer <\/p>\n<p>T\u00e9l\u00e9charger l&rsquo;application<\/p>\n<p> <\/a>      <\/p>\n<p> Newsletter abonn\u00e9s  <\/p>\n<p> <a href=\"https:\/\/www.lemonde.fr\/newsletters\/international\/\" class=\"inread__link js-services-inread-link\" target=\"_blank\" rel=\"nofollow noopener\">  <\/p>\n<p>\u00ab International \u00bb<\/p>\n<p>L\u2019essentiel de l\u2019actualit\u00e9 internationale de la semaine<\/p>\n<p>S&rsquo;inscrire<\/p>\n<p> <\/a>             <\/p>\n<p class=\"article__paragraph  \">Des investigations militaires \u2013 class\u00e9es top secret \u2013 sur l\u2019op\u00e9ration ont conclu que les meurtres \u00e9taient justifi\u00e9s et que l\u2019\u00e9chec de la mission \u00e9tait li\u00e9 \u00e0 une succession d\u2019\u00e9v\u00e9nements malheureux qui n\u2019auraient pas pu \u00eatre pr\u00e9vus ou \u00e9vit\u00e9s, pr\u00e9cise le journal. Le New York Times \u00e9voque une autre mission men\u00e9e en Cor\u00e9e du Nord, qui n\u2019avait pas non plus \u00e9t\u00e9 rendue publique jusque-l\u00e0, en\u00a02005, pendant la pr\u00e9sidence de George W.\u00a0Bush.<\/p>\n<p class=\"author__detail\">  Le Monde avec AFP  <\/p>\n","protected":false},"excerpt":{"rendered":"Le pr\u00e9sident am\u00e9ricain, Donald Trump, s\u2019entretient avec le dirigeant nord-cor\u00e9en, Kim Jong-un, au sud de la ligne de&hellip;\n","protected":false},"author":2,"featured_media":370156,"comment_status":"","ping_status":"","sticky":false,"template":"","format":"standard","meta":{"footnotes":""},"categories":[5],"tags":[11,1011,27,14,12,28],"class_list":{"0":"post-370155","1":"post","2":"type-post","3":"status-publish","4":"format-standard","5":"has-post-thumbnail","7":"category-international","8":"tag-actualites","9":"tag-fr","10":"tag-france","11":"tag-international","12":"tag-news","13":"tag-world"},"share_on_mastodon":{"url":"https:\/\/pubeurope.com\/@fr\/115156314380804640","error":""},"_links":{"self":[{"href":"https:\/\/www.europesays.com\/fr\/wp-json\/wp\/v2\/posts\/370155","targetHints":{"allow":["GET"]}}],"collection":[{"href":"https:\/\/www.europesays.com\/fr\/wp-json\/wp\/v2\/posts"}],"about":[{"href":"https:\/\/www.europesays.com\/fr\/wp-json\/wp\/v2\/types\/post"}],"author":[{"embeddable":true,"href":"https:\/\/www.europesays.com\/fr\/wp-json\/wp\/v2\/users\/2"}],"replies":[{"embeddable":true,"href":"https:\/\/www.europesays.com\/fr\/wp-json\/wp\/v2\/comments?post=370155"}],"version-history":[{"count":0,"href":"https:\/\/www.europesays.com\/fr\/wp-json\/wp\/v2\/posts\/370155\/revisions"}],"wp:featuredmedia":[{"embeddable":true,"href":"https:\/\/www.europesays.com\/fr\/wp-json\/wp\/v2\/media\/370156"}],"wp:attachment":[{"href":"https:\/\/www.europesays.com\/fr\/wp-json\/wp\/v2\/media?parent=370155"}],"wp:term":[{"taxonomy":"category","embeddable":true,"href":"https:\/\/www.europesays.com\/fr\/wp-json\/wp\/v2\/categories?post=370155"},{"taxonomy":"post_tag","embeddable":true,"href":"https:\/\/www.europesays.com\/fr\/wp-json\/wp\/v2\/tags?post=370155"}],"curies":[{"name":"wp","href":"https:\/\/api.w.org\/{rel}","templated":true}]}}