{"id":370159,"date":"2025-09-06T08:05:11","date_gmt":"2025-09-06T08:05:11","guid":{"rendered":"https:\/\/www.europesays.com\/fr\/370159\/"},"modified":"2025-09-06T08:05:11","modified_gmt":"2025-09-06T08:05:11","slug":"pro-d2-le-silence-de-cathedrale-cest-seulement-quand-vannes-bute-alexandre-ruiz-soyaux-angouleme-enerve-contre-le-public-de-la-rabine","status":"publish","type":"post","link":"https:\/\/www.europesays.com\/fr\/370159\/","title":{"rendered":"Pro D2 \u2013 \u00ab\u00a0Le silence de cath\u00e9drale, c\u2019est seulement quand Vannes bute ?\u00a0\u00bb Alexandre Ruiz (Soyaux-Angoul\u00eame) \u00e9nerv\u00e9 contre le public de La Rabine"},"content":{"rendered":"<p>\n                Une nouvelle fois r\u00e9duits \u00e0 quatorze \u00e0 la suite du carton rouge subi par Pierre Boudehent, les Vannetais sont parvenus \u00e0 renverser Soyaux-Angoul\u00eame en conclusion de la 2e journ\u00e9e de Pro D2 (28-9). Au coup de sifflet final, le manager du SA XV, Alexandre Ruiz, \u00e9tait en col\u00e8re contre les supporters du RCV, selon lui pas du tout respectueux du buteur angoumoisin.\n            <\/p>\n<p dir=\"ltr\">Le coach de Soyaux-Angoul\u00eame Alexandre Ruiz \u00e9tait en col\u00e8re. Pas contre ses joueurs\u00a0: \u00ab\u00a0J\u2019avais demand\u00e9 de r\u00e9\u00e9diter l\u2019intensit\u00e9, la capacit\u00e9 \u00e0 r\u00e9pondre \u00e0 la densit\u00e9 d\u2019une \u00e9quipe de Top 14 et je crois que sur ce point de l\u00e0 on a \u00e9t\u00e9 plut\u00f4t coh\u00e9rent\u201d. Ni contre l\u2019\u00e9quipe de Vannes\u00a0: \u201cOn a subi beaucoup de pression, je ne suis pas convaincu qu\u2019on soit beaucoup rentr\u00e9 dans les derniers 10 m\u00e8tres, ils sont beaucoup plus pr\u00e9cis sur les zones de collision et sur le jeu au sol, le Top 14 va beaucoup plus vite et demande plus de pr\u00e9cision et je pense qu\u2019ils ont maintenu le travail dans ce sens\u201d.<\/p>\n<p dir=\"ltr\">Non, c\u2019est le public de Vannes qui \u00e9tait la cible de sa col\u00e8re\u00a0: \u201cJe trouve que mettre broncas sur broncas sur le buteur suite \u00e0 une d\u00e9cision de l\u2019arbitre\u2026 J\u2019avais vu des reportages de Canal +\u00a0qui disaient qu\u2019il y avait un silence de cath\u00e9drale mais ce n\u2019est pas tout le temps. C\u2019est seulement quand Vannes bute ? Les joueurs d\u2019Angoul\u00eame n\u2019y sont pour rien concernant les d\u00e9cisions de l\u2019arbitre. Qu\u2019ils contestent la d\u00e9cision de l\u2019arbitre mais qu\u2019ils respectent le buteur comme le stipule le magnifique reportage, il faut aller au bout du sch\u00e9ma. Quand on estime d\u00e9gager une certaine \u201cvaleur\u201d \u00e0 ce sujet, allons au bout du sch\u00e9ma.\u00a0\u00bb<\/p>\n<blockquote><p>\nLa diff\u00e9rence entre eux et nous, c\u2019est que Canal +\u00a0n\u2019a pas fait de reportage sur nous\n<\/p><\/blockquote>\n<p dir=\"ltr\">Tr\u00e8s frustr\u00e9, le manager de Soyaux n\u2019a pas dig\u00e9r\u00e9 l\u2019ambiance du jour. Juste avant la mi-temps, le trois-quarts centre Pierre Boudehent avait \u00e9t\u00e9 contraint de laisser ses partenaires \u00e0 quatorze apr\u00e8s avoir \u00e9t\u00e9 sanctionn\u00e9 d\u2019un carton rouge pour un d\u00e9blayage dangereux. Plus t\u00f4t dans la partie, le pilier Vunipola avait re\u00e7u un carton jaune quand les joueurs d\u2019Angoul\u00eame ont encaiss\u00e9 trois cartons jaunes (Morand-Bruyat, 16e, Glenat, 20e, Farissier, 61e).<\/p>\n<p dir=\"ltr\">\u00ab\u00a0Reprocher au buteur qui va taper que l\u2019arbitre a tort, on se trompe de cible, a poursuivi en conf\u00e9rence de presse Alexandre Ruiz, l\u2019ancien arbitre. [\u2026] Quand le buteur tape, il n\u2019a pas \u00e0 analyser si c\u2019est la pression d\u2019Angoul\u00eame, de l\u2019arbitre\u2026 Quand on dit qu\u2019on respecte les buteurs, on va au bout de la pens\u00e9e. Une fois ou dix fois, on n\u2019a pas analys\u00e9. Si dans la rue je tire sur une personne une fois ou dix fois, on n\u2019a pas \u00e0 analyser. On est d\u2019accord sur \u00e7a\u00a0? [\u2026] La diff\u00e9rence entre eux et nous, c\u2019est que Canal +\u00a0n\u2019a pas fait de reportage sur nous monsieur. Moi je ne suis pas contre le fait qu\u2019on v\u00e9hicule ce message-l\u00e0, mais les joueurs d\u2019Angoul\u00eame et vous en conviendrez, n\u2019y sont pour rien. C\u2019est la seule chose que je reproche. Que le public r\u00e2le \u00e0 la fin, conteste, c\u2019est une chose. Je dis juste que d\u00e8s lors qu\u2019on v\u00e9hicule ce message-l\u00e0, mes joueurs n\u2019y sont carr\u00e9ment pour rien.\u00a0C\u2019est juste \u00e7a qui m\u2019a d\u00e9\u00e7u. C\u2019est la seule chose.\u00a0\u00bb<\/p>\n","protected":false},"excerpt":{"rendered":"Une nouvelle fois r\u00e9duits \u00e0 quatorze \u00e0 la suite du carton rouge subi par Pierre Boudehent, les Vannetais&hellip;\n","protected":false},"author":2,"featured_media":370160,"comment_status":"","ping_status":"","sticky":false,"template":"","format":"standard","meta":{"footnotes":""},"categories":[2],"tags":[11,1011,27,12],"class_list":{"0":"post-370159","1":"post","2":"type-post","3":"status-publish","4":"format-standard","5":"has-post-thumbnail","7":"category-actualites","8":"tag-actualites","9":"tag-fr","10":"tag-france","11":"tag-news"},"share_on_mastodon":{"url":"https:\/\/pubeurope.com\/@fr\/115156321796561365","error":""},"_links":{"self":[{"href":"https:\/\/www.europesays.com\/fr\/wp-json\/wp\/v2\/posts\/370159","targetHints":{"allow":["GET"]}}],"collection":[{"href":"https:\/\/www.europesays.com\/fr\/wp-json\/wp\/v2\/posts"}],"about":[{"href":"https:\/\/www.europesays.com\/fr\/wp-json\/wp\/v2\/types\/post"}],"author":[{"embeddable":true,"href":"https:\/\/www.europesays.com\/fr\/wp-json\/wp\/v2\/users\/2"}],"replies":[{"embeddable":true,"href":"https:\/\/www.europesays.com\/fr\/wp-json\/wp\/v2\/comments?post=370159"}],"version-history":[{"count":0,"href":"https:\/\/www.europesays.com\/fr\/wp-json\/wp\/v2\/posts\/370159\/revisions"}],"wp:featuredmedia":[{"embeddable":true,"href":"https:\/\/www.europesays.com\/fr\/wp-json\/wp\/v2\/media\/370160"}],"wp:attachment":[{"href":"https:\/\/www.europesays.com\/fr\/wp-json\/wp\/v2\/media?parent=370159"}],"wp:term":[{"taxonomy":"category","embeddable":true,"href":"https:\/\/www.europesays.com\/fr\/wp-json\/wp\/v2\/categories?post=370159"},{"taxonomy":"post_tag","embeddable":true,"href":"https:\/\/www.europesays.com\/fr\/wp-json\/wp\/v2\/tags?post=370159"}],"curies":[{"name":"wp","href":"https:\/\/api.w.org\/{rel}","templated":true}]}}