{"id":370161,"date":"2025-09-06T08:06:10","date_gmt":"2025-09-06T08:06:10","guid":{"rendered":"https:\/\/www.europesays.com\/fr\/370161\/"},"modified":"2025-09-06T08:06:10","modified_gmt":"2025-09-06T08:06:10","slug":"greve-du-10-septembre-fortes-mobilisations-attendues-a-roanne-et-saint-etienne","status":"publish","type":"post","link":"https:\/\/www.europesays.com\/fr\/370161\/","title":{"rendered":"Gr\u00e8ve du 10 septembre : fortes mobilisations attendues \u00e0 Roanne et Saint-\u00c9tienne"},"content":{"rendered":"<p>Le 10 septembre s\u2019annonce comme une journ\u00e9e cl\u00e9 de mobilisation sociale en France. Dans la Loire, deux manifestations sont pr\u00e9vues, \u00e0 Roanne le matin et \u00e0 Saint-\u00c9tienne l\u2019apr\u00e8s-midi. Syndicats et collectifs appellent \u00e0 un mouvement d\u2019ampleur, notamment dans les transports.<\/p>\n<p>La CGT, Solidaires, FO et SUD-Rail figurent parmi les organisations les plus actives pour la journ\u00e9e du 10 septembre. Si l\u2019intersyndicale nationale appelle davantage \u00e0 des actions le 18 septembre, ces structures veulent frapper fort d\u00e8s le 10 avec un objectif affich\u00e9 : \u00ab\u00a0Tout bloquer\u00a0\u00bb. Les pr\u00e9avis d\u00e9pos\u00e9s par la CGT et FO courent jusqu\u2019au 30 novembre, laissant pr\u00e9sager d\u2019autres mouvements \u00e0 venir. Dans le ferroviaire, la CGT-Cheminots et SUD-Rail appellent \u00e0 une gr\u00e8ve massive. Du c\u00f4t\u00e9 de l\u2019a\u00e9rien, Sud A\u00e9rien pr\u00e9voit \u00e9galement des actions, avec des perturbations attendues dans certains a\u00e9roports.<\/p>\n<p><strong>2 manifestations annonc\u00e9es dans la Loire<\/strong><\/p>\n<p>Dans le d\u00e9partement, les habitants sont appel\u00e9s \u00e0 descendre dans la rue le 10 septembre. <strong>\u00c0 Roanne, le cort\u00e8ge partira de la Bourse du travail \u00e0 10h30 pour rejoindre la Sous-Pr\u00e9fecture. \u00c0 Saint-\u00c9tienne, la mobilisation d\u00e9butera \u00e0 15h depuis la Bourse du travail en direction de l\u2019H\u00f4tel de Ville.<\/strong> L\u2019objectif principal de cette mobilisation est s\u2019opposer au \u00ab\u00a0budget Bayrou\u00a0\u00bb,\u00a0qui\u00a0promet plus de 40 milliards d\u2019euros d\u2019\u00e9conomie en coupant dans le financement de la s\u00e9curit\u00e9 sociale, de la fonction publique, ou encore en supprimant deux jours de cong\u00e9.<\/p>\n<p>ZF<\/p>\n<p>Photo : archive TL7<\/p>\n","protected":false},"excerpt":{"rendered":"Le 10 septembre s\u2019annonce comme une journ\u00e9e cl\u00e9 de mobilisation sociale en France. Dans la Loire, deux manifestations&hellip;\n","protected":false},"author":2,"featured_media":370162,"comment_status":"","ping_status":"","sticky":false,"template":"","format":"standard","meta":{"footnotes":""},"categories":[9653],"tags":[1111,11,2430,1777,674,1011,27,12,25,4001],"class_list":{"0":"post-370161","1":"post","2":"type-post","3":"status-publish","4":"format-standard","5":"has-post-thumbnail","7":"category-saint-etienne","8":"tag-actu","9":"tag-actualites","10":"tag-auvergne-rhone-alpes","11":"tag-eu","12":"tag-europe","13":"tag-fr","14":"tag-france","15":"tag-news","16":"tag-republique-francaise","17":"tag-saint-etienne"},"share_on_mastodon":{"url":"https:\/\/pubeurope.com\/@fr\/115156325754804951","error":""},"_links":{"self":[{"href":"https:\/\/www.europesays.com\/fr\/wp-json\/wp\/v2\/posts\/370161","targetHints":{"allow":["GET"]}}],"collection":[{"href":"https:\/\/www.europesays.com\/fr\/wp-json\/wp\/v2\/posts"}],"about":[{"href":"https:\/\/www.europesays.com\/fr\/wp-json\/wp\/v2\/types\/post"}],"author":[{"embeddable":true,"href":"https:\/\/www.europesays.com\/fr\/wp-json\/wp\/v2\/users\/2"}],"replies":[{"embeddable":true,"href":"https:\/\/www.europesays.com\/fr\/wp-json\/wp\/v2\/comments?post=370161"}],"version-history":[{"count":0,"href":"https:\/\/www.europesays.com\/fr\/wp-json\/wp\/v2\/posts\/370161\/revisions"}],"wp:featuredmedia":[{"embeddable":true,"href":"https:\/\/www.europesays.com\/fr\/wp-json\/wp\/v2\/media\/370162"}],"wp:attachment":[{"href":"https:\/\/www.europesays.com\/fr\/wp-json\/wp\/v2\/media?parent=370161"}],"wp:term":[{"taxonomy":"category","embeddable":true,"href":"https:\/\/www.europesays.com\/fr\/wp-json\/wp\/v2\/categories?post=370161"},{"taxonomy":"post_tag","embeddable":true,"href":"https:\/\/www.europesays.com\/fr\/wp-json\/wp\/v2\/tags?post=370161"}],"curies":[{"name":"wp","href":"https:\/\/api.w.org\/{rel}","templated":true}]}}