{"id":370167,"date":"2025-09-06T08:10:22","date_gmt":"2025-09-06T08:10:22","guid":{"rendered":"https:\/\/www.europesays.com\/fr\/370167\/"},"modified":"2025-09-06T08:10:22","modified_gmt":"2025-09-06T08:10:22","slug":"a-toulon-on-prostitue-une-ado-dans-un-silence-assourdissant-le-combat-dune-mere-pour-sauver-sa-fille-de-15-ans-2","status":"publish","type":"post","link":"https:\/\/www.europesays.com\/fr\/370167\/","title":{"rendered":"\u00ab\u00a0A Toulon, on prostitue une ado dans un silence assourdissant\u00a0\u00bb: le combat d&rsquo;une m\u00e8re pour sauver sa fille de 15 ans"},"content":{"rendered":"<p>\u00ab\u00a0Ouvrez! Police&#8230;\u00a0\u00bb. Silence ou presque.<\/p>\n<p>Derri\u00e8re cette porte, on prostitue une enfant. \u00c0 15 ans, on est toujours une enfant. C&rsquo;est l&rsquo;UNICEF qui le dit. La prostitution, \u00e0 cet \u00e2ge-l\u00e0, encore plus, on n&rsquo;y consent pas. Les victimes mineures sont sous emprise. C&rsquo;est le code p\u00e9nal qui l&rsquo;\u00e9nonce en aggravant les peines.\u00a0<\/p>\n<p>Dans une soci\u00e9t\u00e9 effar\u00e9e de d\u00e9couvrir que Gis\u00e8le P\u00e9licot, une femme d&rsquo;un certain \u00e2ge peut \u00eatre drogu\u00e9e, offerte \u00e0 des inconnus, viol\u00e9e par son propre mari, o\u00f9 cette victime d&rsquo;actes ignobles a \u00e9t\u00e9 fig\u00e9e en h\u00e9ro\u00efne (malgr\u00e9 elle) de la lutte contre les violences faites aux femmes, on s&rsquo;\u00e9meut peu (ou pas) <a href=\"https:\/\/www.varmatin.com\/faits-divers\/prostitution-de-mineure-dans-le-centre-de-toulon-les-policiers-de-la-bac-debarquent-dans-un-logement-et-interpellent-quatre-adultes-999575\" rel=\"nofollow noopener\" target=\"_blank\">des traumatismes subis par Lucie, 15 ans, dont le corps fr\u00eale a \u00e9t\u00e9 souill\u00e9 par plusieurs hommes<\/a>.\u00a0<\/p>\n<p>Une fugue qui tourne au cauchemar<\/p>\n<p>Le mercredi ao\u00fbt, les policiers de la brigade anticriminalit\u00e9 de Toulon p\u00e9n\u00e8trent dans un logement situ\u00e9 pr\u00e8s de la Maison des t\u00eates, tout juste situ\u00e9e derri\u00e8re l&rsquo;h\u00f4tel de ville de Toulon. Il est midi. Ils d\u00e9couvrent une chambre Airbnb transform\u00e9e en lupanar.<\/p>\n<p>Deux clients sont interpell\u00e9s. Ils ne seront pas poursuivis d&rsquo;apr\u00e8s nos informations (le parquet n&rsquo;a pas souhait\u00e9 communiquer sur ce dossier impliquant une mineure). Une ado\u00a0 de 15 ans et une jeune majeure de 18 ans sont d\u00e9couvertes, surveill\u00e9es par un jeune prox\u00e9n\u00e8te arm\u00e9 d&rsquo;un couteau.\u00a0<\/p>\n<p>Effray\u00e9e, Lucie, qui doit faire sa rentr\u00e9e cette semaine au coll\u00e8ge, est conduite au commissariat central pour \u00eatre entendue.\u00a0Elle a seulement 15 ans et, depuis un an, sa vie a pris une tournure plus sombre. Fille de parents s\u00e9par\u00e9s, elle est entr\u00e9e en r\u00e9bellion.<\/p>\n<p>En plein \u00e9t\u00e9, elle a fugu\u00e9 \u00e0 des centaines de kilom\u00e8tres de chez elle, pendant plusieurs semaines, pour rejoindre un gar\u00e7on \u00ab\u00a0rencontr\u00e9\u00a0\u00bb sur les r\u00e9seaux sociaux.<\/p>\n<p>Une m\u00e8re qui se bat<\/p>\n<p>Il lui a promis la belle vie dans le sud, le soleil, la plage, l&rsquo;argent facile. Elle y a cru. Elle a rejoint Paris, a pris un train pour Toulon en plein \u00e9t\u00e9 pour s&rsquo;amuser pendant que ses parents craignaient le pire.\u00a0<\/p>\n<p>\u00ab\u00a0Elle l&rsquo;a fait car elle le voulait bien\u00a0\u00bb. \u00ab\u00a0Que font les parents ?\u00a0\u00bb. \u00ab\u00a0Elle prend du bon temps en vacances \u00e0 Toulon\u00a0\u00bb. Ces commentaires, la maman de Lucie les a entendus. Avec rage.<\/p>\n<p>Sa fille n&rsquo;est pas une adulte. Physiquement, malgr\u00e9 ses faux cils, ses ongles manucur\u00e9s et son maquillage, elle a l&rsquo;air d&rsquo;avoir 12 ans. \u00ab\u00a0Depuis un an, je ne peux plus travailler. Je m&rsquo;occupe de ma fille, sans que l&rsquo;on puisse vraiment m&rsquo;aider. Je ne peux pas la laisser seule\u00a0\u00bb.\u00a0<\/p>\n<p>Na\u00efve, certainement fragilis\u00e9e psychologiquement, en qu\u00eate d&rsquo;attention, Lucie s&rsquo;est r\u00e9fugi\u00e9e dans son autre monde: les r\u00e9seaux sociaux. Son t\u00e9l\u00e9phone est devenu son troisi\u00e8me poumon. Un v\u00e9ritable danger pour des jeunes filles. Elle a\u00a0mis un pied dans l&rsquo;adolescence en vacillant. Elle prend le virtuel pour du r\u00e9el.<\/p>\n<p>\u00ab\u00a0Bien \u00e9videmment que je fais tout agir, pour prot\u00e9ger ma fille. Je l&rsquo;aime. J&rsquo;ai demand\u00e9 l&rsquo;aide des services sociaux, je suis all\u00e9e aux urgences quand elle fait des crises de nerfs. A part la s\u00e9dater pour qu&rsquo;elle comate durant trois jours, il n&rsquo;y a eu aucune solution p\u00e9renne. Il faudrait une rupture radicale avec son quotidien\u00a0\u00bb.\u00a0<\/p>\n<p>Le placement en foyer? \u00ab\u00a0Elle a fugu\u00e9 et j&rsquo;ai d\u00fb batailler pour qu&rsquo;on la recherche\u00a0\u00bb.<\/p>\n<p>Des jours en enfer<\/p>\n<p>Comme le mentionne Claude Ardid dans son livre-enqu\u00eate \u00ab\u00a0\u00c0 Coeurs perdus\u00a0\u00bb (Editions Mareuil), les prox\u00e9n\u00e8tes viennent r\u00e9cup\u00e9rer les filles mineures devant les foyers, o\u00f9 &#8211; comme nous l&rsquo;a confirm\u00e9 le conseil d\u00e9partemental du Var (en charge des foyers de protection de l&rsquo;enfance)-, il n&rsquo;existe pas de moyens de coercition, ni de couvre-feux. Ce ne sont pas des prisons.\u00a0\u00a0<\/p>\n<p>\u00c0 bout de solution, \u00e0 bout de force, cette maman remonte le fil de plusieurs jours d&rsquo;enfer. Jusqu&rsquo;\u00e0 ce jour o\u00f9 elle a pris le train pour rejoindre la ville-pr\u00e9fecture, pour qu&rsquo;on l&rsquo;\u00e9coute. Co\u00efncidence, c&rsquo;est ce m\u00eame jour o\u00f9 des policiers d\u00e9mant\u00e8lent un site de prostitution.\u00a0<\/p>\n<p>\u00ab\u00a0On m&rsquo;a t\u00e9l\u00e9phon\u00e9 pour me dire que l&rsquo;on avait retrouv\u00e9 ma fille. C&rsquo;\u00e9tait un soulagement, mais en m\u00eame temps ce que je craignais \u00e9tait arriv\u00e9: la prostitution\u00a0\u00bb. Les membres de l&rsquo;ARPD sont effondr\u00e9s, mais malheureusement presque pas \u00e9tonn\u00e9s.<\/p>\n<p>\u00ab\u00a0La prostitution des mineurs est un fl\u00e9au, dans toutes les couches de la soci\u00e9t\u00e9. Regardez, \u00e0 Toulon, on prostitue une mineure dans un silence assourdissant\u00a0\u00bb, ne d\u00e9col\u00e8re pas Karine Ragot.\u00a0<\/p>\n<p>Le soutien de l&rsquo;ARPD<\/p>\n<p>Sur place, elle est \u00e9paul\u00e9e par Roger, un ancien gendarme, b\u00e9n\u00e9vole de l&rsquo;association de recherches des personnes disparues (ARPD), ces volontaires que les familles appellent lorsqu&rsquo;elles se trouvent dans l&rsquo;impasse face \u00e0 des fugues et des disparitions.\u00a0<\/p>\n<p>Ce sont eux qui participent notamment \u00e0 l&rsquo;\u00e9mission Appel \u00e0 t\u00e9moins sur M6 pour retrouver des disparus, pour \u00e9lucider des cold case. \u00ab\u00a0On n&rsquo;est pas l\u00e0 pour se substituer \u00e0 la justice, mais on peut compter sur des b\u00e9n\u00e9voles qui ont une certaine exp\u00e9rience comme Roger\u00a0\u00bb, explique Karine Ragot, la vice-pr\u00e9sidente r\u00e9gionale de l&rsquo;ARPD.\u00a0<\/p>\n<p>Prestations et tarifs envoy\u00e9s dans un texto par erreur<\/p>\n<p>Quelques jours auparavant, le p\u00e8re, la grand-m\u00e8re et des amis de Lucie ont re\u00e7u un \u00e9trange message group\u00e9 o\u00f9 il \u00e9tait question de prestations et de tarifs. \u00ab\u00a0Je n&rsquo;avais plus de doute sur ce qu&rsquo;il \u00e9tait en train de se passer. J&rsquo;ai \u00e9crit au procureur de la R\u00e9publique de Toulon. J&rsquo;ai re\u00e7u un mail m&rsquo;indiquant que les personnes comp\u00e9tentes en prendrait connaissance. Mais&#8230; rien\u00a0\u00bb.\u00a0<\/p>\n<p>En lisant Var-matin, elle apprend que le parquet de Cr\u00e9teil est comp\u00e9tent sur ce dossier. \u00ab\u00a0J&rsquo;avais l&rsquo;impression d&rsquo;\u00eatre balad\u00e9e, pas prise au s\u00e9rieux\u00a0\u00bb.\u00a0<\/p>\n<p>Elle tient debout cette maman native du Sud, on ne sait pas comment. Une fois dans les locaux du commissariat, elle va \u00eatre entendue. Pas plus de vingt minutes, en pr\u00e9sence de sa fille. \u00ab\u00a0J&rsquo;avais des choses \u00e0 dire, mais pas en pr\u00e9sence de ma fille que je n&rsquo;avais pas vu depuis des semaines!\u00a0\u00bb.\u00a0<\/p>\n<p>\u00ab\u00a0Je voulais porter plainte pour s\u00e9questration et enl\u00e8vement\u00a0\u00bb<\/p>\n<p>Elle voulait porter plainte pour enl\u00e8vement et s\u00e9questration, on lui r\u00e9pond que les poursuites pour prox\u00e9n\u00e9tisme c&rsquo;est suffisant, explique-t-elle. Elle demande un examen m\u00e9dico-l\u00e9gal, gyn\u00e9cologique et une expertise psychologique pour sa fille. \u00ab\u00a0On m&rsquo;a dit de l&#8217;emmener moi-m\u00eame aux urgences\u00a0\u00bb.\u00a0<\/p>\n<p>La seule chose \u00e0 laquelle cette m\u00e8re pense c&rsquo;est de la mettre \u00e0 l&rsquo;abri et de l&rsquo;\u00e9loigner le plus rapidement de Toulon. \u00ab\u00a0Je veux rentrer\u00a0\u00bb, ne cesse de r\u00e9p\u00e9ter Lucie. Devant le commissariat de Toulon, loin de chez elles, m\u00e8re et fille ne savent plus quoi faire. \u00ab\u00a0C&rsquo;est d\u00e9brouillez-vous!\u00a0\u00bb, ne d\u00e9col\u00e8re pas Mme Ragot. Elles seront accueillies dans une famille avant de reprendre le train le jeudi matin.\u00a0<\/p>\n<p>Le vendredi, la m\u00e8re de Lucie re\u00e7oit un appel du commissariat. \u00ab\u00a0On m&rsquo;a dit que je pouvais venir \u00e0 l&rsquo;audience. Je suis \u00e0 plus de 800 km. Je n&rsquo;y comprends rien\u00a0\u00bb.<\/p>\n<p>Un renvoi du prox\u00e9n\u00e8te pr\u00e9sum\u00e9 en&#8230; comparution imm\u00e9diate<\/p>\n<p>Le prox\u00e9n\u00e8te pr\u00e9sum\u00e9, un gar\u00e7on de 21 ans, fait alors l&rsquo;objet d&rsquo;un renvoi devant le tribunal correctionnel de Toulon, dans le cadre d&rsquo;une comparution imm\u00e9diate pour prox\u00e9n\u00e9tisme aggrav\u00e9, port d&rsquo;arme blanche et refus de donner le code d&rsquo;acc\u00e8s \u00e0 son t\u00e9l\u00e9phone.\u00a0<\/p>\n<p>Tout a d\u00fb \u00eatre g\u00e9r\u00e9, pour les proches, \u00e0 la va-vite, au milieu d&rsquo;une situation dramatique.<\/p>\n<p>Le vendredi 29 ao\u00fbt 2025, le pr\u00e9venu n&rsquo;a pas \u00e9t\u00e9 jug\u00e9. Il a ni\u00e9 les faits et il a demand\u00e9 un d\u00e9lai pour pr\u00e9parer sa d\u00e9fense<\/p>\n<p>Des observations de l&rsquo;avocat: \u00a0\u00bb Je pensais que le dossier n&rsquo;\u00e9tait pas complet\u00a0\u00bb<\/p>\n<p>Aux int\u00e9r\u00eats de la jeune victime et gr\u00e2ce \u00e0 la r\u00e9activit\u00e9 du barreau de Toulon, Me Lucas Mas a fait des observations sur la proc\u00e9dure de comparution imm\u00e9diate. \u00ab\u00a0En d\u00e9couvrant le dossier, j&rsquo;ai pens\u00e9 qu&rsquo;il manquait des pi\u00e8ces de proc\u00e9dure, qu&rsquo;il n&rsquo;\u00e9tait pas complet\u00a0\u00bb.\u00a0<\/p>\n<p>Il a relev\u00e9 qu&rsquo;un tel dossier \u00ab\u00a0tr\u00e8s grave\u00a0\u00bb n\u00e9cessite l&rsquo;ouverture d&rsquo;une information judiciaire. Des t\u00e9l\u00e9phones ont \u00e9t\u00e9 saisis, il faut les expertiser selon lui, pour comprendre l&rsquo;ampleur de l&rsquo;affaire, pour identifier les clients et les poursuivre.<\/p>\n<p>Un site Internet aurait diffus\u00e9 les \u00ab\u00a0petites annonces\u00a0\u00bb mettant en lien les adultes avec les deux jeunes filles.\u00a0<\/p>\n<p>A-t-elle \u00e9t\u00e9 drogu\u00e9e? A-t-elle pris des substances illicites? Aucun pr\u00e9l\u00e8vement n&rsquo;a \u00e9t\u00e9 effectu\u00e9e.\u00a0<\/p>\n<p>\u00ab\u00a0Il s&rsquo;agit de faits de viols sur une mineure! Ce n&rsquo;est pas la premi\u00e8re fois que le mis en cause est entendu pour prox\u00e9n\u00e9tisme\u00a0\u00bb.<\/p>\n<p>Un compl\u00e9ment d&rsquo;enqu\u00eate \u00e9voqu\u00e9<\/p>\n<p>Dans la salle d&rsquo;audience, d&rsquo;autres avocats s&rsquo;\u00e9meuvent. Me Morgan Daudet-Maginot, avocat d&rsquo;une association de lutte contre le prox\u00e9n\u00e9tisme demande, lui \u00e9galement, parle de l&rsquo;importance d&rsquo;un compl\u00e9ment d&rsquo;enqu\u00eate.\u00a0\u00a0<\/p>\n<p>La prochaine audience a \u00e9t\u00e9 fix\u00e9e au mercredi 8 octobre par le vice-pr\u00e9sident du tribunal judiciaire Philippe Plantard. Il a prononc\u00e9 un mandat de d\u00e9p\u00f4t et le placement en d\u00e9tention provisoire dans un centre p\u00e9nitentiaire.<\/p>\n<p>L&rsquo;individu a \u00e9t\u00e9 \u00e9crou\u00e9 jusqu&rsquo;\u00e0 son jugement sur les faits.<\/p>\n<p>La maman de Lucie fait tout de son c\u00f4t\u00e9 pour que sa fille retrouve la vie d&rsquo;une coll\u00e9gienne de 15 ans.\u00a0<\/p>\n","protected":false},"excerpt":{"rendered":"\u00ab\u00a0Ouvrez! Police&#8230;\u00a0\u00bb. Silence ou presque. Derri\u00e8re cette porte, on prostitue une enfant. \u00c0 15 ans, on est toujours&hellip;\n","protected":false},"author":2,"featured_media":361308,"comment_status":"","ping_status":"","sticky":false,"template":"","format":"standard","meta":{"footnotes":""},"categories":[9619],"tags":[1111,11,1777,674,118,1011,27,303,12,882,25,2310],"class_list":{"0":"post-370167","1":"post","2":"type-post","3":"status-publish","4":"format-standard","5":"has-post-thumbnail","7":"category-toulon","8":"tag-actu","9":"tag-actualites","10":"tag-eu","11":"tag-europe","12":"tag-faits-divers","13":"tag-fr","14":"tag-france","15":"tag-justice","16":"tag-news","17":"tag-provence-alpes-cote-dazur","18":"tag-republique-francaise","19":"tag-toulon"},"share_on_mastodon":{"url":"https:\/\/pubeurope.com\/@fr\/115156341430935164","error":""},"_links":{"self":[{"href":"https:\/\/www.europesays.com\/fr\/wp-json\/wp\/v2\/posts\/370167","targetHints":{"allow":["GET"]}}],"collection":[{"href":"https:\/\/www.europesays.com\/fr\/wp-json\/wp\/v2\/posts"}],"about":[{"href":"https:\/\/www.europesays.com\/fr\/wp-json\/wp\/v2\/types\/post"}],"author":[{"embeddable":true,"href":"https:\/\/www.europesays.com\/fr\/wp-json\/wp\/v2\/users\/2"}],"replies":[{"embeddable":true,"href":"https:\/\/www.europesays.com\/fr\/wp-json\/wp\/v2\/comments?post=370167"}],"version-history":[{"count":0,"href":"https:\/\/www.europesays.com\/fr\/wp-json\/wp\/v2\/posts\/370167\/revisions"}],"wp:featuredmedia":[{"embeddable":true,"href":"https:\/\/www.europesays.com\/fr\/wp-json\/wp\/v2\/media\/361308"}],"wp:attachment":[{"href":"https:\/\/www.europesays.com\/fr\/wp-json\/wp\/v2\/media?parent=370167"}],"wp:term":[{"taxonomy":"category","embeddable":true,"href":"https:\/\/www.europesays.com\/fr\/wp-json\/wp\/v2\/categories?post=370167"},{"taxonomy":"post_tag","embeddable":true,"href":"https:\/\/www.europesays.com\/fr\/wp-json\/wp\/v2\/tags?post=370167"}],"curies":[{"name":"wp","href":"https:\/\/api.w.org\/{rel}","templated":true}]}}