{"id":370172,"date":"2025-09-06T08:13:19","date_gmt":"2025-09-06T08:13:19","guid":{"rendered":"https:\/\/www.europesays.com\/fr\/370172\/"},"modified":"2025-09-06T08:13:19","modified_gmt":"2025-09-06T08:13:19","slug":"les-etudiants-misent-sur-des-alternatives-innovantes-pour-se-loger","status":"publish","type":"post","link":"https:\/\/www.europesays.com\/fr\/370172\/","title":{"rendered":"les \u00e9tudiants misent sur des alternatives innovantes pour se loger"},"content":{"rendered":"<p>            Par<br \/>\n        <strong><br \/>\n            <a href=\"https:\/\/actu.fr\/auteur\/r-coudert\" title=\"Consulter tous les articles de Rachel Coudert\" rel=\"nofollow noopener\" target=\"_blank\">Rachel Coudert<\/a><br \/>\n        <\/strong><\/p>\n<p>        Publi\u00e9 le<\/p>\n<p>            6 sept. 2025 \u00e0 9h37        <\/p>\n<p>Comme chaque ann\u00e9e, la crise du <strong>logement<\/strong> \u00e0 <strong>Montpellier<\/strong> ne fait que s\u2019aggraver. Avec toujours plus d\u2019<strong>\u00e9tudiants<\/strong> et trop peu de logements pour les accueillir, le <strong>SCUM<\/strong>, Syndicat de Combat Universitaire de Montpellier, tire la sonnette d\u2019alarme : \u00ab Le co\u00fbt de la vie pour un \u00e9tudiant \u00e0 Montpellier a augment\u00e9 de <strong>5,54 %<\/strong> cette ann\u00e9e. Cette hausse s\u2019ajoute \u00e0 celle de 3,65 % l\u2019an dernier, de 6,4 % en 2022 et de 2,14 % en 2021. \u00bb En parall\u00e8le, les loyers, eux, ne cessent d\u2019augmenter. S\u2019ajoutent \u00e0 \u00e7a les logements CROUS, d\u00e9j\u00e0 surchag\u00e9s d\u2019\u00e9tudiants : \u00e0 Montpellier, elles ne peuvent accueillir \u00ab que 10 % des \u00e9tudiants montpelli\u00e9rains \u00bb, d\u00e9taille le syndicat.<\/p>\n<p class=\" wall-content\">Un constat que la repr\u00e9sentante d\u2019<strong>Infos Jeunes Occitanie<\/strong> \u00e0 Montpellier appuie : \u00ab Chaque ann\u00e9e, on rencontre de plus en plus de <strong>pr\u00e9carit\u00e9<\/strong> et de <strong>difficult\u00e9s<\/strong> \u00e0 accompagner les jeunes pour trouver un logement. D\u2019ann\u00e9e en ann\u00e9e, il y a une hausse de cette crise du logement car il y a \u00e9norm\u00e9ment d\u2019\u00e9tudiants et pas assez de logements, malgr\u00e9 les constructions de r\u00e9sidences sur Montpellier. \u00bb Pour essayer de pallier au mieux \u00e0 cette crise, le SCUM et Infos Jeunes proposent un suivi pour les aider dans cette situation d\u00e9sesp\u00e9r\u00e9e. Mais parfois, m\u00eame cet accompagnement ne suffit pas. Alors, par d\u00e9pit ou par choix, les \u00e9tudiants se tournent vers d\u2019autres <strong>alternatives<\/strong>, plus m\u00e9connues, pour \u00e9tudier co\u00fbte que co\u00fbte \u00e0 Montpellier.<\/p>\n<p>Les colocations \u00e9tudiantes<\/p>\n<p class=\" wall-content\">De plus en plus r\u00e9pandue partout en France, Montpellier n\u2019\u00e9chappe pas non plus \u00e0 cette nouvelle tendance : la <strong>colocation \u00e9tudiante<\/strong>. Solution id\u00e9ale pour vivre \u00e0 plusieurs \u00e0 moindre co\u00fbt, c\u2019est parfois l\u2019entre-deux parfait pour les \u00e9tudiants en gal\u00e8re de logement. Un ph\u00e9nom\u00e8ne qui n\u2019a pas \u00e9chapp\u00e9 \u00e0 Info Jeunes Montpellier : \u00ab Il y a \u00e9norm\u00e9ment de colocations qui se sont d\u00e9velopp\u00e9es. Avant, c\u2019\u00e9tait vraiment minime. Aujourd\u2019hui, c\u2019est quelque chose qui fonctionne, il y a beaucoup de propositions et de demandes chez les \u00e9tudiants montpelli\u00e9rains. \u00bb<\/p>\n<p class=\" wall-content\">Emma, \u00e9tudiante en Master de journalisme \u00e0 l\u2019ESJ Pro, est en colocation depuis son arriv\u00e9e \u00e0 Montpellier en 2024 : \u00ab Je l\u2019ai trouv\u00e9 sur le site \u201cla Carte des Colocs\u201d. Pour moi, la colocation, c\u2019\u00e9tait mon premier choix. Je ne connaissais personne sur Montpellier donc \u00e7a me permettait de rencontrer des gens et \u00e7a, c\u2019est chouette. Et en plus, comme j\u2019ai un petit budget, c\u2019est plus int\u00e9ressant pour les loyers. \u00bb Install\u00e9e \u00e0 Gambetta dans un appartement de 120 m\u00b2 avec ses trois autres colocataires, la vie en communaut\u00e9 se d\u00e9roule sans accroc : \u00ab On est dans une coloc assez ouverte, il y a pas mal de passages. Apr\u00e8s, on a mis en place des r\u00e8gles de savoir-vivre. Il faut s\u2019adapter en colocation, savoir faire des compromis et s\u2019organiser pour que \u00e7a fonctionne bien. \u00bb<\/p>\n<p>Vid\u00e9os : en ce moment sur Actu<\/p>\n<p class=\" wall-content\">Mais elle mesure \u00e9galement la chance qu\u2019elle a eue avec sa colocation actuelle : \u00ab Il faut aussi tomber sur les bonnes personnes, parce que je suis d\u00e9j\u00e0 pass\u00e9e par des colocs o\u00f9 \u00e7a ne s\u2019est pas toujours bien pass\u00e9. Et je sais que trouver des colocs, \u00e7a peut aussi \u00eatre gal\u00e8re. \u00bb Malgr\u00e9 tout, c\u2019est une exp\u00e9rience qu\u2019elle recommande les yeux ferm\u00e9s : \u00ab J\u2019ai litt\u00e9ralement rencontr\u00e9 mes meilleurs amis \u00e0 Montpellier. Moi qui n\u2019aime pas trop vivre seule de base, \u00e7a me permet de partager beaucoup de moments avec eux, tout en respectant les limites de chacun. \u00bb<\/p>\n<p>Le logement partag\u00e9 interg\u00e9n\u00e9rationnel<\/p>\n<p class=\" wall-content\">Mais la colocation n\u2019est pas la seule option : certains \u00e9tudiants choisissent une alternative plus atypique, le <strong>logement partag\u00e9 interg\u00e9n\u00e9rationnel<\/strong>. C\u2019est le choix peu r\u00e9pandu qu\u2019a fait Amandine, \u00e9tudiante en sciences politiques, en se logeant chez un senior. Encadr\u00e9e par l\u2019association Ensemble2G\u00e9n\u00e9rations, elle a habit\u00e9 pendant deux ann\u00e9es \u00e0 Montpellier aux c\u00f4t\u00e9s d\u2019une personne \u00e2g\u00e9e. \u00ab On est tr\u00e8s accompagn\u00e9, aussi bien pour la s\u00e9lection du senior, la rencontre, la signature du contrat et les d\u00e9marches administratives. De mon c\u00f4t\u00e9, je payais 230 \u20ac par mois. \u00bb Une exp\u00e9rience riche en souvenirs et en moments partag\u00e9s : \u00ab \u00c7a s\u2019est tr\u00e8s bien pass\u00e9 pour moi. M\u00eame si au d\u00e9but c\u2019\u00e9tait un peu particulier de vivre avec une senior, je me suis sentie tr\u00e8s vite \u00e0 l\u2019aise dans ma chambre. On \u00e9changeait beaucoup et j\u2019aimais beaucoup parler avec elle. C\u2019\u00e9tait hyper enrichissant. \u00bb En \u00e9change de services et de temps partag\u00e9, l\u2019\u00e9tudiant peut ainsi b\u00e9n\u00e9ficier d\u2019une chambre chez un senior \u00e0 moindre co\u00fbt.<\/p>\n<p>Votre r\u00e9gion, votre actu !<\/p>\n<p>Recevez chaque jour les infos qui comptent pour vous.<\/p>\n<p>\t<a href=\"https:\/\/actu.fr\/newsletter\" class=\"ac-btn ac-btn--corner ac-btn--medium ac-btn--blue800\" rel=\"nofollow noopener\" target=\"_blank\">S&rsquo;incrire<\/a><\/p>\n<p class=\" wall-content\">Une alternative id\u00e9ale pour se loger, mais qu\u2019elle ne recommande pas \u00e0 tout le monde : \u00ab C\u2019est une super initiative car il y a beaucoup de seniors qui ont des chambres disponibles et qui subissent la solitude. Ce qui est bien aussi, c\u2019est que \u00e7a permet de r\u00e9soudre un probl\u00e8me grandissant : le manque de logement pour les \u00e9tudiants. Par contre, ce n\u2019est pas la meilleure solution pour tous, \u00e7a demande d\u2019\u00eatre disponible pour la personne et d\u2019y consacrer du temps pour construire une relation.\u00a0<\/p>\n<p>Les r\u00e9sidences interg\u00e9n\u00e9rationnelles<\/p>\n<p class=\" wall-content\">D\u2019autres choisissent une solution collective, en int\u00e9grant des r\u00e9sidences pens\u00e9es pour favoriser le lien social : les <strong>r\u00e9sidences interg\u00e9n\u00e9rationnelles<\/strong>. Relativement similaires aux KAPS \u2013 des colocations solidaires o\u00f9 les \u00e9tudiants donnent de leur temps pour certaines causes tout en payant un loyer \u00e0 prix r\u00e9duit \u2013, Rosalie, \u00e9tudiante en deuxi\u00e8me ann\u00e9e de Master \u00e0 Paul Val\u00e9ry, vit depuis son arriv\u00e9e \u00e0 Montpellier dans la r\u00e9sidence Anne Frank du quartier des Beaux-Arts. Le concept ? Vivre dans une r\u00e9sidence cr\u00e9atrice de liens, o\u00f9 seniors et \u00e9tudiants cohabitent ensemble. Chaque r\u00e9sident poss\u00e8de sa propre chambre individuelle et profite d\u2019un lieu commun tout \u00e9quip\u00e9 : salle de sport, biblioth\u00e8que, salle de jeux\u2026 En \u00e9change de quelques services, l\u2019\u00e9tudiant profite pleinement de cette vie en communaut\u00e9 tout en gardant une certaine libert\u00e9. \u00ab C\u2019est la premi\u00e8re fois que j\u2019habite dans ce genre d\u2019endroit. Avant j\u2019habitais dans une r\u00e9sidence classique, mais ici, c\u2019est diff\u00e9rent. \u00bb<\/p>\n<p>\u00a0<\/p>\n<p class=\" wall-content\">\n<p class=\" wall-content\">Une option qui lui \u00e9tait pourtant totalement inconnue au d\u00e9part : \u00ab L\u2019ann\u00e9e derni\u00e8re j\u2019ai \u00e9t\u00e9 accept\u00e9e tr\u00e8s tard en premi\u00e8re ann\u00e9e de Master. Mi-septembre \u00e0 Montpellier il ne restait plus d\u2019appartements \u00e9tudiants dans mon budget. Les r\u00e9sidences, type Crous ou \u00e9tudiantes, \u00e9taient d\u00e9j\u00e0 compl\u00e8tes et j\u2019\u00e9tais sur liste d\u2019attente. C\u2019est un ami de ma famille qui nous a parl\u00e9 de cette r\u00e9sidence et apr\u00e8s un coup de fil, j\u2019ai finalement pris mon billet de train et deux valises direction Montpellier. \u00bb<\/p>\n<p class=\" wall-content\">Log\u00e9e dans une chambre de 20 m\u00b2 avec salle de bain priv\u00e9e attenante, elle participe \u00e0 la vie en collectivit\u00e9 au quotidien : \u00ab Les chambres sont altern\u00e9es entre celles des r\u00e9sidents seniors et des \u00e9tudiants. Du coup on est tous m\u00e9lang\u00e9s. On prend les repas ensemble, on joue \u00e0 des jeux de soci\u00e9t\u00e9. Les \u00e9tudiants apprennent aux seniors \u00e0 jouer au kems et au Uno et les seniors nous montrent les r\u00e8gles du tarot ou de la belote. On s\u2019aide mutuellement\u2026 \u00bb S\u2019ajoute \u00e9galement une partie b\u00e9n\u00e9volat, au c\u0153ur de la vie de la r\u00e9sidence : \u00ab L\u2019\u00e9tudiant s\u2019engage \u00e0 rendre service \u00e0 la r\u00e9sidence, on doit aussi proposer des activit\u00e9s aux autres r\u00e9sidents, faire la plonge et pr\u00e9parer la table une journ\u00e9e par mois, ce genre de choses. \u00bb Un fonctionnement qui, sur le long terme, profite aussi bien les seniors que les \u00e9tudiants en proie \u00e0 la crise du logement.<\/p>\n<p class=\" wall-content\">Personnalisez votre actualit\u00e9 en ajoutant vos villes et m\u00e9dias en favori avec <a href=\"https:\/\/moncompte.actu.fr\" title=\"D\u00e9couvez Mon Actu\" rel=\"nofollow noopener\" data-trk=\"{&quot;cta&quot;:{&quot;action&quot;:&quot;https:\\\/\\\/moncompte.actu.fr&quot;,&quot;category&quot;:&quot;mon compte&quot;,&quot;from&quot;:&quot;article footer&quot;,&quot;name&quot;:&quot;Mon actu&quot;,&quot;type&quot;:&quot;cta&quot;}}\" target=\"_blank\">Mon Actu<\/a>.<\/p>\n","protected":false},"excerpt":{"rendered":"Par Rachel Coudert Publi\u00e9 le 6 sept. 2025 \u00e0 9h37 Comme chaque ann\u00e9e, la crise du logement \u00e0&hellip;\n","protected":false},"author":2,"featured_media":370173,"comment_status":"","ping_status":"","sticky":false,"template":"","format":"standard","meta":{"footnotes":""},"categories":[9599],"tags":[1111,11,1777,674,1011,27,1908,2208,12,2680,11090,25,104],"class_list":{"0":"post-370172","1":"post","2":"type-post","3":"status-publish","4":"format-standard","5":"has-post-thumbnail","7":"category-montpellier","8":"tag-actu","9":"tag-actualites","10":"tag-eu","11":"tag-europe","12":"tag-fr","13":"tag-france","14":"tag-logement","15":"tag-montpellier","16":"tag-news","17":"tag-occitanie","18":"tag-precarite-etudiante","19":"tag-republique-francaise","20":"tag-societe"},"share_on_mastodon":{"url":"https:\/\/pubeurope.com\/@fr\/115156353314824719","error":""},"_links":{"self":[{"href":"https:\/\/www.europesays.com\/fr\/wp-json\/wp\/v2\/posts\/370172","targetHints":{"allow":["GET"]}}],"collection":[{"href":"https:\/\/www.europesays.com\/fr\/wp-json\/wp\/v2\/posts"}],"about":[{"href":"https:\/\/www.europesays.com\/fr\/wp-json\/wp\/v2\/types\/post"}],"author":[{"embeddable":true,"href":"https:\/\/www.europesays.com\/fr\/wp-json\/wp\/v2\/users\/2"}],"replies":[{"embeddable":true,"href":"https:\/\/www.europesays.com\/fr\/wp-json\/wp\/v2\/comments?post=370172"}],"version-history":[{"count":0,"href":"https:\/\/www.europesays.com\/fr\/wp-json\/wp\/v2\/posts\/370172\/revisions"}],"wp:featuredmedia":[{"embeddable":true,"href":"https:\/\/www.europesays.com\/fr\/wp-json\/wp\/v2\/media\/370173"}],"wp:attachment":[{"href":"https:\/\/www.europesays.com\/fr\/wp-json\/wp\/v2\/media?parent=370172"}],"wp:term":[{"taxonomy":"category","embeddable":true,"href":"https:\/\/www.europesays.com\/fr\/wp-json\/wp\/v2\/categories?post=370172"},{"taxonomy":"post_tag","embeddable":true,"href":"https:\/\/www.europesays.com\/fr\/wp-json\/wp\/v2\/tags?post=370172"}],"curies":[{"name":"wp","href":"https:\/\/api.w.org\/{rel}","templated":true}]}}