{"id":370182,"date":"2025-09-06T08:20:46","date_gmt":"2025-09-06T08:20:46","guid":{"rendered":"https:\/\/www.europesays.com\/fr\/370182\/"},"modified":"2025-09-06T08:20:46","modified_gmt":"2025-09-06T08:20:46","slug":"j-7-avant-louverture-du-festival-la-flume-enchantee-pres-de-rennes","status":"publish","type":"post","link":"https:\/\/www.europesays.com\/fr\/370182\/","title":{"rendered":"J-7 avant l&rsquo;ouverture du festival La fl\u00fbme enchant\u00e9e, pr\u00e8s de Rennes"},"content":{"rendered":"<p>            Par<br \/>\n        <strong><br \/>\n            <a href=\"https:\/\/actu.fr\/auteur\/laurene-fertin\" title=\"Consulter tous les articles de Laur\u00e8ne Fertin\" rel=\"nofollow noopener\" target=\"_blank\">Laur\u00e8ne Fertin<\/a><br \/>\n        <\/strong><\/p>\n<p>        Publi\u00e9 le<\/p>\n<p>            5 sept. 2025 \u00e0 16h58        <\/p>\n<p>IAM, Black M, Tiken Jah Facoly\u2026 <a href=\"https:\/\/actu.fr\/bretagne\/rennes_35238\/pierre-garnier-kendji-girac-carbonne-la-flume-enchantee-2025-devoile-le-nom-des-premiers-artistes_62014822.html\" rel=\"nofollow noopener\" target=\"_blank\"><strong>Le festival de La fl\u00fbme enchant\u00e9e<\/strong><\/a> a promis pour cette 11\u1d49 ann\u00e9e, \u00ab\u2009une \u00e9dition XXL avec une programmation explosive\u2009\u00bb.<\/p>\n<p class=\" wall-content\">Les vendredi\u00a012, samedi\u00a013 et dimanche 14\u00a0septembre 2025, <strong>45\u2009000 festivaliers<\/strong> sont attendus \u00e0 <strong>G\u00e9vez\u00e9,<\/strong> pr\u00e8s de Rennes (Ille-et-Vilaine).<\/p>\n<p>Un nouveau site<\/p>\n<p class=\" wall-content\">\u00ab\u2009C\u2019est <strong>15\u2009000 de plus<\/strong> que l\u2019ann\u00e9e derni\u00e8re\u2009\u00bb, glisse Louis Larcher, porte-parole du festival.<\/p>\n<p class=\" wall-content\">Le montage a d\u2019ailleurs commenc\u00e9 ce jeudi 4\u00a0septembre. <strong>Petite nouveaut\u00e9<\/strong> cette ann\u00e9e\u2009: le festival a d\u00fb <strong>changer de terrain<\/strong> pour accueillir les milliers de nouveaux participants\u2026 \u00ab\u2009On sera d\u00e9sormais install\u00e9 Plaine du Choinel\u2009\u00bb, pr\u00e9cise Louis Larcher. \u00ab\u2009Auparavant, La fl\u00fbme enchant\u00e9e se d\u00e9roulait Plaine Launay-Geffroy. <strong>Le nouveau site est \u00e0 trois minutes.\u2009\u00bb<\/strong><\/p>\n<p>Une troisi\u00e8me sc\u00e8ne<\/p>\n<p class=\" wall-content\">Nous vous en parlions en f\u00e9vrier dernier, le festival avait annonc\u00e9 <a href=\"https:\/\/actu.fr\/bretagne\/rennes_35238\/keblack-iam-stephane-le-festival-la-flume-enchantee-devoile-presque-toute-sa-programmation_62288040.html\" rel=\"nofollow noopener\" target=\"_blank\">la programmation (quasi) compl\u00e8te<\/a>. Le dernier artiste annonc\u00e9 en date est <strong>Naza,<\/strong> qui fera la fermeture dimanche 13\u00a0septembre, de 22h15 \u00e0 23h30.<\/p>\n<p class=\" wall-content\">Cette ann\u00e9e \u00e9galement,<strong> une troisi\u00e8me sc\u00e8ne<\/strong> sera \u00e0 l\u2019honneur. Une sc\u00e8ne qui parlera aux fans de la premi\u00e8re heure, celles et ceux qui ont suivi les premiers pas du festival. Seront programm\u00e9s des artistes, d\u00e9j\u00e0 venus \u00e0 plusieurs reprises, \u00e0 l\u2019image d\u2019Alee &amp; Mourad, qui comptent sept passages \u00e0 leur compteur.<\/p>\n<p>Votre r\u00e9gion, votre actu !<\/p>\n<p>Recevez chaque jour les infos qui comptent pour vous.<\/p>\n<p>\t<a href=\"https:\/\/actu.fr\/newsletter\" class=\"ac-btn ac-btn--corner ac-btn--medium ac-btn--blue800\" rel=\"nofollow noopener\" target=\"_blank\">S&rsquo;incrire<\/a><br \/>\n\u00ab\u00a0Une ambiance familiale\u00a0\u00bb<\/p>\n<p>La fl\u00fbme enchant\u00e9e met un point d&rsquo;honneur \u00e0 ce que le festival garde un ancrage familial. \u00ab\u00a0Notre public est compos\u00e9 de personnes dont l&rsquo;\u00e2ge varie entre 4 et 80 ans\u00a0\u00bb, sourit Louis Larcher.<\/p>\n<p>Presque complet<\/p>\n<p class=\" wall-content\"><a href=\"https:\/\/www.instagram.com\/p\/DJw5bLYMjqB\/embed\" title=\"Ouvrir le lien sur Instagram\" rel=\"nofollow noopener\" target=\"_blank\">Visualiser le contenu sur Instagram<\/a><\/p>\n<p class=\" wall-content\">Le festival, fort de ses <strong>700\u00a0b\u00e9n\u00e9voles,<\/strong> est d\u00e9j\u00e0 presque <b>boucl\u00e9\u2009<\/b>: les pass 2 et 3\u00a0jours sont d\u00e9j\u00e0 \u00e9coul\u00e9s. \u00ab\u2009On va faire complet\u2009\u00bb, expose le porte-parole, \u00ab\u2009il ne reste que des billets pour les journ\u00e9es de <strong>vendredi<\/strong> et <strong>dimanche.\u2009\u00bb<\/strong><\/p>\n<p class=\" wall-content\">Personnalisez votre actualit\u00e9 en ajoutant vos villes et m\u00e9dias en favori avec <a href=\"https:\/\/moncompte.actu.fr\" title=\"D\u00e9couvez Mon Actu\" rel=\"nofollow noopener\" data-trk=\"{&quot;cta&quot;:{&quot;action&quot;:&quot;https:\\\/\\\/moncompte.actu.fr&quot;,&quot;category&quot;:&quot;mon compte&quot;,&quot;from&quot;:&quot;article footer&quot;,&quot;name&quot;:&quot;Mon actu&quot;,&quot;type&quot;:&quot;cta&quot;}}\" target=\"_blank\">Mon Actu<\/a>.<\/p>\n<p>                    <script async src=\"\/\/www.instagram.com\/embed.js\"><\/script><\/p>\n","protected":false},"excerpt":{"rendered":"Par Laur\u00e8ne Fertin Publi\u00e9 le 5 sept. 2025 \u00e0 16h58 IAM, Black M, Tiken Jah Facoly\u2026 Le festival&hellip;\n","protected":false},"author":2,"featured_media":370183,"comment_status":"","ping_status":"","sticky":false,"template":"","format":"standard","meta":{"footnotes":""},"categories":[2821],"tags":[1111,11,829,1697,1777,674,1011,27,1652,873,12,584,25],"class_list":{"0":"post-370182","1":"post","2":"type-post","3":"status-publish","4":"format-standard","5":"has-post-thumbnail","7":"category-rennes","8":"tag-actu","9":"tag-actualites","10":"tag-bretagne","11":"tag-concert","12":"tag-eu","13":"tag-europe","14":"tag-fr","15":"tag-france","16":"tag-loisirs-culture","17":"tag-musique","18":"tag-news","19":"tag-rennes","20":"tag-republique-francaise"},"share_on_mastodon":{"url":"https:\/\/pubeurope.com\/@fr\/115156380766885151","error":""},"_links":{"self":[{"href":"https:\/\/www.europesays.com\/fr\/wp-json\/wp\/v2\/posts\/370182","targetHints":{"allow":["GET"]}}],"collection":[{"href":"https:\/\/www.europesays.com\/fr\/wp-json\/wp\/v2\/posts"}],"about":[{"href":"https:\/\/www.europesays.com\/fr\/wp-json\/wp\/v2\/types\/post"}],"author":[{"embeddable":true,"href":"https:\/\/www.europesays.com\/fr\/wp-json\/wp\/v2\/users\/2"}],"replies":[{"embeddable":true,"href":"https:\/\/www.europesays.com\/fr\/wp-json\/wp\/v2\/comments?post=370182"}],"version-history":[{"count":0,"href":"https:\/\/www.europesays.com\/fr\/wp-json\/wp\/v2\/posts\/370182\/revisions"}],"wp:featuredmedia":[{"embeddable":true,"href":"https:\/\/www.europesays.com\/fr\/wp-json\/wp\/v2\/media\/370183"}],"wp:attachment":[{"href":"https:\/\/www.europesays.com\/fr\/wp-json\/wp\/v2\/media?parent=370182"}],"wp:term":[{"taxonomy":"category","embeddable":true,"href":"https:\/\/www.europesays.com\/fr\/wp-json\/wp\/v2\/categories?post=370182"},{"taxonomy":"post_tag","embeddable":true,"href":"https:\/\/www.europesays.com\/fr\/wp-json\/wp\/v2\/tags?post=370182"}],"curies":[{"name":"wp","href":"https:\/\/api.w.org\/{rel}","templated":true}]}}