{"id":370186,"date":"2025-09-06T08:22:17","date_gmt":"2025-09-06T08:22:17","guid":{"rendered":"https:\/\/www.europesays.com\/fr\/370186\/"},"modified":"2025-09-06T08:22:17","modified_gmt":"2025-09-06T08:22:17","slug":"strasbourg-nouveau-vicaire-general","status":"publish","type":"post","link":"https:\/\/www.europesays.com\/fr\/370186\/","title":{"rendered":"Strasbourg : nouveau vicaire g\u00e9n\u00e9ral"},"content":{"rendered":"<p>Le chanoine Marc Schmitt, cur\u00e9 de la paroisse de Thann, a \u00e9t\u00e9 <a href=\"https:\/\/www.alsace.catholique.fr\/le-diocese\/460861-le-chanoine-marc-schmitt-est-nomme-vicaire-general\/\" target=\"_blank\" rel=\"noopener\">nomm\u00e9<\/a> troisi\u00e8me vicaire g\u00e9n\u00e9ral du dioc\u00e8se de Strasbourg. Sa nomination a \u00e9t\u00e9 \u2013 Concordat oblige \u2013 <a href=\"https:\/\/www.legifrance.gouv.fr\/jorf\/id\/JORFTEXT000051884205#:~:text=tous%20les%20champs-,D%C3%A9cret%20du%2010%20juillet%202025%20portant%20agr%C3%A9ment,nomination%20d&#039;un%20vicaire%20g%C3%A9n%C3%A9ral&amp;text=Est%20agr%C3%A9%C3%A9e%20la%20d%C3%A9cision%20par,vicaire%20g%C3%A9n%C3%A9ral%20de%20son%20dioc%C3%A8se.\" target=\"_blank\" rel=\"noopener\">agr\u00e9\u00e9e<\/a> par d\u00e9cret du 10 juillet dernier.<\/p>\n<p>Il ne faudra pas le confondre avec le p\u00e8re Hubert Schmitt, mis en cause pour gestes d\u00e9plac\u00e9s vis \u00e0 vis d\u2019un enfant de choeur il y a trente ans et n\u00e9anmoins <a href=\"https:\/\/riposte-catholique.fr\/archives\/207737\" target=\"_blank\" rel=\"noopener\">r\u00e9install\u00e9<\/a> dans ses fonctions par Mgr Delannoy.<\/p>\n<p><img loading=\"lazy\" decoding=\"async\" class=\"alignnone size-full wp-image-208116 lazyload\" src=\"https:\/\/www.europesays.com\/fr\/wp-content\/uploads\/2025\/09\/blue-and-yellow-modern-employee-spotlight-instagram-post.jpg\" alt=\"\" width=\"1080\" height=\"1080\" data-  \/><\/p>\n","protected":false},"excerpt":{"rendered":"Le chanoine Marc Schmitt, cur\u00e9 de la paroisse de Thann, a \u00e9t\u00e9 nomm\u00e9 troisi\u00e8me vicaire g\u00e9n\u00e9ral du dioc\u00e8se&hellip;\n","protected":false},"author":2,"featured_media":370187,"comment_status":"","ping_status":"","sticky":false,"template":"","format":"standard","meta":{"footnotes":""},"categories":[2820],"tags":[1111,11,15854,1777,674,1011,27,775,12,9350,25,640,50442],"class_list":{"0":"post-370186","1":"post","2":"type-post","3":"status-publish","4":"format-standard","5":"has-post-thumbnail","7":"category-strasbourg","8":"tag-actu","9":"tag-actualites","10":"tag-diocese-de-strasbourg","11":"tag-eu","12":"tag-europe","13":"tag-fr","14":"tag-france","15":"tag-grand-est","16":"tag-news","17":"tag-nominations","18":"tag-republique-francaise","19":"tag-strasbourg","20":"tag-vicaire-general"},"share_on_mastodon":{"url":"https:\/\/pubeurope.com\/@fr\/115156389221919764","error":""},"_links":{"self":[{"href":"https:\/\/www.europesays.com\/fr\/wp-json\/wp\/v2\/posts\/370186","targetHints":{"allow":["GET"]}}],"collection":[{"href":"https:\/\/www.europesays.com\/fr\/wp-json\/wp\/v2\/posts"}],"about":[{"href":"https:\/\/www.europesays.com\/fr\/wp-json\/wp\/v2\/types\/post"}],"author":[{"embeddable":true,"href":"https:\/\/www.europesays.com\/fr\/wp-json\/wp\/v2\/users\/2"}],"replies":[{"embeddable":true,"href":"https:\/\/www.europesays.com\/fr\/wp-json\/wp\/v2\/comments?post=370186"}],"version-history":[{"count":0,"href":"https:\/\/www.europesays.com\/fr\/wp-json\/wp\/v2\/posts\/370186\/revisions"}],"wp:featuredmedia":[{"embeddable":true,"href":"https:\/\/www.europesays.com\/fr\/wp-json\/wp\/v2\/media\/370187"}],"wp:attachment":[{"href":"https:\/\/www.europesays.com\/fr\/wp-json\/wp\/v2\/media?parent=370186"}],"wp:term":[{"taxonomy":"category","embeddable":true,"href":"https:\/\/www.europesays.com\/fr\/wp-json\/wp\/v2\/categories?post=370186"},{"taxonomy":"post_tag","embeddable":true,"href":"https:\/\/www.europesays.com\/fr\/wp-json\/wp\/v2\/tags?post=370186"}],"curies":[{"name":"wp","href":"https:\/\/api.w.org\/{rel}","templated":true}]}}