{"id":370188,"date":"2025-09-06T08:23:14","date_gmt":"2025-09-06T08:23:14","guid":{"rendered":"https:\/\/www.europesays.com\/fr\/370188\/"},"modified":"2025-09-06T08:23:14","modified_gmt":"2025-09-06T08:23:14","slug":"eric-ciotti-a-nice-presse-mon-plan-contre-linsecurite","status":"publish","type":"post","link":"https:\/\/www.europesays.com\/fr\/370188\/","title":{"rendered":"\u00c9ric Ciotti \u00e0 Nice-Presse : \u00ab\u00a0mon plan contre l&rsquo;ins\u00e9curit\u00e9\u00a0\u00bb"},"content":{"rendered":"<p><strong>PARTIE 1\/\u200b3. Candidat \u00e0\u00a0l\u2019\u00e9lection municipale, \u00c9ric Ciotti (UDR soutenu par le RN) a\u00a0choisi Nice-\u200bPresse pour d\u00e9voiler sa feuille de route sur les sujets du quotidien\u00a0: la s\u00e9curit\u00e9, la circu\u00adlation, le station\u00adnement et l\u2019\u00e9co\u00adnomie locale. Premier volet de cette matin\u00e9e sp\u00e9ciale, o\u00f9 le d\u00e9put\u00e9 du centre-\u200bville \u00e9voque ses propo\u00adsi\u00adtions contre la d\u00e9linquance.<\/strong><\/p>\n<ul class=\"wp-block-list\">\n<li>9h30 &#8211; <strong>\u00ab\u00a0Mon plan contre l\u2019ins\u00e9curit\u00e9\u00a0\u00bb<\/strong><\/li>\n<li>10h30 &#8211; <strong>\u00ab\u00a0Stationnement, circu\u00adlation\u2026 Je veux en finir avec cette d\u00e9rive \u00e0\u00a0la Anne Hidalgo\u00a0\u00bb<\/strong><\/li>\n<li>11h30 &#8211; <strong>\u00ab\u00a0Emplois, inves\u00adtis\u00adse\u00adments\u2026 Nous acterons un parte\u00adnariat sans pr\u00e9c\u00e9dent avec Monaco\u00a0\u00bb<\/strong><\/li>\n<\/ul>\n<p>Le Parisien et Valeurs actuelles, se basant sur les chiffres du minist\u00e8re, classent de loin Nice parmi les grandes villes les plus \u00e9pargn\u00e9es par l\u2019ins\u00e9curit\u00e9. Ce que vous dites, c\u2019est que vous entendez tout autre chose sur le terrain. Sur quoi vous alerte-t-on\u00a0?<\/p>\n<p>L\u2019ins\u00e9curit\u00e9 est aujourd\u2019hui la principale pr\u00e9oc\u00adcu\u00adpation des Ni\u00e7ois. Je suis un p\u00e8re de famille\u00a0: je sais que les jeunes ne peuvent plus sortir serei\u00adnement, le soir venu, autour de Jean-\u200bM\u00e9decin et du Vieux-\u200bNice. J\u2019entends cette angoisse qui \u00e9treint les parents comme les\u00a0ados.<\/p>\n<p>Les chiffres qui me sont transmis ne sont pas rassu\u00adrants. Depuis le 1er janvier 2025, on d\u00e9nombre en ville 50 agres\u00adsions au couteau, 10 commises avec une arme \u00e0\u00a0feu. Et on compte quatre morts, 39 bless\u00e9s. Fin ao\u00fbt, la situation \u00e9tait d\u00e9j\u00e0 plus d\u00e9grad\u00e9e que celle que nous connais\u00adsions l\u2019an\u00a0pass\u00e9.\u00a0<\/p>\n<p>Que proposez-\u200bvous\u00a0?<\/p>\n<p>La s\u00e9curit\u00e9 est largement compromise\u00a0: je veux r\u00e9tablir l\u2019ordre, ce sera ma priorit\u00e9 absolue. D\u2019apr\u00e8s mes infor\u00adma\u00adtions, dans une journ\u00e9e, il n\u2019y a\u00a0pas plus de 40 policiers municipaux r\u00e9ellement sur le terrain. \u00c0\u00a0tout le moins, je doublerai les effectifs, pour arriver \u00e0\u00a0une centaine d\u2019agents quoti\u00addien\u00adnement mobilis\u00e9s dans les\u00a0rues.<\/p>\n<p>Son fonction\u00adnement est d\u00e9sor\u00adganis\u00e9, elle est victime d\u2019inter\u00adf\u00e9\u00adrences politiques, certains de ses cadres ont \u00e9t\u00e9 mis au placard, les chiffres ne me semblent pas fiables\u2026 \u00c9lu en mars, je comman\u00adderai un audit complet de la police municipale.\u00a0<\/p>\n<p>L\u2019\u00e9quipe de Christian Estrosi a\u00a0ouvert de nouveaux postes de police p\u00e9rennes, notamment au Port, et annonce l\u2019installation de gu\u00e9rites pour les sites sensibles. Approuvez-\u200bvous cette logique\u00a0?<\/p>\n<p>Non. D\u00e9j\u00e0, j\u2019apprends que 1000 places seront r\u00e9serv\u00e9es aux municipaux dans le futur H\u00f4tel des Polices. Cela voudrait dire qu\u2019ils y\u00a0seront tous positionn\u00e9s, plut\u00f4t que d\u2019\u00eatre install\u00e9s dans les diff\u00e9\u00adrents quartiers. Par ailleurs, moi, je veux des patrouilles sur le terrain, en proximit\u00e9, pas des agents occup\u00e9s \u00e0\u00a0faire l\u2019accueil ici et\u00a0l\u00e0.<\/p>\n<p><img loading=\"lazy\" decoding=\"async\" width=\"1120\" height=\"630\" src=\"data:image\/svg+xml,%3Csvg%20xmlns=\" http:=\"\" alt=\"eric-ciotti-clement-avargues\" class=\"wp-image-249033\" title=\"\u00c9ric Ciotti \u00e0 Nice-Presse : &quot;mon plan contre l'ins\u00e9curit\u00e9&quot; 1\" data-lazy- data-lazy- data-lazy-src=\"https:\/\/www.europesays.com\/fr\/wp-content\/uploads\/2025\/09\/4D2A4585-2-1120x630.jpg\"\/>\u00c9ric Ciotti a\u00a0longuement \u00e9chang\u00e9 avec Nice-\u200bPresse sur ses engage\u00adments de campagne depuis le Port Lympia, ce vendredi 5\u00a0septembre \u00a9 Romain Boisaubert \/\u200b Nice-\u200bPresse<\/p>\n<p>Que faire contre l\u2019ins\u00e9curit\u00e9 ressentie dans Nice-\u200bCentre (les perpendiculaires de Jean-\u200bM\u00e9decin) et dans la vieille-ville\u00a0?<\/p>\n<p>Ces quartiers devien\u00addront des \u00ab\u00a0zones d\u2019inter\u00adven\u00adtions priori\u00adtaires\u00a0\u00bb. Il y\u00a0aura des consignes pass\u00e9es aupr\u00e8s de la police municipale pour qu\u2019elle soit extr\u00ea\u00admement pr\u00e9sente dans ces secteurs cl\u00e9s de notre ville, o\u00f9 les Ni\u00e7ois vivent et travaillent. Nous aurons aussi une coordi\u00adnation bien plus claire avec les services de l\u2019\u00c9tat pour que ces zones urbaines soient r\u00e9investies. Je veux faire de ces quartiers des sanctuaires, parce que je ne tol\u00e8re plus cette spirale que nous subissons.<\/p>\n<p>Les \u00ab\u00a0commerces de fa\u00e7ade\u00a0\u00bb, d\u2019une qualit\u00e9 \u00e9pouvantable et servant de machines pour le blanchiment d\u2019argent sale, pullulent, de plus en plus souvent \u00e0\u00a0la place d\u2019anciennes affaires traditionnelles. Que\u00a0faire\u00a0?<\/p>\n<p>Les harceler. La Ville peut agir, notamment par le contr\u00f4le de l\u2019hygi\u00e8ne. \u00c0\u00a0nous d\u2019obtenir de l\u2019\u00c9tat qu\u2019il tape les criminels au porte\u00adfeuille. Les avoirs d\u00e9lic\u00adtuels doivent \u00eatre saisis, et la traque inten\u00adsifi\u00e9e. J\u2019ai \u00e9chang\u00e9 avec le pr\u00e9fet Laurent Hottiaux sur ce point. L\u00e0 encore, je rappelle la respon\u00adsa\u00adbilit\u00e9 de Christian Estrosi. Il a\u00a0\u00e9t\u00e9 un maire macro\u00adniste, complice, donc, du laxisme judiciaire. Ce ne sera pas mon\u00a0cas\u00a0!<\/p>\n<p><a href=\"https:\/\/anneedelamer.nice.fr\/\" rel=\"nofollow noopener\" target=\"_blank\"><img loading=\"lazy\" decoding=\"async\" width=\"300\" height=\"300\" src=\"data:image\/svg+xml,%3Csvg%20xmlns=\" http:=\"\" alt=\"\" class=\"wp-image-235449\" data-lazy-src=\"https:\/\/www.europesays.com\/fr\/wp-content\/uploads\/2025\/04\/IMG_1416-2.png\"\/><\/a><\/p>\n<p>Les policiers nationaux me disent tous qu\u2019ils manquent d\u2019effectifs et ils ont bien raison. Il faudrait ici une centaine de postes suppl\u00e9\u00admen\u00adtaires. Ceci n\u2019est pas nouveau. Rappelez-\u200bvous les d\u00e9fil\u00e9s auxquels nous avons assist\u00e9\u00a0! Monsieur Castaner, monsieur Castex\u2026 Ils sont tous venus rouler des m\u00e9caniques \u00e0\u00a0Nice, promettre des renforts\u00a0: bullshit\u00a0! (\u00ab\u00a0des conneries\u00a0\u00bb, NDLR) Ils ne sont jamais arriv\u00e9s, ou tr\u00e8s insuf\u00adfi\u00adsamment. Et les nouveaux ne compensent pas les d\u00e9parts.<\/p>\n<p>En tant que maire, je mobili\u00adserai les biens communaux pour en r\u00e9server une part au logement des policiers. Les jeunes agents et ceux qui n\u2019ont pas d\u2019attaches familiales ici ne peuvent souvent pas trouver d\u2019appar\u00adtement. La Ville doit pouvoir agir. Avec moi, ce sera aussi l\u2019une des priorit\u00e9s fix\u00e9es au bailleur HLM C\u00f4te d\u2019Azur Habitat. Une convention sera sign\u00e9e au plus vite avec la Pr\u00e9fecture. Chaque policier m\u00e9rite de vivre \u00e0\u00a0Nice dans la dignit\u00e9.<\/p>\n<p><img loading=\"lazy\" decoding=\"async\" width=\"945\" height=\"630\" src=\"data:image\/svg+xml,%3Csvg%20xmlns=\" http:=\"\" alt=\"eric-ciotti\" class=\"wp-image-249039\" title=\"\u00c9ric Ciotti \u00e0 Nice-Presse : &quot;mon plan contre l'ins\u00e9curit\u00e9&quot; 2\" data-lazy- data-lazy- data-lazy-src=\"https:\/\/www.europesays.com\/fr\/wp-content\/uploads\/2025\/09\/4D2A4498-2-945x630.jpg\"\/>\u00a9 Romain Boisaubert \/\u200b Nice-\u200bPresse<\/p>\n<p>Les syndicats policiers alertent sur le fait que Nice serait devenue \u00ab\u00a0un paradis pour les mafias\u00a0\u00bb. En fait-\u200bon assez contre la trafic de drogue\u00a0?<\/p>\n<p>Ce qui est certain, c\u2019est que la situation se d\u00e9grade, avec des actes violents dans le centre-\u200bville, et des guerres de terri\u00adtoire dans certains quartiers populaires, pour le contr\u00f4le des points de deal. En face de cela, nous avons un procureur extr\u00ea\u00admement mobilis\u00e9, ma\u00eetre de son sujet, et des services de police judiciaire tr\u00e8s perfor\u00admants, qui ont mis \u00e0\u00a0mal certains r\u00e9seaux.<\/p>\n<p>Le r\u00f4le d\u2019un maire, c\u2019est aussi d\u2019obtenir de nouveaux outils de l\u2019\u00c9tat. La prison de Nice est satur\u00e9e, le centre de r\u00e9tention des \u00e9trangers, le CRA, aussi. Il faudra se battre pour gagner au plus vite de plus grands \u00e9quipe\u00adments, ainsi qu\u2019un autre pour traiter la d\u00e9lin\u00adquance des mineurs, et une cour d\u2019appel. En tant que pr\u00e9sident de l\u2019UDR, je porte un projet d\u2019alter\u00adnance au niveau national. Reconnu \u00e0\u00a0Paris, le maire que je veux devenir compte bien obtenir tout ceci de tr\u00e8s rapidement.<\/p>\n<p>Qu\u2019avez-\u200bvous pr\u00e9vu, dans le centre, concernant d\u2019un c\u00f4t\u00e9 les personnes dites \u00ab\u00a0marginales\u00a0\u00bb et d\u2019un autre les toxicomanes\u00a0?<\/p>\n<p>Je ne compte pas laisser Nice devenir un squat \u00e0\u00a0ciel ouvert. La loi doit \u00eatre respect\u00e9e. La ville manque de struc\u00adtures sociales pour les personnes touch\u00e9es par une grande pr\u00e9carit\u00e9. Il faudra une pr\u00e9sence massive, notamment des associa\u00adtions financ\u00e9es sur fonds publics, pour fortement inciter ces publics \u00e0\u00a0rejoindre les centres. Le maire de Nice pr\u00e9side le conseil de surveillance du CHU. Ce sera son r\u00f4le d\u2019obtenir au plus vite l\u2019ouverture d\u2019un nouveau service d\u2019accueil d\u00e9di\u00e9 aux toxico\u00admanes. Cela dit, il n\u2019y aura jamais de \u00ab\u00a0salle de shoot\u00a0\u00bb \u00e0\u00a0Nice, contrai\u00adrement \u00e0\u00a0ce que l\u2019on a\u00a0pu voir dans d\u2019autres villes. Je m\u2019y opposerai fermement\u00a0!<\/p>\n<blockquote class=\"twitter-tweet\">\n<p lang=\"fr\" dir=\"ltr\">\ud83d\udfe1 LES ANNONCES D\u2019\u00c9RIC CIOTTI <\/p>\n<p>\ud83d\udccd\ud83c\udfe1 <a href=\"https:\/\/twitter.com\/eciotti?ref_src=twsrc%5Etfw\" target=\"_blank\" rel=\"noopener nofollow\">@eciotti<\/a> r\u00e9pondra aux questions de <a href=\"https:\/\/twitter.com\/ClementAvargues?ref_src=twsrc%5Etfw\" target=\"_blank\" rel=\"noopener nofollow\">@ClementAvargues<\/a> et d\u00e9voilera de nouvelles propo\u00adsi\u00adtions pour Nice. <\/p>\n<p>Notre invit\u00e9 sp\u00e9cial, samedi, toute la matin\u00e9e. <a href=\"https:\/\/twitter.com\/hashtag\/Nice06?src=hash&amp;ref_src=twsrc%5Etfw\" target=\"_blank\" rel=\"noopener nofollow\">#Nice06<\/a> <a href=\"https:\/\/twitter.com\/hashtag\/Municipales2026?src=hash&amp;ref_src=twsrc%5Etfw\" target=\"_blank\" rel=\"noopener nofollow\">#Municipales2026<\/a> <a href=\"https:\/\/t.co\/22OmGPz706\" rel=\"nofollow\">pic.twitter.com\/22OmGPz706<\/a><\/p>\n<p>\u2014 Nice-\u200bPresse \u00b7 Top infos (@NicePresse) <a href=\"https:\/\/twitter.com\/NicePresse\/status\/1963535477589614790?ref_src=twsrc%5Etfw\" target=\"_blank\" rel=\"noopener nofollow\">September 4,\u00a02025<\/a><\/p><\/blockquote>\n<p>\t<script async src=\"https:\/\/platform.twitter.com\/widgets.js\" charset=\"utf-8\"><\/script><\/p>\n","protected":false},"excerpt":{"rendered":"PARTIE 1\/\u200b3. Candidat \u00e0\u00a0l\u2019\u00e9lection municipale, \u00c9ric Ciotti (UDR soutenu par le RN) a\u00a0choisi Nice-\u200bPresse pour d\u00e9voiler sa feuille&hellip;\n","protected":false},"author":2,"featured_media":370189,"comment_status":"","ping_status":"","sticky":false,"template":"","format":"standard","meta":{"footnotes":""},"categories":[2819],"tags":[1111,11,1777,674,1011,27,12,2401,882,25],"class_list":{"0":"post-370188","1":"post","2":"type-post","3":"status-publish","4":"format-standard","5":"has-post-thumbnail","7":"category-nice","8":"tag-actu","9":"tag-actualites","10":"tag-eu","11":"tag-europe","12":"tag-fr","13":"tag-france","14":"tag-news","15":"tag-nice","16":"tag-provence-alpes-cote-dazur","17":"tag-republique-francaise"},"share_on_mastodon":{"url":"https:\/\/pubeurope.com\/@fr\/115156392623704346","error":""},"_links":{"self":[{"href":"https:\/\/www.europesays.com\/fr\/wp-json\/wp\/v2\/posts\/370188","targetHints":{"allow":["GET"]}}],"collection":[{"href":"https:\/\/www.europesays.com\/fr\/wp-json\/wp\/v2\/posts"}],"about":[{"href":"https:\/\/www.europesays.com\/fr\/wp-json\/wp\/v2\/types\/post"}],"author":[{"embeddable":true,"href":"https:\/\/www.europesays.com\/fr\/wp-json\/wp\/v2\/users\/2"}],"replies":[{"embeddable":true,"href":"https:\/\/www.europesays.com\/fr\/wp-json\/wp\/v2\/comments?post=370188"}],"version-history":[{"count":0,"href":"https:\/\/www.europesays.com\/fr\/wp-json\/wp\/v2\/posts\/370188\/revisions"}],"wp:featuredmedia":[{"embeddable":true,"href":"https:\/\/www.europesays.com\/fr\/wp-json\/wp\/v2\/media\/370189"}],"wp:attachment":[{"href":"https:\/\/www.europesays.com\/fr\/wp-json\/wp\/v2\/media?parent=370188"}],"wp:term":[{"taxonomy":"category","embeddable":true,"href":"https:\/\/www.europesays.com\/fr\/wp-json\/wp\/v2\/categories?post=370188"},{"taxonomy":"post_tag","embeddable":true,"href":"https:\/\/www.europesays.com\/fr\/wp-json\/wp\/v2\/tags?post=370188"}],"curies":[{"name":"wp","href":"https:\/\/api.w.org\/{rel}","templated":true}]}}