{"id":370190,"date":"2025-09-06T08:24:13","date_gmt":"2025-09-06T08:24:13","guid":{"rendered":"https:\/\/www.europesays.com\/fr\/370190\/"},"modified":"2025-09-06T08:24:13","modified_gmt":"2025-09-06T08:24:13","slug":"des-deviations-mises-en-place","status":"publish","type":"post","link":"https:\/\/www.europesays.com\/fr\/370190\/","title":{"rendered":"des d\u00e9viations mises en place"},"content":{"rendered":"<p>            Par<br \/>\n        <strong><br \/>\n            <a href=\"https:\/\/actu.fr\/auteur\/manon-reinhardt\" title=\"Consulter tous les articles de Manon Reinhardt\" target=\"_blank\" rel=\"noopener\">Manon Reinhardt<\/a><br \/>\n        <\/strong><\/p>\n<p>        Publi\u00e9 le<\/p>\n<p>            6 sept. 2025 \u00e0 9h36        <\/p>\n<p>Un gros chantier va d\u00e9marrer sur l\u2019autoroute A8 entre <a href=\"https:\/\/actu.fr\/provence-alpes-cote-d-azur\/nice_06088\" target=\"_blank\" rel=\"noopener\">Nice<\/a> et Saint-Laurent-du-Var (<a href=\"https:\/\/actu.fr\/provence-alpes-cote-d-azur\/alpes-maritimes_06\" target=\"_blank\" rel=\"noopener\">Alpes-Maritimes<\/a>), pr\u00e9vient Vinci Autoroutes dans un communiqu\u00e9 ce vendredi. Les travaux d\u00e9buteront <strong>d\u00e8s lundi 8\u00a0septembre 2025<\/strong> pour une dur\u00e9e de deux mois et demi.<\/p>\n<p class=\" wall-content\">Voici les perturbations attendues.<\/p>\n<p>Sur 5 kilom\u00e8tres de chauss\u00e9e<\/p>\n<p class=\" wall-content\">Apr\u00e8s <a href=\"https:\/\/actu.fr\/provence-alpes-cote-d-azur\/nice_06088\/trafic-chaotique-sur-l-a8-des-travaux-d-urgence-menes-sur-un-viaduc-a-nice_63104059.html\" target=\"_blank\" rel=\"noopener\">les travaux d\u2019urgence men\u00e9s sur le viaduc du Vallon des Fleurs<\/a> au nord de ville, c\u2019est au tour de la chauss\u00e9e entre Nice et Saint-Laurent-du-Var, de se refaire une beaut\u00e9 dans le cadre du \u00ab\u2009programme annuel d\u2019entretien du patrimoine\u2009\u00bb.<\/p>\n<p class=\" wall-content\">Dans un communiqu\u00e9, Vinci Autoroutes indique que le chantier va d\u00e9marrer \u00e0 partir de ce lundi 8\u00a0septembre 2025 et va durer deux mois et demi <strong>sur 5 kilom\u00e8tres de chauss\u00e9e<\/strong> dans les deux sens.<\/p>\n<p class=\" wall-content\">Plus pr\u00e9cis\u00e9ment, ils d\u00e9buteront de la barri\u00e8re de p\u00e9age de Saint-Isidore jusqu\u2019au viaduc du Var. Les travaux seront cependant effectu\u00e9s <strong>la nuit de 21h \u00e0 5h<\/strong>, du lundi au vendredi, ce qui devrait r\u00e9duire les perturbations.<\/p>\n<p>Des d\u00e9viations mises en place<\/p>\n<p class=\" wall-content\"><strong>Les conditions de circulation seront les suivantes\u2009:<\/strong><\/p>\n<p>    <img   decoding=\"async\" loading=\"lazy\" src=\"https:\/\/www.europesays.com\/fr\/wp-content\/uploads\/2025\/09\/vinci-travaux-1-960x640.jpg\" alt=\"Les conditions de circulation dans le secteur Cadam sur l'A8 lors des travaux.\" width=\"960\" height=\"640\"\/><br \/>\n    Les conditions de circulation dans le secteur Cadam sur l\u2019A8 lors des travaux. (\u00a9Vinci Autoroutes)<\/p>\n<p class=\" wall-content\">\u00ab\u2009Les travaux auront lieu, dans un premier temps, en direction d\u2019Aix-en-Provence, impactant les \u00e9changeurs de Nice A\u00e9roport (n\u00b051), Nice Ouest (n\u00b050) et Saint-Laurent-du-Var (n\u00b049)\u2009\u00bb durant 7 nuits, du lundi\u00a08 au vendredi 12\u00a0septembre ainsi que du lundi\u00a015 au jeudi 18\u00a0septembre, de 21h \u00e0 6h\u2009:<\/p>\n<p>Votre r\u00e9gion, votre actu !<\/p>\n<p>Recevez chaque jour les infos qui comptent pour vous.<\/p>\n<p>\t<a href=\"https:\/\/actu.fr\/newsletter\" class=\"ac-btn ac-btn--corner ac-btn--medium ac-btn--blue800\" target=\"_blank\" rel=\"noopener\">S&rsquo;incrire<\/a><\/p>\n<ul class=\" wall-content\">\n<li>Fermeture des bretelles d\u2019entr\u00e9e et de sortie de <strong>l\u2019\u00e9changeur n\u00b051 A\u00e9roport\u2009<\/strong>: les conducteurs pourront emprunter la bretelle d\u2019entr\u00e9e de Nice Ouest (n\u00b050) ou la bretelle de<br \/>sortie de l\u2019\u00e9changeur de Saint-Laurent-du-Var (n\u00b049) afin de faire demi-tour pour reprendre l\u2019autoroute A8 en direction de l\u2019Italie et sortir \u00e0 Nice A\u00e9roport (n\u00b051).<\/li>\n<\/ul>\n<p class=\" wall-content\">Du jeudi\u00a018 au vendredi 19\u00a0septembre et du lundi\u00a022 au mardi 23\u00a0septembre, de 21h \u00e0 6h\u2009:<\/p>\n<ul class=\" wall-content\">\n<li>Fermeture des bretelles d\u2019entr\u00e9e et de sortie de <strong>l\u2019\u00e9changeur de Nice A\u00e9roport (n\u00b051)<\/strong><\/li>\n<li>Fermeture de la bretelle d\u2019entr\u00e9e de<strong> l\u2019\u00e9changeur de Nice Ouest (n\u00b050)<\/strong><\/li>\n<li>Fermeture des bretelles d\u2019entr\u00e9e et de sortir de <strong>l\u2019\u00e9changeur de Saint-Laurent-du-Var (n\u00b049)<\/strong><\/li>\n<\/ul>\n<p class=\" wall-content\">Les conducteurs pourront emprunter les bretelles d\u2019entr\u00e9e ou de sortie des \u00e9changeurs de<br \/>Villeneuve-Loubet (n\u00b047) ou Nice Saint-Isidore (n\u00b052). Les poids lourds souhaitant rejoindre Saint-Laurent-du-Var pourront emprunter la bretelle de sortie de l\u2019\u00e9changeur de Cagnes-sur-Mer (n\u00b048) afin d\u2019op\u00e9rer un demi-tour pour reprendre l\u2019autoroute A8 en direction de l\u2019Italie et sortir via l\u2019\u00e9changeur de Saint-Laurent-du-Var (n\u00b049).<\/p>\n<p class=\" wall-content\">Personnalisez votre actualit\u00e9 en ajoutant vos villes et m\u00e9dias en favori avec <a href=\"https:\/\/moncompte.actu.fr\" title=\"D\u00e9couvez Mon Actu\" rel=\"nofollow noopener\" data-trk=\"{&quot;cta&quot;:{&quot;action&quot;:&quot;https:\\\/\\\/moncompte.actu.fr&quot;,&quot;category&quot;:&quot;mon compte&quot;,&quot;from&quot;:&quot;article footer&quot;,&quot;name&quot;:&quot;Mon actu&quot;,&quot;type&quot;:&quot;cta&quot;}}\" target=\"_blank\">Mon Actu<\/a>.<\/p>\n","protected":false},"excerpt":{"rendered":"Par Manon Reinhardt Publi\u00e9 le 6 sept. 2025 \u00e0 9h36 Un gros chantier va d\u00e9marrer sur l\u2019autoroute A8&hellip;\n","protected":false},"author":2,"featured_media":370191,"comment_status":"","ping_status":"","sticky":false,"template":"","format":"standard","meta":{"footnotes":""},"categories":[2819],"tags":[1111,11,5397,3542,1777,674,1011,27,12,2401,882,25,104,2086],"class_list":{"0":"post-370190","1":"post","2":"type-post","3":"status-publish","4":"format-standard","5":"has-post-thumbnail","7":"category-nice","8":"tag-actu","9":"tag-actualites","10":"tag-autoroute-8-a8","11":"tag-circulation","12":"tag-eu","13":"tag-europe","14":"tag-fr","15":"tag-france","16":"tag-news","17":"tag-nice","18":"tag-provence-alpes-cote-dazur","19":"tag-republique-francaise","20":"tag-societe","21":"tag-travaux"},"share_on_mastodon":{"url":"https:\/\/pubeurope.com\/@fr\/115156396487418549","error":""},"_links":{"self":[{"href":"https:\/\/www.europesays.com\/fr\/wp-json\/wp\/v2\/posts\/370190","targetHints":{"allow":["GET"]}}],"collection":[{"href":"https:\/\/www.europesays.com\/fr\/wp-json\/wp\/v2\/posts"}],"about":[{"href":"https:\/\/www.europesays.com\/fr\/wp-json\/wp\/v2\/types\/post"}],"author":[{"embeddable":true,"href":"https:\/\/www.europesays.com\/fr\/wp-json\/wp\/v2\/users\/2"}],"replies":[{"embeddable":true,"href":"https:\/\/www.europesays.com\/fr\/wp-json\/wp\/v2\/comments?post=370190"}],"version-history":[{"count":0,"href":"https:\/\/www.europesays.com\/fr\/wp-json\/wp\/v2\/posts\/370190\/revisions"}],"wp:featuredmedia":[{"embeddable":true,"href":"https:\/\/www.europesays.com\/fr\/wp-json\/wp\/v2\/media\/370191"}],"wp:attachment":[{"href":"https:\/\/www.europesays.com\/fr\/wp-json\/wp\/v2\/media?parent=370190"}],"wp:term":[{"taxonomy":"category","embeddable":true,"href":"https:\/\/www.europesays.com\/fr\/wp-json\/wp\/v2\/categories?post=370190"},{"taxonomy":"post_tag","embeddable":true,"href":"https:\/\/www.europesays.com\/fr\/wp-json\/wp\/v2\/tags?post=370190"}],"curies":[{"name":"wp","href":"https:\/\/api.w.org\/{rel}","templated":true}]}}