{"id":370192,"date":"2025-09-06T08:28:20","date_gmt":"2025-09-06T08:28:20","guid":{"rendered":"https:\/\/www.europesays.com\/fr\/370192\/"},"modified":"2025-09-06T08:28:20","modified_gmt":"2025-09-06T08:28:20","slug":"apres-luis-enrique-psg-cest-le-coach-du-fc-nantes-luis-castro-fc-nantes-qui-se-blesse-a-son-tour","status":"publish","type":"post","link":"https:\/\/www.europesays.com\/fr\/370192\/","title":{"rendered":"Apr\u00e8s Luis Enrique (PSG) c&rsquo;est le coach du FC Nantes Luis Castro (FC Nantes) qui se blesse \u00e0 son tour !"},"content":{"rendered":"<p>Les coachs de Ligue 1 manquent de chance cette semaine. Luis Castro, entraineur du FC Nantes, serait bless\u00e9 au genou.<\/p>\n<p>Si beaucoup ont vu en direct <a href=\"https:\/\/www.footmercato.net\/a583201454523725318-edf-ousmane-dembele-abattu-apres-sa-blessure-contre-lukraine\" target=\"_blank\" rel=\"noopener nofollow\">les blessures de D\u00e9sir\u00e9 Dou\u00e9 et Ousmane Demb\u00e9l\u00e9<\/a> ce vendredi soir \u00e0 la t\u00e9l\u00e9vision lors d\u2019Ukraine-France, d\u2019autres s\u2019\u00e9taient bless\u00e9s quelques heures avant.<\/p>\n<p>Mauvais temps pour les Luis.<\/p>\n<p>Luis Suarez devrait commencer \u00e0 s\u2019inqui\u00e9ter car ces derniers temps, les Luis ont un triste destin dans le milieu du football. Luis Henrique, coach du PSG, a \u00e9t\u00e9 <strong>victime d\u2019une chute \u00e0 v\u00e9lo <\/strong>ce vendredi et devra se faire op\u00e9rer pour une fracture \u00e0 la clavicule.<\/p>\n<p>Le coach du FC Nantes, Luis Castro, s\u2019est bless\u00e9 au genou apr\u00e8s <strong>\u00ab\u00a0un petit jeu avec son staff, improvis\u00e9 sur les terrains de la Joneli\u00e8re\u00a0\u00bb<\/strong>. <a href=\"https:\/\/www.lequipe.fr\/Football\/Actualites\/L-entraineur-nantais-luis-castro-touche-a-un-genou\/1590858\" target=\"_blank\" rel=\"noopener nofollow\">Le journal L\u2019\u00c9quipe<\/a> \u00e9voque plus une grosse entorse plut\u00f4t qu\u2019une rupture des ligament crois\u00e9s ant\u00e9rieur du genou (\u00e9voqu\u00e9 comme suspect\u00e9 dans un article de Ouest France).<\/p>\n<p>\u00c0 lire aussi :\u00a0<a href=\"https:\/\/tribunenantaise.fr\/actus-fcnantes\/youssef-el-arabi-est-peut-etre-le-meilleur-joueur-avec-qui-jai-travaille-luis-castro\/\" target=\"_blank\" rel=\"noopener nofollow\">\u00ab\u00a0Youssef (El-Arabi) est peut-\u00eatre le meilleur joueur avec qui j\u2019ai travaill\u00e9\u00a0\u00bb \u2013 Luis Castro<\/a><\/p>\n","protected":false},"excerpt":{"rendered":"Les coachs de Ligue 1 manquent de chance cette semaine. Luis Castro, entraineur du FC Nantes, serait bless\u00e9&hellip;\n","protected":false},"author":2,"featured_media":277216,"comment_status":"","ping_status":"","sticky":false,"template":"","format":"standard","meta":{"footnotes":""},"categories":[2818],"tags":[1111,11,1777,674,1011,27,766,12,2636,25],"class_list":{"0":"post-370192","1":"post","2":"type-post","3":"status-publish","4":"format-standard","5":"has-post-thumbnail","7":"category-nantes","8":"tag-actu","9":"tag-actualites","10":"tag-eu","11":"tag-europe","12":"tag-fr","13":"tag-france","14":"tag-nantes","15":"tag-news","16":"tag-pays-de-la-loire","17":"tag-republique-francaise"},"share_on_mastodon":{"url":"https:\/\/pubeurope.com\/@fr\/115156412250176075","error":""},"_links":{"self":[{"href":"https:\/\/www.europesays.com\/fr\/wp-json\/wp\/v2\/posts\/370192","targetHints":{"allow":["GET"]}}],"collection":[{"href":"https:\/\/www.europesays.com\/fr\/wp-json\/wp\/v2\/posts"}],"about":[{"href":"https:\/\/www.europesays.com\/fr\/wp-json\/wp\/v2\/types\/post"}],"author":[{"embeddable":true,"href":"https:\/\/www.europesays.com\/fr\/wp-json\/wp\/v2\/users\/2"}],"replies":[{"embeddable":true,"href":"https:\/\/www.europesays.com\/fr\/wp-json\/wp\/v2\/comments?post=370192"}],"version-history":[{"count":0,"href":"https:\/\/www.europesays.com\/fr\/wp-json\/wp\/v2\/posts\/370192\/revisions"}],"wp:featuredmedia":[{"embeddable":true,"href":"https:\/\/www.europesays.com\/fr\/wp-json\/wp\/v2\/media\/277216"}],"wp:attachment":[{"href":"https:\/\/www.europesays.com\/fr\/wp-json\/wp\/v2\/media?parent=370192"}],"wp:term":[{"taxonomy":"category","embeddable":true,"href":"https:\/\/www.europesays.com\/fr\/wp-json\/wp\/v2\/categories?post=370192"},{"taxonomy":"post_tag","embeddable":true,"href":"https:\/\/www.europesays.com\/fr\/wp-json\/wp\/v2\/tags?post=370192"}],"curies":[{"name":"wp","href":"https:\/\/api.w.org\/{rel}","templated":true}]}}