{"id":370193,"date":"2025-09-06T08:29:18","date_gmt":"2025-09-06T08:29:18","guid":{"rendered":"https:\/\/www.europesays.com\/fr\/370193\/"},"modified":"2025-09-06T08:29:18","modified_gmt":"2025-09-06T08:29:18","slug":"yann-lefebvre-nouveau-commandant-de-la-ba106","status":"publish","type":"post","link":"https:\/\/www.europesays.com\/fr\/370193\/","title":{"rendered":"Yann Lefebvre, nouveau commandant de la BA106"},"content":{"rendered":"<p>                                                <img decoding=\"async\" loading=\"lazy\" src=\"https:\/\/www.europesays.com\/fr\/wp-content\/uploads\/2025\/09\/YannLefebvreBA106DR-e1756800407582-760x396-c-default.jpg\"   width=\"760\" height=\"396\" alt=\"Yann Lefebvre, Base a\u00e9rienne 106 Bordeaux-M\u00e9rignac\" aria-describedby=\"caption-post-204492\"\/><\/p>\n<p id=\"caption-attachment-204492\" class=\"wp-caption-text\">Le colonel Yann Lefebvre, nouveau commandant la Base a\u00e9rienne 106 de Bordeaux-M\u00e9rignac. \u00a9 D. R.<\/p>\n<p>La base a\u00e9rienne 106 (BA106) de Bordeaux-M\u00e9rignac a accueilli le 22 ao\u00fbt, en grande pompe, son nouveau commandant, le <strong>colonel Yann Lefebvre<\/strong>. Il succ\u00e8de \u00e0 la colonelle Nathalie Picot, qui a dirig\u00e9 la base durant deux ann\u00e9es. Pilote de chasse au service de l\u2019Arm\u00e9e de l\u2019Air et de l\u2019Espace depuis 2000, le colonel Lefebvre comptabilise plus de 3 000 heures de vol et 50 op\u00e9rations sur Mirage 2000N et AWACS. Arrivant du Centre d\u2019expertise militaire de la base a\u00e9rienne 118 de Mont-de-Marsan, dans les Landes, il a \u00e9t\u00e9 fait chevalier de la L\u00e9gion d\u2019honneur lors de sa c\u00e9r\u00e9monie de prise de commandement, la premi\u00e8re de la saison. Cette derni\u00e8re a r\u00e9uni de nombreux aviateurs grad\u00e9s pass\u00e9s par la BA106, colonels et g\u00e9n\u00e9raux. Ouverte par un d\u00e9fil\u00e9 a\u00e9rien compos\u00e9 de deux a\u00e9ronefs TBM 700 et d\u2019un Fennec de la permanence op\u00e9rationnelle, la c\u00e9r\u00e9monie a \u00e9t\u00e9 cl\u00f4tur\u00e9e par un d\u00e9fil\u00e9 \u00e0 pied des unit\u00e9s de la base m\u00e9rignacaise, accompagn\u00e9 par la musique des forces a\u00e9riennes, devant un parterre d\u2019acteurs locaux.<\/p>\n<p><img decoding=\"async\" aria-describedby=\"caption-attachment-204493\" class=\"wp-image-204493\" src=\"https:\/\/www.europesays.com\/fr\/wp-content\/uploads\/2025\/09\/Passation2025BA106DR.jpg\" alt=\"Yann Lefebvre, Base a\u00e9rienne 106 Bordeaux-M\u00e9rignac\" width=\"2000\"  \/><\/p>\n<p id=\"caption-attachment-204493\" class=\"wp-caption-text\">C\u00e9r\u00e9monie de passation de commandement entre le colonel Picot et le colonel Lefebvre, le 22 ao\u00fbt dernier, \u00e0 la BA106. \u00a9 D. R.<\/p>\n","protected":false},"excerpt":{"rendered":"Le colonel Yann Lefebvre, nouveau commandant la Base a\u00e9rienne 106 de Bordeaux-M\u00e9rignac. \u00a9 D. R. La base a\u00e9rienne&hellip;\n","protected":false},"author":2,"featured_media":370194,"comment_status":"","ping_status":"","sticky":false,"template":"","format":"standard","meta":{"footnotes":""},"categories":[2817],"tags":[1111,11,1997,1777,674,1011,27,12,2219,25],"class_list":{"0":"post-370193","1":"post","2":"type-post","3":"status-publish","4":"format-standard","5":"has-post-thumbnail","7":"category-bordeaux","8":"tag-actu","9":"tag-actualites","10":"tag-bordeaux","11":"tag-eu","12":"tag-europe","13":"tag-fr","14":"tag-france","15":"tag-news","16":"tag-nouvelle-aquitaine","17":"tag-republique-francaise"},"share_on_mastodon":{"url":"https:\/\/pubeurope.com\/@fr\/115156416419642679","error":""},"_links":{"self":[{"href":"https:\/\/www.europesays.com\/fr\/wp-json\/wp\/v2\/posts\/370193","targetHints":{"allow":["GET"]}}],"collection":[{"href":"https:\/\/www.europesays.com\/fr\/wp-json\/wp\/v2\/posts"}],"about":[{"href":"https:\/\/www.europesays.com\/fr\/wp-json\/wp\/v2\/types\/post"}],"author":[{"embeddable":true,"href":"https:\/\/www.europesays.com\/fr\/wp-json\/wp\/v2\/users\/2"}],"replies":[{"embeddable":true,"href":"https:\/\/www.europesays.com\/fr\/wp-json\/wp\/v2\/comments?post=370193"}],"version-history":[{"count":0,"href":"https:\/\/www.europesays.com\/fr\/wp-json\/wp\/v2\/posts\/370193\/revisions"}],"wp:featuredmedia":[{"embeddable":true,"href":"https:\/\/www.europesays.com\/fr\/wp-json\/wp\/v2\/media\/370194"}],"wp:attachment":[{"href":"https:\/\/www.europesays.com\/fr\/wp-json\/wp\/v2\/media?parent=370193"}],"wp:term":[{"taxonomy":"category","embeddable":true,"href":"https:\/\/www.europesays.com\/fr\/wp-json\/wp\/v2\/categories?post=370193"},{"taxonomy":"post_tag","embeddable":true,"href":"https:\/\/www.europesays.com\/fr\/wp-json\/wp\/v2\/tags?post=370193"}],"curies":[{"name":"wp","href":"https:\/\/api.w.org\/{rel}","templated":true}]}}