{"id":370203,"date":"2025-09-06T08:35:10","date_gmt":"2025-09-06T08:35:10","guid":{"rendered":"https:\/\/www.europesays.com\/fr\/370203\/"},"modified":"2025-09-06T08:35:10","modified_gmt":"2025-09-06T08:35:10","slug":"le-rooftop-des-reformes-a-marseille-prend-son-envol-avec-jerome-caprin","status":"publish","type":"post","link":"https:\/\/www.europesays.com\/fr\/370203\/","title":{"rendered":"le rooftop des R\u00e9form\u00e9s \u00e0 Marseille prend son envol avec J\u00e9r\u00f4me Caprin"},"content":{"rendered":"<p>\u00c0 Marseille comme ailleurs, <a href=\"https:\/\/www.laprovence.com\/article\/sortie-loisirs\/3312505283042414\/rooftops-a-marseille-notre-selection-des-10-lieux-pour-votre-ete\" target=\"_blank\" rel=\"noopener\">les toits-terrasses fleurissent<\/a>. Mais le risque de ce genre d\u2019emplacements, c\u2019est la rente de situation\u00a0: une fois le rooftop trouv\u00e9, l\u2019assiette passe trop souvent au second plan.<\/p>\n<p>Au printemps dernier, en reprenant le bail des R\u00e9form\u00e9s, <a href=\"https:\/\/www.laprovence.com\/article\/culture-loisirs\/6920247351650614\/l-artplexe-rachete-les-varietes\" target=\"_blank\" rel=\"noopener\">le toit-terrasse du cin\u00e9ma L\u2019Artplexe<\/a> sur la Canebi\u00e8re, <a href=\"https:\/\/www.laprovence.com\/article\/food\/1598221246737915\/a-marseille-laurent-battisti-reprend-les-restaurants-blum-et-les-reformes\" target=\"_blank\" rel=\"noopener\">Laurent Battisti aurait pu suivre cette route<\/a> bien balis\u00e9e. Grognard de la gastronomie marseillaise, \u00e0 l\u2019origine de nombreuses cr\u00e9ations ou relances (en vrac, Le Pointu, le Caf\u00e9 de l\u2019horloge, le Phonographe, le Bar des p\u00eacheurs, le Barbu, le nouveau Caribou, les Grandes Halles du Vieux-Port, le Blum et bient\u00f4t la Brasserie des templiers qui deviendra Groin\u2026), il annon\u00e7ait pourtant d\u00e8s mars une autre ambition\u00a0: additionner l\u2019emplacement et le culinaire.<\/p>\n<p>\u00ab\u00a0L\u2019opportunit\u00e9 que j\u2019attendais\u00a0\u00bb<\/p>\n<p>Pour ce faire, il s\u2019est adjoint un chef associ\u00e9 tout aussi marseillais que lui, J\u00e9r\u00f4me Caprin. Les habitu\u00e9s de la restauration d\u2019ici ont eu, au fil des ann\u00e9es, l\u2019occasion de le croiser dans les brigades de Guillaume Sourrieu \u00e0 L\u2019\u00c9puisette, <a href=\"https:\/\/www.laprovence.com\/article\/region\/3218956393147914\/a-marseille-l-odyssee-mediterraneenne-de-gerald-passedat\" target=\"_blank\" rel=\"noopener\">de G\u00e9rald Passedat au Petit Nice<\/a>, aux c\u00f4t\u00e9s de J\u00e9r\u00e9my Bigoud (d\u00e9sormais au P\u00e9ron) et J\u00e9j\u00e9 Barbu au Laune ou au Ventre de l\u2019architecte. Avant qu\u2019il n\u2019atte&#8230;<\/p>\n","protected":false},"excerpt":{"rendered":"\u00c0 Marseille comme ailleurs, les toits-terrasses fleurissent. Mais le risque de ce genre d\u2019emplacements, c\u2019est la rente de&hellip;\n","protected":false},"author":2,"featured_media":370204,"comment_status":"","ping_status":"","sticky":false,"template":"","format":"standard","meta":{"footnotes":""},"categories":[2814],"tags":[17,1111,11,154,1777,674,1011,27,1661,884,12,6020,882,34389,25,10022,3711],"class_list":{"0":"post-370203","1":"post","2":"type-post","3":"status-publish","4":"format-standard","5":"has-post-thumbnail","7":"category-marseille","8":"tag-17","9":"tag-actu","10":"tag-actualites","11":"tag-des","12":"tag-eu","13":"tag-europe","14":"tag-fr","15":"tag-france","16":"tag-gastronomie","17":"tag-marseille","18":"tag-news","19":"tag-prend","20":"tag-provence-alpes-cote-dazur","21":"tag-reformes","22":"tag-republique-francaise","23":"tag-rooftop","24":"tag-son"},"share_on_mastodon":{"url":"https:\/\/pubeurope.com\/@fr\/115156439905733630","error":""},"_links":{"self":[{"href":"https:\/\/www.europesays.com\/fr\/wp-json\/wp\/v2\/posts\/370203","targetHints":{"allow":["GET"]}}],"collection":[{"href":"https:\/\/www.europesays.com\/fr\/wp-json\/wp\/v2\/posts"}],"about":[{"href":"https:\/\/www.europesays.com\/fr\/wp-json\/wp\/v2\/types\/post"}],"author":[{"embeddable":true,"href":"https:\/\/www.europesays.com\/fr\/wp-json\/wp\/v2\/users\/2"}],"replies":[{"embeddable":true,"href":"https:\/\/www.europesays.com\/fr\/wp-json\/wp\/v2\/comments?post=370203"}],"version-history":[{"count":0,"href":"https:\/\/www.europesays.com\/fr\/wp-json\/wp\/v2\/posts\/370203\/revisions"}],"wp:featuredmedia":[{"embeddable":true,"href":"https:\/\/www.europesays.com\/fr\/wp-json\/wp\/v2\/media\/370204"}],"wp:attachment":[{"href":"https:\/\/www.europesays.com\/fr\/wp-json\/wp\/v2\/media?parent=370203"}],"wp:term":[{"taxonomy":"category","embeddable":true,"href":"https:\/\/www.europesays.com\/fr\/wp-json\/wp\/v2\/categories?post=370203"},{"taxonomy":"post_tag","embeddable":true,"href":"https:\/\/www.europesays.com\/fr\/wp-json\/wp\/v2\/tags?post=370203"}],"curies":[{"name":"wp","href":"https:\/\/api.w.org\/{rel}","templated":true}]}}