{"id":370208,"date":"2025-09-06T08:38:16","date_gmt":"2025-09-06T08:38:16","guid":{"rendered":"https:\/\/www.europesays.com\/fr\/370208\/"},"modified":"2025-09-06T08:38:16","modified_gmt":"2025-09-06T08:38:16","slug":"meteo-un-leger-voile-dans-le-ciel-de-lyon-ce-samedi-mais-des-temperatures-estivales-attendues","status":"publish","type":"post","link":"https:\/\/www.europesays.com\/fr\/370208\/","title":{"rendered":"M\u00e9t\u00e9o : un l\u00e9ger voile dans le ciel de Lyon ce samedi mais des temp\u00e9ratures estivales attendues"},"content":{"rendered":"<p>                            <img loading=\"lazy\" width=\"1080\" height=\"675\" class=\"attachment-article size-article wp-post-image lazyload\" alt=\"Pont Lafayette @Hugo LAUBEPIN\" decoding=\"async\" src=\"https:\/\/www.europesays.com\/fr\/wp-content\/uploads\/2025\/08\/Pont-Lafayette-e1685609464605.jpg\" data-eio-rwidth=\"1080\" data-eio-rheight=\"675\"\/><\/p>\n<p>Pont Lafayette<br \/>\n@Hugo LAUBEPIN<\/p>\n<p class=\"content\" style=\"font-size:1.2em;font-weight:700\">Le soleil brillera ce samedi 6 septembre dans le ciel de Lyon, bien qu\u2019un l\u00e9ger voile ternira l\u00e9g\u00e8rement son \u00e9clat au cours de la journ\u00e9e. 27 degr\u00e9s sont attendus.<\/p>\n<p>Le week-end commence sous le soleil ce samedi 6 septembre. Ce dernier est, en effet, d\u00e9j\u00e0 bien pr\u00e9sent dans le ciel, malgr\u00e9 des temp\u00e9ratures qui restent fra\u00eeches avec 12 degr\u00e9s. Le l\u00e9ger voile d\u00e9j\u00e0 visible ce matin persistera \u00e9galement dans l\u2019apr\u00e8s-midi.<\/p>\n<p>Peu de changement est attendu dans le ciel pour ce premier week-end de septembre tandis que les temp\u00e9ratures grimpent et seront estivales avec 27 degr\u00e9s au meilleur de la journ\u00e9e.<\/p>\n","protected":false},"excerpt":{"rendered":"Pont Lafayette @Hugo LAUBEPIN Le soleil brillera ce samedi 6 septembre dans le ciel de Lyon, bien qu\u2019un&hellip;\n","protected":false},"author":2,"featured_media":335588,"comment_status":"","ping_status":"","sticky":false,"template":"","format":"standard","meta":{"footnotes":""},"categories":[1889],"tags":[1111,11,2430,1777,674,1011,27,2428,12,25],"class_list":{"0":"post-370208","1":"post","2":"type-post","3":"status-publish","4":"format-standard","5":"has-post-thumbnail","7":"category-lyon","8":"tag-actu","9":"tag-actualites","10":"tag-auvergne-rhone-alpes","11":"tag-eu","12":"tag-europe","13":"tag-fr","14":"tag-france","15":"tag-lyon","16":"tag-news","17":"tag-republique-francaise"},"share_on_mastodon":{"url":"https:\/\/pubeurope.com\/@fr\/115156451656476443","error":""},"_links":{"self":[{"href":"https:\/\/www.europesays.com\/fr\/wp-json\/wp\/v2\/posts\/370208","targetHints":{"allow":["GET"]}}],"collection":[{"href":"https:\/\/www.europesays.com\/fr\/wp-json\/wp\/v2\/posts"}],"about":[{"href":"https:\/\/www.europesays.com\/fr\/wp-json\/wp\/v2\/types\/post"}],"author":[{"embeddable":true,"href":"https:\/\/www.europesays.com\/fr\/wp-json\/wp\/v2\/users\/2"}],"replies":[{"embeddable":true,"href":"https:\/\/www.europesays.com\/fr\/wp-json\/wp\/v2\/comments?post=370208"}],"version-history":[{"count":0,"href":"https:\/\/www.europesays.com\/fr\/wp-json\/wp\/v2\/posts\/370208\/revisions"}],"wp:featuredmedia":[{"embeddable":true,"href":"https:\/\/www.europesays.com\/fr\/wp-json\/wp\/v2\/media\/335588"}],"wp:attachment":[{"href":"https:\/\/www.europesays.com\/fr\/wp-json\/wp\/v2\/media?parent=370208"}],"wp:term":[{"taxonomy":"category","embeddable":true,"href":"https:\/\/www.europesays.com\/fr\/wp-json\/wp\/v2\/categories?post=370208"},{"taxonomy":"post_tag","embeddable":true,"href":"https:\/\/www.europesays.com\/fr\/wp-json\/wp\/v2\/tags?post=370208"}],"curies":[{"name":"wp","href":"https:\/\/api.w.org\/{rel}","templated":true}]}}