{"id":370217,"date":"2025-09-06T08:43:23","date_gmt":"2025-09-06T08:43:23","guid":{"rendered":"https:\/\/www.europesays.com\/fr\/370217\/"},"modified":"2025-09-06T08:43:23","modified_gmt":"2025-09-06T08:43:23","slug":"les-coups-de-coeur-des-libraires-parisiens-pour-time-out","status":"publish","type":"post","link":"https:\/\/www.europesays.com\/fr\/370217\/","title":{"rendered":"les coups de c\u0153ur des libraires parisiens pour Time Out"},"content":{"rendered":"<p>Avec ses centaines de sorties, rencontres et autres d\u00e9dicaces, on l\u2019entend arriver de loin, la rentr\u00e9e litt\u00e9raire. A l\u2019heure des tops et recommandations, Time Out a pris le parti de c\u00e9l\u00e9brer les chevilles ouvri\u00e8res qui font vivre les livres et la p\u00e9riode : les <a href=\"https:\/\/www.timeout.fr\/paris\/shopping\/librairies\" target=\"_blank\" rel=\"noopener\">libraires<\/a>, avec cinq adresses qui ont de la personnalit\u00e9, entre figure des bulles, rep\u00e8re arc-en-ciel, incontournable lieu ind\u00e9 et laboratoire sur la ville. Voici leurs coups de c\u0153ur de cette rentr\u00e9e litt\u00e9raire 2025 !<\/p>\n<p><strong>Le coup de c\u0153ur de\u00a0<\/strong><strong>Morgane et Lydie de la <a href=\"https:\/\/www.timeout.fr\/paris\/shopping\/ici\" target=\"_blank\" rel=\"noopener\">librairie Ici<\/a><\/strong><\/p>\n<p>Laura Vazquez, Les Forces, Editions du Sous-sol<\/p>\n<p>\u201cAu fond d&rsquo;un bar lesbien : une porte. Puis une chute perp\u00e9tuelle de monde en monde, o\u00f9 sectes mystiques, po\u00e9sies et fantasmes s&rsquo;agitent pour d\u00e9ployer la vertigineuse absurdit\u00e9 de tout ordre social. Sous ses airs de fable grin\u00e7ante, Les Forces est une divine com\u00e9die contemporaine, qui, au c\u0153ur des t\u00e9n\u00e8bres, interroge et exalte la puissance de vivre. La litt\u00e9rature y devient refuge et combat, espace d\u2019exploration du monde et de ses marges. Laura Vazquez signe un deuxi\u00e8me roman d\u2019une libert\u00e9 rare, dans une langue si impr\u00e9visible et percutante qu&rsquo;il est irr\u00e9pressible de la lire \u00e0 voix haute. Un souffle inoubliable.\u201d<\/p>\n<p><img decoding=\"async\" id=\"fac09b35-b95f-288f-64e1-e05f0364e48d\" class=\"photo lazy inline\" loading=\"lazy\" data-component=\"lazy-embed\" src=\"https:\/\/www.europesays.com\/fr\/wp-content\/uploads\/2025\/09\/1757148196_350_image.webp.webp\" alt=\"Laura Vasquez\" data-caption=\"\" data-credit=\"\u00a9 Les Editions du sous-sol\" data-width-class=\"\" data-image-id=\"106314803\"\/>&#13;<br \/>\n\u00a9 Les Editions du sous-sol&#13;<\/p>\n<p>Hugues Micol, Mim\u00e9sia, Futuropolis<\/p>\n<p>\u201cEn un an pile<strong>,<\/strong> Hugues Micol a publi\u00e9 400 pages de BD, passant de la fin de la Belle \u00c9poque en couleurs directes (Les Crieurs du crime, avec Sylvain Venayre chez Delcourt) \u00e0 l&rsquo;\u00e8re m\u00e9di\u00e9vale japonaise sublim\u00e9e par son dessin puissamment expressif en noir et blanc (GariGari chez Corn\u00e9lius) pour nous proposer \u00e0 la rentr\u00e9e Mim\u00e9sia aux \u00e9ditions Futuropolis, r\u00e9cit d&rsquo;une lutte pour la survie d&rsquo;une \u0153uvre d&rsquo;art dans un monde futuriste g\u00e9nialement invent\u00e9 par l&rsquo;artiste. Cet \u00e9ternel dilemme de l&rsquo;homme contre la machine, du combat pour la beaut\u00e9 face \u00e0 la logique totalitaire, est aussi un hommage discret aux h\u00e9ros de BD d&rsquo;antan.\u201d<\/p>\n<p><img decoding=\"async\" id=\"f40e1916-5435-5222-9cb2-642e7aba3f4a\" class=\"photo lazy inline\" loading=\"lazy\" data-component=\"lazy-embed\" src=\"https:\/\/www.europesays.com\/fr\/wp-content\/uploads\/2025\/09\/1757148199_744_image.webp.webp\" alt=\"Hugues Micol\" data-caption=\"\" data-credit=\"\u00a9 Futuropolis\" data-width-class=\"\" data-image-id=\"106314804\"\/>&#13;<br \/>\n\u00a9 Futuropolis&#13;<\/p>\n<p>Adrien Le Bot, Tu cherches quoi ?, Allia<\/p>\n<p>\u201cMalgr\u00e9 le d\u00e9veloppement international d\u2019une culture gay avec ses lieux de drague et de consommation sexuelle (saunas, sex-clubs, backrooms dans les bars) depuis les ann\u00e9es 1970, la culture du cruising qui la pr\u00e9c\u00e9dait n\u2019a jamais disparu. Zones commerciales, aires de repos d\u2019autoroute, parcs, for\u00eats, toilettes publiques : de nombreux mecs ont toujours pr\u00e9f\u00e9r\u00e9 le frisson de la drague en plein air dans des lieux connus seulement des initi\u00e9s. Adrien Le Bot, artiste et anthropologue, explore m\u00e9thodiquement ces lieux partout en France, depuis\u00a0des ann\u00e9es. Dans Tu cherches quoi ?, tout juste paru chez Allia, il donne la parole aux mecs qui fr\u00e9quentent ces lieux de drague : les fronti\u00e8res de sexualit\u00e9 et de genre se brouillent, quels que soient l\u2019\u00e2ge, l\u2019apparence et le milieu social. Le r\u00e9sultat est parfois inqui\u00e9tant, souvent dr\u00f4le, et toujours troublant.\u201d<\/p>\n<p><strong>Les \u00e9v\u00e9nements \u00e0 ne pas manquer ?<\/strong> Vendredi 12 septembre : rencontre avec Adrien Le Bot. Vendredi 19 septembre : Laura Vazquez pour son roman Les Forces (Editions du Sous-sol) interview\u00e9e par Gorge (artiste et po\u00e8te non binaire, auteur.e de Fatal*e ou l&rsquo;impossible phantasme. Vendredi 26 septembre : rencontre avec Fatima Daas pour son deuxi\u00e8me roman, Jouer le jeu, paru chez l&rsquo;Olivier.<\/p>\n<p><img decoding=\"async\" id=\"5d3443e6-6ed9-3023-12db-488567208e6f\" class=\"photo lazy inline\" loading=\"lazy\" data-component=\"lazy-embed\" src=\"https:\/\/www.europesays.com\/fr\/wp-content\/uploads\/2025\/09\/1757148201_268_image.webp.webp\" alt=\"Adrien Le Bot\" data-caption=\"\" data-credit=\"\u00a9 Editions Allia\" data-width-class=\"\" data-image-id=\"106314805\"\/>&#13;<br \/>\n\u00a9 Editions Allia&#13;<\/p>\n<p><strong>Le coup de c\u0153ur d\u2019Agathe du <a href=\"https:\/\/www.timeout.fr\/paris\/shopping\/le-genre-urbain\" target=\"_blank\" rel=\"noopener\">Genre Urbain<\/a><\/strong><\/p>\n<p>Victor Pouchet, Voyage Voyage, L&rsquo;Arbal\u00e8te\/Gallimard\u00a0<\/p>\n<p>\u201cQu\u2019elle est douce, cette balade en France ! Pourtant, ce n&rsquo;est pas de gait\u00e9 de c\u0153ur qu&rsquo;Orso et Marie prennent la route. Ils fuient leur peine et leur impuissance. Mais le texte de Victor Pouchet n&rsquo;est jamais triste. Il est doux, dr\u00f4le malgr\u00e9 lui, tendre et follement libre. Un grand plaisir de lecture, sourire aux l\u00e8vres et petite pointe de jalousie au c\u0153ur, j&rsquo;aurais aim\u00e9 \u00eatre de ce voyage avec Orso et Marie. Alors, vous montez aussi ?\u201d\u00a0\u00a0<\/p>\n<p><strong>L\u2019\u00e9v\u00e9nement \u00e0 ne pas <\/strong><strong>manquer<\/strong><strong> ?<\/strong> Jeudi 18 septembre : rencontre avec Johann Chapoutot pour l&rsquo;adaptation en BD de son titre culte Libres d&rsquo;ob\u00e9ir (\u00c9ditions Casterman), \u00e0 20h. Les infos de l&rsquo;\u00e9v\u00e8nement par<a href=\"https:\/\/www.librest.com\/le-genre-urbain\/nos-rendez-vous\/18-septembre-2025\/6509-soiree-de-lancement---johann-chapoutot-en-roman-graphique---libres-d-obeir--ed--casterman-\" target=\"_blank\" rel=\"noopener\"> ici<\/a>.<\/p>\n<p><img decoding=\"async\" id=\"525e9736-deb1-fda2-f7d3-b5938a3214c6\" class=\"photo lazy inline\" loading=\"lazy\" data-component=\"lazy-embed\" src=\"https:\/\/www.europesays.com\/fr\/wp-content\/uploads\/2025\/09\/1757148202_556_image.webp.webp\" alt=\"Victor Pouchet\" data-caption=\"\" data-credit=\"\u00a9 Editions Allia\" data-width-class=\"\" data-image-id=\"106314807\"\/>&#13;<br \/>\n\u00a9 Editions Allia&#13;<\/p>\n<p><strong>Le coup de c\u0153ur de Maxime de <a href=\"https:\/\/www.timeout.fr\/paris\/shopping\/la-musardine\" target=\"_blank\" rel=\"noopener\">La Musardine<\/a><\/strong><\/p>\n<p>Fi\u00e8vres, ouvrage collectif, Editions Dynamite<\/p>\n<p>\u201cApr\u00e8s cet \u00e9t\u00e9 caniculaire, la fi\u00e8vre continue avec ce beau roman graphique collectif, porte d\u2019entr\u00e9e moderne et accessible \u00e0 tous.tes sur la bande dessin\u00e9e \u00e9rotique. Une mani\u00e8re de renouveler le genre par le prisme d\u2019un regard f\u00e9minin du d\u00e9sir. Pour cela, neuf artistes se sont r\u00e9unis autour de l\u2019\u0153uvre d\u2019Octavie Delvaux, autrice culte \u00e0 La Musardine, pour mettre en images certaines de ses nouvelles. Autant de mani\u00e8res d\u2019envisager l\u2019\u00e9rotisme et la sexualit\u00e9, dans des styles et des univers foisonnants, \u00e0 l\u2019image de la diversit\u00e9 que ce collectif d\u00e9fend. On y retrouve quelques noms connus tels que Luigi Critone, Janevsky ou Ch\u00e9ri, ainsi que de jeunes artistes en devenir au style d\u00e9j\u00e0 affirm\u00e9.\u201d<\/p>\n<p><strong>L\u2019\u00e9v\u00e9nement \u00e0 ne pas <\/strong><strong>manquer<\/strong><strong> ? <\/strong>Mercredi 17 septembre : soir\u00e9e de lancement de Fantasmes au f\u00e9minin de Maud Serpin \u00e0 partir de 18h30.<\/p>\n<p><img decoding=\"async\" id=\"0d9e637f-1316-284d-3649-49e07a3089c5\" class=\"photo lazy inline\" loading=\"lazy\" data-component=\"lazy-embed\" src=\"https:\/\/www.europesays.com\/fr\/wp-content\/uploads\/2025\/09\/1757148203_531_image.webp.webp\" alt=\"Fi\u00e8vres, ouvrage collectif, Editions Dynamite\" data-caption=\"\" data-credit=\"\u00a9 Editions Dynamite\" data-width-class=\"\" data-image-id=\"106314808\"\/>&#13;<br \/>\n\u00a9 Editions Dynamite&#13;<\/p>\n","protected":false},"excerpt":{"rendered":"Avec ses centaines de sorties, rencontres et autres d\u00e9dicaces, on l\u2019entend arriver de loin, la rentr\u00e9e litt\u00e9raire. A&hellip;\n","protected":false},"author":2,"featured_media":370218,"comment_status":"","ping_status":"","sticky":false,"template":"","format":"standard","meta":{"footnotes":""},"categories":[1888],"tags":[11,50444,50443,1777,674,1011,27,12,626,25,6720],"class_list":{"0":"post-370217","1":"post","2":"type-post","3":"status-publish","4":"format-standard","5":"has-post-thumbnail","7":"category-paris","8":"tag-actualites","9":"tag-actualites-mode-shopping","10":"tag-categories-shopping","11":"tag-eu","12":"tag-europe","13":"tag-fr","14":"tag-france","15":"tag-news","16":"tag-paris","17":"tag-republique-francaise","18":"tag-shopping"},"share_on_mastodon":{"url":"https:\/\/pubeurope.com\/@fr\/115156471516870960","error":""},"_links":{"self":[{"href":"https:\/\/www.europesays.com\/fr\/wp-json\/wp\/v2\/posts\/370217","targetHints":{"allow":["GET"]}}],"collection":[{"href":"https:\/\/www.europesays.com\/fr\/wp-json\/wp\/v2\/posts"}],"about":[{"href":"https:\/\/www.europesays.com\/fr\/wp-json\/wp\/v2\/types\/post"}],"author":[{"embeddable":true,"href":"https:\/\/www.europesays.com\/fr\/wp-json\/wp\/v2\/users\/2"}],"replies":[{"embeddable":true,"href":"https:\/\/www.europesays.com\/fr\/wp-json\/wp\/v2\/comments?post=370217"}],"version-history":[{"count":0,"href":"https:\/\/www.europesays.com\/fr\/wp-json\/wp\/v2\/posts\/370217\/revisions"}],"wp:featuredmedia":[{"embeddable":true,"href":"https:\/\/www.europesays.com\/fr\/wp-json\/wp\/v2\/media\/370218"}],"wp:attachment":[{"href":"https:\/\/www.europesays.com\/fr\/wp-json\/wp\/v2\/media?parent=370217"}],"wp:term":[{"taxonomy":"category","embeddable":true,"href":"https:\/\/www.europesays.com\/fr\/wp-json\/wp\/v2\/categories?post=370217"},{"taxonomy":"post_tag","embeddable":true,"href":"https:\/\/www.europesays.com\/fr\/wp-json\/wp\/v2\/tags?post=370217"}],"curies":[{"name":"wp","href":"https:\/\/api.w.org\/{rel}","templated":true}]}}