{"id":370223,"date":"2025-09-06T08:46:10","date_gmt":"2025-09-06T08:46:10","guid":{"rendered":"https:\/\/www.europesays.com\/fr\/370223\/"},"modified":"2025-09-06T08:46:10","modified_gmt":"2025-09-06T08:46:10","slug":"la-colere-du-psg-ne-redescend-pas-les-alertes-ayant-ete-ignorees-avant-ukraine-france","status":"publish","type":"post","link":"https:\/\/www.europesays.com\/fr\/370223\/","title":{"rendered":"la col\u00e8re du PSG ne redescend pas, les alertes ayant \u00e9t\u00e9 ignor\u00e9es avant Ukraine-France"},"content":{"rendered":"<p>Entr\u00e9 en jeu en seconde mi-temps contre l&rsquo;Ukraine ce vendredi (2-0) apr\u00e8s avoir \u00e9t\u00e9 touch\u00e9 \u00e0 la cuisse le week-end dernier en Ligue 1, Ousmane Demb\u00e9l\u00e9 est sorti sur blessure. Si l&rsquo;\u00e9quipe de France maintient que le favori pour le Ballon d&rsquo;Or \u00e9tait apte \u00e0 jouer, le Paris Saint-Germain fulmine.<\/p>\n<p>Didier Deschamps assume. D&rsquo;apr\u00e8s le s\u00e9lectionneur de l&rsquo;\u00e9quipe de France, Ousmane Demb\u00e9l\u00e9 \u00e9tait \u00ab\u00a0apte\u00a0\u00bb ce vendredi pour affronter l&rsquo;Ukraine lors du premier match des qualifications \u00e0 la Coupe du monde 2026 (2-0). Entr\u00e9 \u00e0 la mi-temps pour remplacer son co\u00e9quipier D\u00e9sir\u00e9 Dou\u00e9, touch\u00e9 au mollet apr\u00e8s un coup, <a href=\"https:\/\/rmcsport.bfmtv.com\/football\/equipe-de-france\/le-psg-furieux-apres-la-blessure-d-ousmane-dembele-lors-d-ukraine-france-le-staff-des-bleus-dans-le-viseur_AP-202509050941.html\" title=\"Le PSG furieux apr\u00e8s la blessure d&#039;Ousmane Demb\u00e9l\u00e9 lors d&#039;Ukraine-France, le staff des Bleus dans le viseur\" class=\"internal_link\" rel=\"nofollow noopener\" target=\"_blank\">le favori au Ballon d&rsquo;Or a d\u00fb laisser sa place \u00e0 la 80e minute<\/a>.<\/p>\n<p>Le joueur du PSG s&rsquo;est tenu la cuisse droite apr\u00e8s une passe et a quitt\u00e9 le terrain la t\u00eate basse en c\u00e9dant sa place \u00e0 Hugo Ekitike, qui a f\u00eat\u00e9 sa premi\u00e8re s\u00e9lection. Tr\u00e8s vite apr\u00e8s la rencontre, RMC Sport a appris que le PSG \u00e9tait furieux de la situation car il avait pr\u00e9venu le staff m\u00e9dical de l\u2019\u00e9quipe de France qu\u2019il ne fallait pas faire jouer Ousmane Demb\u00e9l\u00e9 avant m\u00eame le d\u00e9but du rassemblement. Selon le club de la capitale, l&rsquo;\u00e9tat de fatigue de l&rsquo;attaquant pr\u00e9sentait un haut risque de blessure.<\/p>\n<p>Un sentiment d&rsquo;ignorance<\/p>\n<p>Il faut dire que l&rsquo;arriv\u00e9e d&rsquo;Ousmane Demb\u00e9l\u00e9 chez les Bleus cette semaine n&rsquo;a pas \u00e9t\u00e9 de tout repos. <a href=\"https:\/\/rmcsport.bfmtv.com\/football\/clubs\/paris-saint-germain\/toulouse-psg-je-connais-mes-ischios-dembele-donne-des-nouvelles-apres-sa-sortie-sur-blessure_AV-202508300351.html\" title=\"Toulouse-PSG: &quot;Je connais mes ischios&quot;, Demb\u00e9l\u00e9 donne des nouvelles apr\u00e8s sa sortie sur blessure\" class=\"internal_link\" rel=\"nofollow noopener\" target=\"_blank\">Touch\u00e9 \u00e0 la cuisse gauche contre Toulouse<\/a> samedi dernier en Ligue 1 &#8211; o\u00f9 <a href=\"https:\/\/rmcsport.bfmtv.com\/football\/ligue-1\/direct-toulouse-psg-suivez-le-match-de-la-3e-journee-de-ligue-1-en-live_LS-202508300233.html\" title=\"Toulouse-PSG: festival du PSG, nouveau leader du classement\" class=\"internal_link\" rel=\"nofollow noopener\" target=\"_blank\">il a marqu\u00e9 un doubl\u00e9 sur penalties lors d&rsquo;un succ\u00e8s 6-3 \u00e0 l&rsquo;ext\u00e9rieur<\/a> &#8211; l&rsquo;ancien du Bar\u00e7a et de Dortmund s&rsquo;est entra\u00een\u00e9 \u00e0 part du groupe Bleu ce mardi. Le m\u00e9decin de l&rsquo;\u00e9quipe de France Franck Le Gall avait alors expliqu\u00e9 que le joueur suivait un programme adapt\u00e9.<\/p>\n<p>Il semblait donc peu probable de le voir entrer en jeu d\u00e8s vendredi soir. C&rsquo;est pourquoi, ce samedi matin, m\u00eame \u00e0 froid, la col\u00e8re ne redescend pas dans les hautes sph\u00e8res du club parisien. Un sentiment d\u2019ignorance de la part d&rsquo;une F\u00e9d\u00e9ration fran\u00e7aise de football tr\u00e8s puissante pr\u00e9domine. L&rsquo;instance rappelle de son c\u00f4t\u00e9 une r\u00e8gle importance: lorsqu&rsquo;un joueur est appel\u00e9, il est oblig\u00e9 d&rsquo;aller en s\u00e9lection.<\/p>\n<p>La FFF s&rsquo;appuie sur le r\u00e8glement de la Fifa relatif au Statut et au Transfert des joueurs. L&rsquo;alin\u00e9a 1.1 de l&rsquo;Annexe 1 du r\u00e8glement pr\u00e9cise qu'\u00a0\u00bbun club ayant enregistr\u00e9 un joueur doit mettre ce joueur \u00e0 la disposition de l\u2019association du pays pour lequel le joueur est qualifi\u00e9, sur la base de sa nationalit\u00e9, s\u2019il est convoqu\u00e9 par l\u2019association en question\u00a0\u00bb.<\/p>\n<p>Pour ce qui est des blessures, c&rsquo;est la s\u00e9lection qui d\u00e9cide aussi. \u00ab\u00a0Un joueur ne pouvant satisfaire \u00e0 une convocation de l\u2019association qu\u2019il est autoris\u00e9 \u00e0 repr\u00e9senter, sur la base de sa nationalit\u00e9, en raison d\u2019une blessure ou d\u2019une maladie doit, \u00e0 la demande de cette association, se soumettre \u00e0 un examen m\u00e9dical aupr\u00e8s d\u2019un m\u00e9decin que celle-ci aura choisi\u00a0\u00bb, ajoute la Fifa.<\/p>\n<p>\u00ab\u00a0Il se sentait bien\u00a0\u00bb<\/p>\n<p>En conf\u00e9rence de presse apr\u00e8s le match contre l&rsquo;Ukraine, Didier Deschamps a de son c\u00f4t\u00e9 assur\u00e9 qu&rsquo;Ousmane Demb\u00e9l\u00e9 \u00e9tait pr\u00eat \u00e0 jouer. \u00ab\u00a0C&rsquo;est malheureux pour Ousmane qui \u00e9tait gu\u00e9ri, a regrett\u00e9 le s\u00e9lectionneur des Bleus. Il se sentait bien et apte, mais \u00e7a a un peu tir\u00e9 mais de l&rsquo;autre c\u00f4t\u00e9, sur l&rsquo;autre jambe. M\u00eame sur des joueurs qui n&rsquo;ont rien, \u00e7a peut arriver. Et d&rsquo;ajouter: \u00ab\u00a0S&rsquo;il y avait eu la moindre appr\u00e9hension, je l&rsquo;aurais laiss\u00e9 tranquille et j&rsquo;aurais fait rentrer un autre joueur.\u00a0\u00bb<\/p>\n<p>Son avenir en Bleu lors de cette tr\u00eave internationale de septembre semble d\u00e9sormais compromis. \u00ab\u00a0Cela me semble court \u00e0 partir du moment o\u00f9 on rejoue dans quatre jours\u00a0\u00bb, a lanc\u00e9 Didier Deschamps, mentionnant la r\u00e9ception de l&rsquo;Islande ce mardi (20h45). Reste maintenant \u00e0 savoir si Ousmane Demb\u00e9l\u00e9 pourra r\u00e9pondre pr\u00e9sent lors des prochaines \u00e9ch\u00e9ances du PSG, \u00e0 savoir les rencontre contre Lens (14 septembre) et l&rsquo;Atalanta (17 septembre) et le d\u00e9placement \u00e0 Marseille (21 septembre).<\/p>\n","protected":false},"excerpt":{"rendered":"Entr\u00e9 en jeu en seconde mi-temps contre l&rsquo;Ukraine ce vendredi (2-0) apr\u00e8s avoir \u00e9t\u00e9 touch\u00e9 \u00e0 la cuisse&hellip;\n","protected":false},"author":2,"featured_media":369434,"comment_status":"","ping_status":"","sticky":false,"template":"","format":"standard","meta":{"footnotes":""},"categories":[1590],"tags":[11,1777,674,12,220],"class_list":{"0":"post-370223","1":"post","2":"type-post","3":"status-publish","4":"format-standard","5":"has-post-thumbnail","7":"category-ukraine","8":"tag-actualites","9":"tag-eu","10":"tag-europe","11":"tag-news","12":"tag-ukraine"},"share_on_mastodon":{"url":"","error":""},"_links":{"self":[{"href":"https:\/\/www.europesays.com\/fr\/wp-json\/wp\/v2\/posts\/370223","targetHints":{"allow":["GET"]}}],"collection":[{"href":"https:\/\/www.europesays.com\/fr\/wp-json\/wp\/v2\/posts"}],"about":[{"href":"https:\/\/www.europesays.com\/fr\/wp-json\/wp\/v2\/types\/post"}],"author":[{"embeddable":true,"href":"https:\/\/www.europesays.com\/fr\/wp-json\/wp\/v2\/users\/2"}],"replies":[{"embeddable":true,"href":"https:\/\/www.europesays.com\/fr\/wp-json\/wp\/v2\/comments?post=370223"}],"version-history":[{"count":0,"href":"https:\/\/www.europesays.com\/fr\/wp-json\/wp\/v2\/posts\/370223\/revisions"}],"wp:featuredmedia":[{"embeddable":true,"href":"https:\/\/www.europesays.com\/fr\/wp-json\/wp\/v2\/media\/369434"}],"wp:attachment":[{"href":"https:\/\/www.europesays.com\/fr\/wp-json\/wp\/v2\/media?parent=370223"}],"wp:term":[{"taxonomy":"category","embeddable":true,"href":"https:\/\/www.europesays.com\/fr\/wp-json\/wp\/v2\/categories?post=370223"},{"taxonomy":"post_tag","embeddable":true,"href":"https:\/\/www.europesays.com\/fr\/wp-json\/wp\/v2\/tags?post=370223"}],"curies":[{"name":"wp","href":"https:\/\/api.w.org\/{rel}","templated":true}]}}