{"id":370224,"date":"2025-09-06T08:47:10","date_gmt":"2025-09-06T08:47:10","guid":{"rendered":"https:\/\/www.europesays.com\/fr\/370224\/"},"modified":"2025-09-06T08:47:10","modified_gmt":"2025-09-06T08:47:10","slug":"avec-son-ministere-de-la-guerre-donald-trump-veut-envoyer-un-message-de-force-lexpress","status":"publish","type":"post","link":"https:\/\/www.europesays.com\/fr\/370224\/","title":{"rendered":"Avec son \u00ab\u00a0minist\u00e8re de la Guerre\u00a0\u00bb, Donald Trump veut envoyer un message \u00ab\u00a0de force\u00a0\u00bb \u2013 L&rsquo;Express"},"content":{"rendered":"<p class=\"paragraph article-body-paragraph article__item   article-body-paragraph--first \">\u00ab\u00a0Les mots comptent\u00a0\u00bb, a d\u00e9clar\u00e9 le chef du Pentagone Pete Hegseth, pr\u00e9sent aux c\u00f4t\u00e9s de <a href=\"https:\/\/www.lexpress.fr\/monde\/amerique\/donald-trump-veut-mettre-fin-aux-programmes-de-securite-europeens-axes-sur-la-menace-russe-PQN53ZLZ45FKFEQCOFOJNXSB3U\/\" target=\"_self\" rel=\"noopener\" title=\"https:\/\/www.lexpress.fr\/monde\/amerique\/donald-trump-veut-mettre-fin-aux-programmes-de-securite-europeens-axes-sur-la-menace-russe-PQN53ZLZ45FKFEQCOFOJNXSB3U\/\">Donald Trump<\/a> dans le bureau Ovale, assurant que cette nouvelle appellation &#8211; du minist\u00e8re de la D\u00e9fense en \u00ab\u00a0minist\u00e8re de la Guerre\u00a0\u00bb &#8211; devait permettre de \u00ab\u00a0restaurer une \u00e9thique guerri\u00e8re\u00a0\u00bb, le pr\u00e9sident d\u00e9clarant lui-m\u00eame vouloir envoyer un \u00ab\u00a0message de victoire\u00a0\u00bb et \u00ab\u00a0de force\u00a0\u00bb au reste du monde.<\/p>\n<p class=\"paragraph article-body-paragraph article__item   \">Le pr\u00e9sident am\u00e9ricain a laiss\u00e9 entendre qu\u2019il pouvait se passer d\u2019un vote du <a href=\"https:\/\/google.com\/search?q=site%3Alexpress.fr+\u00e9tats-unis+congr\u00e8s&amp;sca_esv=99ccd84969507416&amp;biw=1470&amp;bih=798&amp;sxsrf=AE3TifPjvm4KfBayj7AYCu9c8CrkQ0ddeQ%3A1757146570065&amp;ei=yu27aLXlA5imkdUPwJi-4Qs&amp;ved=0ahUKEwi18oGJ2cOPAxUYU6QEHUCML7wQ4dUDCBA&amp;uact=5&amp;oq=site%3Alexpress.fr+\u00e9tats-unis+congr\u00e8s&amp;gs_lp=Egxnd3Mtd2l6LXNlcnAiJXNpdGU6bGV4cHJlc3MuZnIgw6l0YXRzLXVuaXMgY29uZ3LDqHNImgdQ7QFYmgZwAXgAkAEAmAE6oAGnAqoBATi4AQPIAQD4AQGYAgCgAgCYAwCIBgGSBwCgB-gCsgcAuAcAwgcAyAcA&amp;sclient=gws-wiz-serp\" target=\"_self\" rel=\"noopener\" title=\"https:\/\/google.com\/search?q=site%3Alexpress.fr+\u00e9tats-unis+congr\u00e8s&amp;sca_esv=99ccd84969507416&amp;biw=1470&amp;bih=798&amp;sxsrf=AE3TifPjvm4KfBayj7AYCu9c8CrkQ0ddeQ%3A1757146570065&amp;ei=yu27aLXlA5imkdUPwJi-4Qs&amp;ved=0ahUKEwi18oGJ2cOPAxUYU6QEHUCML7wQ4dUDCBA&amp;uact=5&amp;oq=site%3Alexpress.fr+\u00e9tats-unis+congr\u00e8s&amp;gs_lp=Egxnd3Mtd2l6LXNlcnAiJXNpdGU6bGV4cHJlc3MuZnIgw6l0YXRzLXVuaXMgY29uZ3LDqHNImgdQ7QFYmgZwAXgAkAEAmAE6oAGnAqoBATi4AQPIAQD4AQGYAgCgAgCYAwCIBgGSBwCgB-gCsgcAuAcAwgcAyAcA&amp;sclient=gws-wiz-serp\">Congr\u00e8s<\/a> pour proc\u00e9der \u00e0 ce changement d\u2019appellation. Formellement, il s\u2019agit pour l\u2019instant d\u2019une appellation \u00ab\u00a0suppl\u00e9mentaire\u00a0\u00bb, selon un document distribu\u00e9 d\u00e8s jeudi par la Maison-Blanche. Un haut responsable du minist\u00e8re a indiqu\u00e9 que le co\u00fbt de cette op\u00e9ration, potentiellement tr\u00e8s dispendieuse, deviendrait \u00ab\u00a0plus clair\u00a0\u00bb au fur et \u00e0 mesure de sa mise en place.<\/p>\n<p><strong class=\"article-body-link-list__item text-gray-800 article-body-link-list__item--one-item\">LIRE AUSSI : <a class=\"article-body-link-list__item-link\" href=\"https:\/\/www.lexpress.fr\/economie\/high-tech\/dan-wang-stanford-que-trump-et-xi-soient-amis-serait-inquietant-quils-saffrontent-serait-ZXJN2W2TSNC6ZIEBMR73TDQW4M\/\" target=\"_blank\" rel=\"noreferrer noopener\">Dan Wang (Stanford) : \u00ab\u00a0Que Trump et Xi soient amis serait inqui\u00e9tant, qu\u2019ils s\u2019affrontent serait apocalyptique\u00a0\u00bb<\/a><\/strong><\/p>\n<p class=\"paragraph article-body-paragraph article__item   \">Peu apr\u00e8s la signature du d\u00e9cret pr\u00e9sidentiel, les mots \u00ab\u00a0minist\u00e8re de la D\u00e9fense\u00a0\u00bb ont \u00e9t\u00e9 imm\u00e9diatement retir\u00e9s d&rsquo;un mur dans le Pentagone, devant des cam\u00e9ras de t\u00e9l\u00e9vision. Le site du minist\u00e8re a \u00e9t\u00e9 renomm\u00e9 et Pete Hegseth se pr\u00e9sente d\u00e9sormais comme \u00ab\u00a0ministre de la Guerre\u00a0\u00bb sur X. \u00ab\u00a0Nous allons soumettre (ce changement de nom) au Congr\u00e8s\u00a0\u00bb, a pr\u00e9venu Donald Trump. \u00ab\u00a0Je ne sais pas (si les parlementaires voteront en ma faveur, ndlr), nous verrons bien, mais je ne suis pas s\u00fbre qu&rsquo;ils aient besoin de le faire\u00a0\u00bb.<\/p>\n<p>\u00ab\u00a0Trop d\u00e9fensif\u00a0\u00bb<\/p>\n<p class=\"paragraph article-body-paragraph article__item   \">Ce n\u2019est pas la premi\u00e8re fois que le r\u00e9publicain de 79 ans impose ses id\u00e9es sans passer par la case l\u00e9gislative. Son second mandat est marqu\u00e9 par une volont\u00e9 assum\u00e9e d\u2019\u00e9tendre le pouvoir pr\u00e9sidentiel, \u00e0 coups de d\u00e9crets et de d\u00e9cisions empi\u00e9tant sur les pr\u00e9rogatives du Congr\u00e8s. Il a sign\u00e9 vendredi son 200e d\u00e9cret depuis son retour \u00e0 la Maison-Blanche en janvier.<\/p>\n<p class=\"paragraph article-body-paragraph article__item   \">Le pr\u00e9sident des Etats-Unis avait d\u00e9j\u00e0 fait part de ce projet qui restaurerait une appellation ayant exist\u00e9 de 1789 \u00e0 1947. \u00ab\u00a0D\u00e9fense, c&rsquo;est trop d\u00e9fensif, et nous voulons aussi \u00eatre offensifs\u00a0\u00bb, avait-il d\u00e9clar\u00e9. Depuis son retour \u00e0 la Maison-Blanche en janvier, Donald Trump a mobilis\u00e9 l&rsquo;arm\u00e9e pour imposer une image de puissance spectaculaire et combler son app\u00e9tit de fastes militaires.<\/p>\n<p><strong class=\"article-body-link-list__item text-gray-800 article-body-link-list__item--one-item\">LIRE AUSSI : <a class=\"article-body-link-list__item-link\" href=\"https:\/\/www.lexpress.fr\/idees-et-debats\/si-les-etats-unis-intervenaient-le-scenario-fou-dune-attaque-chinoise-de-taiwan-par-tong-zhao-3FPTNEBPRZD65AAC3DII53GJYU\/\" target=\"_blank\" rel=\"noreferrer noopener\">\u00ab\u00a0Si les Etats-Unis intervenaient\u2026\u00a0\u00bb : le sc\u00e9nario fou d\u2019une attaque chinoise de Ta\u00efwan, par Tong Zhao<\/a><\/strong><\/p>\n<p class=\"paragraph article-body-paragraph article__item   \">Il a organis\u00e9 un rare d\u00e9fil\u00e9 le jour de son anniversaire, d\u00e9ploy\u00e9 la Garde nationale dans des villes dirig\u00e9es par ses opposants, et ordonn\u00e9 une frappe exceptionnelle sur un bateau dans les Cara\u00efbes dans le cadre de la lutte affich\u00e9e contre le narcotrafic. Les d\u00e9mocrates d\u00e9noncent r\u00e9guli\u00e8rement ce recours aux militaires, r\u00e9v\u00e9lateur selon eux d&rsquo;une d\u00e9rive autoritaire.<\/p>\n<p>Contre le \u00ab\u00a0politiquement correct\u00a0\u00bb<\/p>\n<p class=\"paragraph article-body-paragraph article__item   \">Le pr\u00e9sident am\u00e9ricain avait eu pendant son premier mandat une relation plut\u00f4t contrari\u00e9e avec l&rsquo;arm\u00e9e. Son ancien chef d&rsquo;\u00e9tat-major, le g\u00e9n\u00e9ral Marc Milley, l&rsquo;a qualifi\u00e9 d'\u00a0\u00bb<a href=\"https:\/\/www.lexpress.fr\/monde\/il-est-jaloux-deux-donald-trump-est-il-lidiot-utile-des-dictateurs-3MSJUPDZV5CXVIZWWC3UJ7UWI4\/\" target=\"_self\" rel=\"noopener\" title=\"https:\/\/www.lexpress.fr\/monde\/il-est-jaloux-deux-donald-trump-est-il-lidiot-utile-des-dictateurs-3MSJUPDZV5CXVIZWWC3UJ7UWI4\/\">aspirant dictateur<\/a>\u00ab\u00a0. Des articles de presse avaient \u00e9galement attribu\u00e9 \u00e0 Donald Trump des propos m\u00e9prisants pour des militaires am\u00e9ricains morts au combat.<\/p>\n<p class=\"paragraph article-body-paragraph article__item    article__text__endpicto\">Cette fois, le dirigeant r\u00e9publicain a remani\u00e9 l&rsquo;\u00e9tat-major am\u00e9ricain pour s&rsquo;entourer de hauts grad\u00e9s choisis par ses soins, et a nomm\u00e9 en la personne de Pete Hegseth un ministre \u00e0 la <a href=\"https:\/\/www.lexpress.fr\/monde\/la-diplomatie-selon-donald-trump-et-maintenant-flattez-moi-2TZR642RRFDJNISUTSDMTRPWUA\/\" target=\"_self\" rel=\"noopener\" title=\"https:\/\/www.lexpress.fr\/monde\/la-diplomatie-selon-donald-trump-et-maintenant-flattez-moi-2TZR642RRFDJNISUTSDMTRPWUA\/\">loyaut\u00e9 farouche<\/a>. Le chef du Pentagone, adepte d&rsquo;un discours viriliste et d&rsquo;op\u00e9rations de communication musculeuses, a dit vendredi que l&rsquo;objectif de l&rsquo;arm\u00e9e am\u00e9ricaine \u00e9tait d&rsquo;atteindre \u00ab\u00a0une l\u00e9talit\u00e9 maximale, pas une l\u00e9talit\u00e9 ti\u00e8de\u00a0\u00bb. Il a dit vouloir aller \u00e0 l&rsquo;encontre du \u00ab\u00a0politiquement correct\u00a0\u00bb.<\/p>\n","protected":false},"excerpt":{"rendered":"\u00ab\u00a0Les mots comptent\u00a0\u00bb, a d\u00e9clar\u00e9 le chef du Pentagone Pete Hegseth, pr\u00e9sent aux c\u00f4t\u00e9s de Donald Trump dans&hellip;\n","protected":false},"author":2,"featured_media":370225,"comment_status":"","ping_status":"","sticky":false,"template":"","format":"standard","meta":{"footnotes":""},"categories":[1589],"tags":[11,782,73,1866,74,12,1864,1865,1863,308],"class_list":{"0":"post-370224","1":"post","2":"type-post","3":"status-publish","4":"format-standard","5":"has-post-thumbnail","7":"category-etats-unis","8":"tag-actualites","9":"tag-ameriques","10":"tag-etats-unis","11":"tag-etats-unis-damerique","12":"tag-monde","13":"tag-news","14":"tag-united-states","15":"tag-united-states-of-america","16":"tag-us","17":"tag-usa"},"share_on_mastodon":{"url":"https:\/\/pubeurope.com\/@fr\/115156487115319868","error":""},"_links":{"self":[{"href":"https:\/\/www.europesays.com\/fr\/wp-json\/wp\/v2\/posts\/370224","targetHints":{"allow":["GET"]}}],"collection":[{"href":"https:\/\/www.europesays.com\/fr\/wp-json\/wp\/v2\/posts"}],"about":[{"href":"https:\/\/www.europesays.com\/fr\/wp-json\/wp\/v2\/types\/post"}],"author":[{"embeddable":true,"href":"https:\/\/www.europesays.com\/fr\/wp-json\/wp\/v2\/users\/2"}],"replies":[{"embeddable":true,"href":"https:\/\/www.europesays.com\/fr\/wp-json\/wp\/v2\/comments?post=370224"}],"version-history":[{"count":0,"href":"https:\/\/www.europesays.com\/fr\/wp-json\/wp\/v2\/posts\/370224\/revisions"}],"wp:featuredmedia":[{"embeddable":true,"href":"https:\/\/www.europesays.com\/fr\/wp-json\/wp\/v2\/media\/370225"}],"wp:attachment":[{"href":"https:\/\/www.europesays.com\/fr\/wp-json\/wp\/v2\/media?parent=370224"}],"wp:term":[{"taxonomy":"category","embeddable":true,"href":"https:\/\/www.europesays.com\/fr\/wp-json\/wp\/v2\/categories?post=370224"},{"taxonomy":"post_tag","embeddable":true,"href":"https:\/\/www.europesays.com\/fr\/wp-json\/wp\/v2\/tags?post=370224"}],"curies":[{"name":"wp","href":"https:\/\/api.w.org\/{rel}","templated":true}]}}