{"id":370228,"date":"2025-09-06T08:49:14","date_gmt":"2025-09-06T08:49:14","guid":{"rendered":"https:\/\/www.europesays.com\/fr\/370228\/"},"modified":"2025-09-06T08:49:14","modified_gmt":"2025-09-06T08:49:14","slug":"quarrive-t-il-a-lallemagne","status":"publish","type":"post","link":"https:\/\/www.europesays.com\/fr\/370228\/","title":{"rendered":"Qu&rsquo;arrive-t-il \u00e0 l&rsquo;Allemagne ?"},"content":{"rendered":"<p><img decoding=\"async\" data-author=\"\" src=\"https:\/\/www.europesays.com\/fr\/wp-content\/uploads\/2025\/09\/fb2b9925c65c44fa808e28e937e9ee52.jpeg\" id=\"img_177417998584008704\" w=\"2560\" h=\"1790\" alt=\"tuy\u1ec3n \u0110\u1ee9c - \u1ea2nh 1.\" title=\"Qu'arrive-t-il \u00e0 l'\u00e9quipe allemande ? - Photo 1.\" rel=\"lightbox\" photoid=\"177417998584008704\" data-original=\"https:\/\/cdn2.tuoitre.vn\/471584752817336320\/2025\/9\/6\/kimmich-17571306923111497218872.jpg\" type=\"photo\" style=\"max-width:100%;\" width=\"2560\" height=\"1790\" fetchpriority=\"high\"\/><\/p>\n<p data-placeholder=\"Nh\u1eadp ch\u00fa th\u00edch \u1ea3nh\"> Les stars comme Kimmich (\u00e0 gauche) sont \u00e9galement impuissantes &#8211; Photo : REUTERS<\/p>\n<p class=\"\"> T\u00f4t le matin du 5 septembre (heure du Vietnam), l&rsquo;\u00e9quipe allemande a subi une d\u00e9faite choc 0-2 contre la Slovaquie lors de son premier match des \u00e9liminatoires de la Coupe du monde 2026.<\/p>\n<p> Risque de manquer la Coupe du monde<\/p>\n<p class=\"\"> Commen\u00e7ons par l&rsquo;impr\u00e9visibilit\u00e9 des qualifications pour la Coupe du monde. L&rsquo;\u00e9largissement du nombre d&rsquo;\u00e9quipes de la FIFA, de 32 \u00e0 48, a \u00e9galement augment\u00e9 le nombre de places disponibles pour chaque r\u00e9gion.<\/p>\n<p class=\"\"> Concr\u00e8tement, l&rsquo;Afrique est pass\u00e9e de 4 \u00e0 8,5 tickets ; l&rsquo;Asie de 4,5 \u00e0 8,5 tickets ; l&rsquo;Am\u00e9rique du Sud de 4,5 \u00e0 6,5 tickets&#8230; Mais l&rsquo;Europe n&rsquo;a augment\u00e9 que de 13 \u00e0 16 tickets &#8211; une augmentation qui n&rsquo;est pas beaucoup compar\u00e9e au niveau g\u00e9n\u00e9ral tr\u00e8s homog\u00e8ne du continent leader du monde du football.<\/p>\n<p class=\"\"> De plus, la F\u00e9d\u00e9ration europ\u00e9enne de football (UEFA) a \u00e9galement compliqu\u00e9 le jeu en divisant les groupes. Lors des pr\u00e9c\u00e9dents tours de qualification, l&rsquo;Europe \u00e9tait divis\u00e9e en 10 groupes, chacun compos\u00e9 de 5 \u00e0 6 \u00e9quipes. Lors de ce tour de qualification, le nombre de groupes est pass\u00e9 \u00e0 12, chacun compos\u00e9 de 4 \u00e0 5 \u00e9quipes.<\/p>\n<p class=\"\"> Bien que le niveau global du football europ\u00e9en soit de plus en plus homog\u00e8ne, un probl\u00e8me subsiste\u00a0: trop d&rsquo;\u00e9quipes \u00ab\u00a0outsiders\u00a0\u00bb demeurent. Le Groupe I de l&rsquo;Italie en est un exemple typique. Bien qu&rsquo;il compte cinq \u00e9quipes, deux d&rsquo;entre elles, l&rsquo;Estonie et la Moldavie, ne participent toujours qu&rsquo;au tour de qualification pour compl\u00e9ter le groupe.<\/p>\n<p class=\"\"> De m\u00eame, le groupe A de l&rsquo;Allemagne comprend le Luxembourg, l&rsquo;une des \u00e9quipes les plus faibles d&rsquo;Europe. L&rsquo;Irlande du Nord est juste au-dessus.<\/p>\n<p class=\"\"> Par cons\u00e9quent, le match entre les deux \u00e9quipes restantes, l&rsquo;Allemagne et la Slovaquie, d\u00e9cidera de la premi\u00e8re place du groupe, ce qui signifie un billet direct pour la Coupe du monde 2026. Chaque groupe n&rsquo;a qu&rsquo;un seul billet direct, et s&rsquo;ils tr\u00e9buchent une fois, il n&rsquo;y aura aucune chance de se relever.<\/p>\n<p class=\"\"> Les rigueurs des qualifications europ\u00e9ennes sont bien diff\u00e9rentes de celles de l&rsquo;Am\u00e9rique du Sud, o\u00f9 le Br\u00e9sil peut mal jouer au match aller et se qualifier malgr\u00e9 tout avec quelques matchs d&rsquo;avance. L&rsquo;Allemagne, quant \u00e0 elle, tremble d\u00e9sormais \u00e0 l&rsquo;id\u00e9e de devoir disputer un barrage.<\/p>\n<p> L&rsquo;entra\u00eeneur Nagelsmann en danger<\/p>\n<p class=\"\"> De plus, la d\u00e9faite 0-2 contre la Slovaquie a port\u00e9 un coup dur aux espoirs de renaissance du football allemand.<\/p>\n<p class=\"\"> Avant d&rsquo;entrer dans les qualifications pour la Coupe du monde 2026, Nagelsmann et son \u00e9quipe ont provoqu\u00e9 une grande d\u00e9ception avec deux d\u00e9faites cons\u00e9cutives contre le Portugal et la France en Ligue des Nations de l&rsquo;UEFA. \u00c0 l&rsquo;\u00e9poque, les supporters allemands \u00e9taient encore patients, car ils ne perdaient que contre les meilleures \u00e9quipes <a class=\"data-link\" data-org-href=\"https:\/\/www.vietnam.vn\/category\/the-gioi\" href=\"https:\/\/www.vietnam.vn\/category\/the-gioi\" title=\"monde\" target=\"_blank\" rel=\"noopener\">du monde<\/a> . Mais la d\u00e9faite contre la Slovaquie a \u00e9t\u00e9 la goutte d&rsquo;eau qui a fait d\u00e9border le vase.<\/p>\n<p class=\"\"> L&rsquo;entra\u00eeneur Nagelsmann a tent\u00e9 d&rsquo;insuffler un vent nouveau \u00e0 l&rsquo;\u00e9quipe nationale. Contre la Slovaquie, il a align\u00e9 Collins, Stiller et Woltemade, de jeunes stars apparues l&rsquo;ann\u00e9e derni\u00e8re. Le strat\u00e8ge allemand a \u00e9galement \u00e9limin\u00e9 avec force des joueurs inadapt\u00e9s comme Sane et Can. Mais rien n&rsquo;a chang\u00e9\u00a0: l&rsquo;\u00e9quipe allemande joue toujours dans l&rsquo;ombre.<\/p>\n<p class=\"\"> Leur attaque manque d&rsquo;un v\u00e9ritable chef d&rsquo;orchestre avec l&rsquo;absence de Musiala, bless\u00e9 depuis longtemps. Les attaquants ont \u00e9galement eu moins de chance de marquer sans Havertz pour la m\u00eame raison. Et la d\u00e9fense a toujours jou\u00e9 comme si elle \u00e9tait somnambule.<\/p>\n<p class=\"\"> Les supporters allemands ne peuvent s&#8217;emp\u00eacher d&rsquo;\u00eatre amer face \u00e0 un constat : ils n&rsquo;ont plus d&rsquo;attaquant ayant marqu\u00e9\u2026 15 buts pour l&rsquo;\u00e9quipe. De Fullkrug \u00e0 Woltemade en passant par Beier et Undav\u2026 Havertz est souvent qualifi\u00e9 de \u00ab\u00a0jambes de bois\u00a0\u00bb, mais il a au moins marqu\u00e9 20 buts en 55 apparitions pour l&rsquo;\u00e9quipe, tandis que les attaquants allemands actuels sont loin derri\u00e8re lui.<\/p>\n<p class=\"\"> M\u00eame si la g\u00e9n\u00e9ration allemande actuelle manque de talent, cela n&rsquo;excuse pas sa cuisante d\u00e9faite face \u00e0 la Slovaquie. Sur les forums et les groupes de supporters allemands, l&rsquo;entra\u00eeneur Nagelsmann commence \u00e0 \u00eatre soumis \u00e0 une forte pression.<\/p>\n<p class=\"\"> Il fut un temps o\u00f9 les supporters de la Mannschaft pensaient que Nagelsmann menait l&rsquo;\u00e9quipe dans la bonne direction, apr\u00e8s un Euro 2024 relativement impressionnant. Mais une fois de plus, Nagelsmann s&rsquo;est effondr\u00e9 lorsqu&rsquo;il a commenc\u00e9 \u00e0 gagner la confiance.<\/p>\n<p class=\"\"> \u00c0 38 ans, Nagelsmann est encore plus jeune que beaucoup d&rsquo;anciens joueurs \u00e0 leurs d\u00e9buts d&rsquo;entra\u00eeneur. Mais les Allemands commencent \u00e0 se demander\u00a0: leur capitaine est-il en fin de carri\u00e8re\u00a0?<\/p>\n<p class=\"\"> Nagelsmann s&rsquo;est fait conna\u00eetre \u00e0 la trentaine comme entra\u00eeneur d&rsquo;Hoffenheim. Il a atteint son apog\u00e9e \u00e0 cette m\u00eame \u00e9poque avec Leipzig, puis a connu un \u00e9chec inattendu au Bayern Munich. Et aujourd&rsquo;hui, \u00e0 40 ans, il est \u00e0 court d&rsquo;id\u00e9es.<\/p>\n<p class=\"\"> Le d\u00e9clin de Nagelsmann est similaire \u00e0 celui de l&rsquo;\u00e9quipe d&rsquo;Allemagne qui a inexplicablement d\u00e9clin\u00e9 apr\u00e8s l&rsquo;Euro 2024 &#8211; quelque chose que le monde du football n&rsquo;a pas encore expliqu\u00e9. <\/p>\n<p> Source : https:\/\/tuoitre.vn\/dieu-gi-dang-xay-ra-voi-tuyen-duc-20250906105552813.htm<\/p>\n","protected":false},"excerpt":{"rendered":"Les stars comme Kimmich (\u00e0 gauche) sont \u00e9galement impuissantes &#8211; Photo : REUTERS T\u00f4t le matin du 5&hellip;\n","protected":false},"author":2,"featured_media":370229,"comment_status":"","ping_status":"","sticky":false,"template":"","format":"standard","meta":{"footnotes":""},"categories":[1587],"tags":[11,672,1804,18833,1805,1803,50445,1777,674,2269,1801,50446,12,1802],"class_list":{"0":"post-370228","1":"post","2":"type-post","3":"status-publish","4":"format-standard","5":"has-post-thumbnail","7":"category-allemagne","8":"tag-actualites","9":"tag-allemagne","10":"tag-bundesrepublik-deutschland","11":"tag-coupe-du-monde-2026","12":"tag-de","13":"tag-deutschland","14":"tag-equipe-dallemagne","15":"tag-eu","16":"tag-europe","17":"tag-fifa","18":"tag-germany","19":"tag-lentraineur-julian-nagelsmann","20":"tag-news","21":"tag-republique-federale-dallemagne"},"share_on_mastodon":{"url":"https:\/\/pubeurope.com\/@fr\/115156495268270548","error":""},"_links":{"self":[{"href":"https:\/\/www.europesays.com\/fr\/wp-json\/wp\/v2\/posts\/370228","targetHints":{"allow":["GET"]}}],"collection":[{"href":"https:\/\/www.europesays.com\/fr\/wp-json\/wp\/v2\/posts"}],"about":[{"href":"https:\/\/www.europesays.com\/fr\/wp-json\/wp\/v2\/types\/post"}],"author":[{"embeddable":true,"href":"https:\/\/www.europesays.com\/fr\/wp-json\/wp\/v2\/users\/2"}],"replies":[{"embeddable":true,"href":"https:\/\/www.europesays.com\/fr\/wp-json\/wp\/v2\/comments?post=370228"}],"version-history":[{"count":0,"href":"https:\/\/www.europesays.com\/fr\/wp-json\/wp\/v2\/posts\/370228\/revisions"}],"wp:featuredmedia":[{"embeddable":true,"href":"https:\/\/www.europesays.com\/fr\/wp-json\/wp\/v2\/media\/370229"}],"wp:attachment":[{"href":"https:\/\/www.europesays.com\/fr\/wp-json\/wp\/v2\/media?parent=370228"}],"wp:term":[{"taxonomy":"category","embeddable":true,"href":"https:\/\/www.europesays.com\/fr\/wp-json\/wp\/v2\/categories?post=370228"},{"taxonomy":"post_tag","embeddable":true,"href":"https:\/\/www.europesays.com\/fr\/wp-json\/wp\/v2\/tags?post=370228"}],"curies":[{"name":"wp","href":"https:\/\/api.w.org\/{rel}","templated":true}]}}