{"id":370230,"date":"2025-09-06T08:50:10","date_gmt":"2025-09-06T08:50:10","guid":{"rendered":"https:\/\/www.europesays.com\/fr\/370230\/"},"modified":"2025-09-06T08:50:10","modified_gmt":"2025-09-06T08:50:10","slug":"trump-trebuche-leurope-sagite-politico","status":"publish","type":"post","link":"https:\/\/www.europesays.com\/fr\/370230\/","title":{"rendered":"Trump tr\u00e9buche, l\u2019Europe s\u2019agite \u2013 POLITICO"},"content":{"rendered":"<p><strong>Hi there<\/strong><strong>, bonjour,<\/strong> et merci d\u2019\u00eatre d\u00e9j\u00e0 si nombreux au rendez-vous. Chaque samedi, je vous proposerai une s\u00e9lection d\u2019articles produits par les journalistes de nos r\u00e9dactions de Paris, Bruxelles, Londres, Berlin et Washington bien s\u00fbr. <\/p>\n<p>Au menu cette semaine, entre autres : les derniers d\u00e9boires de Donald Trump, les frayeurs d\u2019Ursula von der Leyen et un incroyable projet pour arr\u00eater les arm\u00e9es de Vladimir Poutine. Bonne lecture.<\/p>\n<p>MAUVAISE SEMAINE POUR TRUMP<\/p>\n<p><strong>SEE YOU IN COURT. <\/strong>Depuis une semaine, Donald Trump encha\u00eene les revers judiciaires. D\u2019abord avec la <a href=\"https:\/\/www.politico.com\/news\/2025\/08\/29\/federal-appeals-court-strikes-down-major-chunk-of-trumps-tariffs-00537643\" target=\"_blank\" rel=\"nofollow noopener\">d\u00e9cision<\/a> d\u2019une Cour d\u2019appel f\u00e9d\u00e9rale qui a jug\u00e9 que le pr\u00e9sident avait outrepass\u00e9 ses pouvoirs en imposant des droits de douane pr\u00e9sent\u00e9s comme \u201cr\u00e9ciproques\u201d \u00e0 de nombreux pays, dont ceux de l\u2019Union europ\u00e9enne. L\u2019affaire est renvoy\u00e9e devant la Cour Supr\u00eame, \u00e0 qui le pr\u00e9sident a <a href=\"https:\/\/www.politico.com\/news\/2025\/09\/03\/trump-asks-supreme-court-to-take-up-tariff-case-00543280\" target=\"_blank\" rel=\"nofollow noopener\">demand\u00e9<\/a> jeudi \u201cd\u2019aller vite\u201d. Mais elle pourrait co\u00fbter des dizaines de milliards de dollars \u00e0 l\u2019Etat f\u00e9d\u00e9ral.<\/p>\n<p><strong>Les milieux d\u2019affaires s\u2019inqui\u00e8tent d\u2019ailleurs<\/strong> de la r\u00e9action de Trump apr\u00e8s cette claque et font pression sur l\u2019administration pour qu\u2019elle stabilise une politique commerciale chaotique, <a href=\"https:\/\/www.politico.com\/news\/2025\/05\/29\/economy-ceos-trump-tariffs-courts-00375397\" target=\"_blank\" rel=\"nofollow noopener\">rapportent<\/a> nos coll\u00e8gues \u00e0 Washington et New York. Signalons au passage que, pour le moment, la strat\u00e9gie de relocalisation de Trump <a href=\"https:\/\/www.politico.com\/news\/2025\/08\/31\/were-trapped-trumps-tariffs-lock-us-businesses-in-china-00535666?utm_content=politico\/magazine\/Politics&amp;utm_source=flipboard\" target=\"_blank\" rel=\"nofollow noopener\">est en \u00e9chec<\/a> : les entreprises am\u00e9ricaines pr\u00e9f\u00e8rent rester en Chine plut\u00f4t que de rapatrier leur production aux Etats-Unis. Tout \u00e7a pour \u00e7a !<\/p>\n<p><strong>Mais ce n\u2019est pas tout <\/strong>: une Cour d\u2019appel f\u00e9d\u00e9rale a ordonn\u00e9 la <a href=\"https:\/\/www.politico.com\/news\/2025\/09\/02\/trump-firing-ftc-member-dc-circuit-ruling-00540637\" target=\"_blank\" rel=\"nofollow noopener\">r\u00e9int\u00e9gration d\u2019une commissaire<\/a> de la Federal Trade Commission (FTC), la puissante autorit\u00e9 de la concurrence, qui avait \u00e9t\u00e9 nomm\u00e9e par Joe Biden puis licenci\u00e9e par la Maison-Blanche. Une autre a jug\u00e9 <a href=\"https:\/\/www.politico.com\/news\/2025\/09\/03\/fifth-circuit-ruling-trump-alien-enemies-00541115\" target=\"_blank\" rel=\"nofollow noopener\">ill\u00e9gale l\u2019expulsion d\u2019immigr\u00e9s<\/a> v\u00e9n\u00e9zu\u00e9liens sur le fondement d\u2019une loi de 1798 applicable seulement en temps de guerre. Enfin, un juge f\u00e9d\u00e9ral a d\u00e9clar\u00e9, dans une d\u00e9cision de 52 pages, que le pr\u00e9sident a <a href=\"https:\/\/www.politico.com\/news\/2025\/09\/02\/trump-los-angeles-national-guard-ruling-00539393\" target=\"_blank\" rel=\"nofollow noopener\">viol\u00e9 la loi en envoyant des militaires<\/a> pour des op\u00e9rations de maintien de l\u2019ordre \u00e0 Los Angeles.<\/p>\n<p><strong>OMG. <\/strong>Plus inattendu, Trump rencontre aussi une r\u00e9sistance <a href=\"https:\/\/www.politico.com\/news\/2025\/09\/02\/trump-evangelicals-foreign-humanitarian-aid-congress-00537322?experience_id=EXYF89KVT5UQ&amp;template_id=OTJIR2CRKUD6&amp;variant_id=OTV632IE7RALS&amp;is_login_link=true\" target=\"_blank\" rel=\"nofollow noopener\">venue de la National Association of Evangelicals<\/a>, puissant lobby qui avait soutenu son \u00e9lection. Les chr\u00e9tiens \u00e9vang\u00e9liques s\u2019\u00e9l\u00e8vent contre les coupes budg\u00e9taires dans les aides aux pays pauvres.<\/p>\n<p><strong>Retour aux sources.<\/strong> Tant de contrari\u00e9t\u00e9s expliquent peut-\u00eatre pourquoi le pr\u00e9sident veut <a href=\"https:\/\/www.politico.com\/news\/2025\/09\/04\/white-house-pentagon-department-of-war-00545673\" target=\"_blank\" rel=\"nofollow noopener\">rebaptiser le Pentagone<\/a> \u201cDepartment of War\u201d comme avant la Deuxi\u00e8me guerre mondiale. Nos correspondants \u00e0 la Maison-Blanche racontent les dessous de cette d\u00e9cision qui requiert en principe l\u2019aval du Congr\u00e8s, ce qui n\u2019est pas gagn\u00e9.<\/p>\n<p>L\u2019EUROPE SOUS PRESSION<\/p>\n<p><strong>QUAND \u00c7A VEUT PAS\u2026<\/strong> Le ton monte aussi en Europe contre l\u2019accord sur les droits de douane pass\u00e9 par la Commission et critiqu\u00e9 de toute part. Au Parlement europ\u00e9en, les Socialistes (le deuxi\u00e8me groupe) <a href=\"https:\/\/www.politico.eu\/article\/european-socialists-come-out-against-trade-deal-donald-trump\/\" rel=\"nofollow noopener\" target=\"_blank\">\u00ab s\u2019y opposent fermement \u00bb<\/a>, ce qui complique singuli\u00e8rement la t\u00e2che de la pr\u00e9sidente Ursula von der Leyen. Pierre dans le jardin de cette derni\u00e8re, le pr\u00e9sident du Conseil, Ant\u00f3nio Costa, a l\u00e2ch\u00e9 l\u2019air de rien que si Bruxelles avait accept\u00e9 ce deal commercial controvers\u00e9, c\u2019est parce que <a href=\"https:\/\/www.politico.eu\/article\/antonio-costa-eu-us-trade-deal-warning-shots-donald-trump\/\" rel=\"nofollow noopener\" target=\"_blank\">\u00ab sa fronti\u00e8re \u00e0 l\u2019est est \u00e0 risque \u00bb<\/a>. Bref, \u00abVDL \u00bb aurait sacrifi\u00e9 le commerce sur le front ukrainien.<\/p>\n<p><strong>Hard landing. <\/strong>En attendant, vous n\u2019avez pas pu y \u00e9chapper,<strong> <\/strong>c\u2019est la pr\u00e9sidente elle-m\u00eame qui a eu chaud lorsque le signal GPS de son avion a \u00e9t\u00e9 brouill\u00e9 peu avant l\u2019atterrissage en Bulgarie, o\u00f9 elle se rendait pour visiter une usine du fabricant d\u2019armes VMZ Sopot. La Russie est fortement soup\u00e7onn\u00e9e d\u2019\u00eatre \u00e0 l\u2019origine de cet acte de malveillance qui aurait pu tourner au drame. Mes coll\u00e8gues experts en cybers\u00e9curit\u00e9 font le <a href=\"https:\/\/www.politico.eu\/article\/gps-jamming-ursula-von-der-leyen-bulgaria-bulgaria-europe\/\" rel=\"nofollow noopener\" target=\"_blank\">point sur ce que l\u2019on sait<\/a> et sur les lourds soup\u00e7ons pesant sur Moscou.<\/p>\n<p><strong>GUERRES DU FUTUR. <\/strong>A propos de menaces, il faut lire <a href=\"https:\/\/www.politico.eu\/article\/thierry-burkhard-leurope-doit-sendurcir-ou-risquer-de-devenir-un-animal-traque\/\" rel=\"nofollow noopener\" target=\"_blank\">l\u2019entretien passionnant<\/a> accord\u00e9 par le g\u00e9n\u00e9ral Thierry Burkhard \u00e0 notre correspondante d\u00e9fense Laura Kayali juste avant qu\u2019il quitte ses fonctions de Chef d\u2019\u00e9tat-major des Arm\u00e9es (CEMA). De quoi faire cogiter, alors que la crise politique fran\u00e7aise <a href=\"https:\/\/www.politico.eu\/article\/laugmentation-du-budget-des-armees-dommage-collateral-de-la-crise-politique\/\" rel=\"nofollow noopener\" target=\"_blank\">risque de retarder<\/a> l\u2019effort de r\u00e9armement d\u00e9cid\u00e9 par Emmanuel Macron. Le plus haut grad\u00e9 fran\u00e7ais dessine le monde \u00abpost-Am\u00e9rique\u00bb, d\u00e9crit avec pr\u00e9cision la menace russe et expose la strat\u00e9gie que devrait suivre l\u2019Europe pour y r\u00e9pondre. Il n\u2019y a plus qu\u2019\u00e0\u2026<\/p>\n<p><strong>Il faudra notamment des drones, beaucoup. <\/strong>Le fabricant allemand Quantum Systems l\u2019a bien compris. Il a investi dans plusieurs sites de production en Ukraine o\u00f9 notre correspondante raconte comment ses appareils sont <a href=\"https:\/\/www.politico.eu\/article\/germany-drone-quantum-systems-ukraine\/\" rel=\"nofollow noopener\" target=\"_blank\">perfectionn\u00e9s en temps r\u00e9el<\/a> \u00e0 l\u2019\u00e9preuve du feu.<\/p>\n<p>CONCURRENCE<\/p>\n<p><strong>GOOGLE GAGNE ET PERD. <\/strong>L\u2019empire de Sundar Pichai qui vaut plus de 2 000 milliards de dollars en Bourse, n\u2019a pas savour\u00e9 longtemps sa victoire. Aux Etats-Unis, il a \u00e9chapp\u00e9 <a href=\"https:\/\/www.politico.com\/news\/2025\/09\/02\/google-dodges-a-2-5t-breakup-00540419\" target=\"_blank\" rel=\"nofollow noopener\">\u00e0 un d\u00e9mant\u00e8lement<\/a> qui l\u2019aurait forc\u00e9 \u00e0 c\u00e9der son navigateur Chrome, entre autres, et aurait remis en cause son accord avec l\u2019autre empire de la tech, Apple, \u00e0 qui il verse 20 milliards de dollars par an pour se m\u00e9nager une place de choix dans l\u2019\u00e9cosyst\u00e8me de la firme \u00e0 la pomme.<\/p>\n<p><strong>Good cop, bad cop. <\/strong>Et le g\u00e9ant am\u00e9ricain avait bon espoir d\u2019\u00e9chapper \u00e9galement aux sanctions am\u00e9ricaines puisque le commissaire europ\u00e9en au Commerce Maro\u0161 \u0160ef\u010dovi\u010d est intervenu, contre l\u2019avis de sa coll\u00e8gue \u00e0 la Concurrence, <a href=\"https:\/\/www.politico.eu\/article\/eu-google-antitrust-decision-halted-amid-us-trade-talks-trump-sefcovic-ribera\/\" rel=\"nofollow noopener\" target=\"_blank\">pour que Bruxelles renonce \u00e0 frapper Google<\/a> d\u2019une p\u00e9nalit\u00e9 pour concurrence d\u00e9loyale, inquiet des cons\u00e9quences que cela aurait dans les discussions sur les droits de douane\u2026 Las! Bruxelles lui a inflig\u00e9 vendredi <a href=\"https:\/\/pro.politico.eu\/news\/204171\" target=\"_blank\" rel=\"nofollow noopener\">une amende g\u00e9ante de 2,95 milliards<\/a> d\u2019euros (abonn\u00e9s) tandis que la CNIL fran\u00e7aise <a href=\"https:\/\/www.politico.eu\/article\/google-shein-hit-with-record-french-fines-over-cookies-breaches\/\" rel=\"nofollow noopener\" target=\"_blank\">le sanctionnait<\/a> de 325 millions d\u2019euros pour sa politique de cookies.<\/p>\n<p><strong>Rome vs. Bruxelles. <\/strong>S\u2019agissant de concurrence, Bruxelles varie. La prestigieuse banque d\u2019affaires italienne Mediobanca va le payer cher. Cible d\u2019une tentative de prise de contr\u00f4le par Monte dei Paschi di Siena avec la b\u00e9n\u00e9diction du gouvernement Meloni, la banque a d\u00e9ploy\u00e9 des efforts de lobbying intenses aupr\u00e8s de la Commission pour \u00e9chapper \u00e0 ce rachat, synonyme de concentration donc de moindre concurrence. En vain. Nous vous racontons <a href=\"https:\/\/www.politico.eu\/article\/italian-banks-giorgia-meloni-venue-eu-government\/\" rel=\"nofollow noopener\" target=\"_blank\">les dessous de cette lutte de pouvoir<\/a> au sein du capitalisme italien.<\/p>\n<p><strong>\u00c0 propos de costards\u2026 <\/strong>Tiens, que pensait Giorgio Armani de Giorgia Meloni ? Mort jeudi \u00e0 l\u2019\u00e2ge de 91 ans, l\u2019ic\u00f4ne de la mode italienne <a href=\"https:\/\/www.politico.eu\/article\/the-political-wisdom-of-giorgio-armani\/\" rel=\"nofollow noopener\" target=\"_blank\">aimait Draghi comme \u00ab un p\u00e8re \u00bb<\/a>, admirait Berlusconi pour \u00ab son flair \u00bb et, joignant le geste \u00e0 la parole, disait de Meloni : \u00ab elle a des\u2026 \u00bb Rideau.<\/p>\n<p>AVANT DE SE QUITTER<\/p>\n<p><strong>\u2014 Le FMI, vraiment ? <\/strong>La situation budg\u00e9taire fran\u00e7aise am\u00e8ne certains \u00e0 se demander si le Fonds mon\u00e9taire international ne va pas finir par prendre les commandes un jour \u00e0 Paris. Lisez donc <a href=\"https:\/\/www.politico.eu\/article\/france-imf-emmanuel-macron-bailout-public-debt-pensions\/\" rel=\"nofollow noopener\" target=\"_blank\">ce papier<\/a> de mes coll\u00e8gues de Financial services \u00e0 Bruxelles,<strong> <\/strong>et partez en weekend tranquilles : ce sc\u00e9nario est improbable \u00e0 ce stade, mais le seul fait de l\u2019\u00e9voquer t\u00e9moigne de la f\u00e9brilit\u00e9 des pr\u00eateurs.<\/p>\n<p><strong>\u2014<\/strong> <strong>Travail de sape. <\/strong>La situation politique fait dire au nouvel ambassadeur de Chine \u00e0 Paris, dans un entretien \u00e0 POLITICO, que <a href=\"https:\/\/pro.politico.eu\/news\/204094\" target=\"_blank\" rel=\"nofollow noopener\">\u00ab la France a perdu confiance en l\u2019avenir \u00bb<\/a> (abonn\u00e9s). Bien le contraire de l\u2019empire du Milieu, dont la d\u00e9monstration de force militaire cette semaine a inqui\u00e9t\u00e9 les capitales occidentales, au point que le pr\u00e9sident ukrainien Volodymyr Zelensky a \u00e9voqu\u00e9 \u00e0 Paris <a href=\"https:\/\/www.politico.eu\/article\/ukraine-war-security-deal-kyiv-emmanuel-macron-hybrid-keir-starmer\/\" rel=\"nofollow noopener\" target=\"_blank\">des sanctions<\/a> contre les alli\u00e9s de la Russie dont la Chine.\u00a0\u00a0<\/p>\n<p><strong>\u2014<\/strong> <strong>Une politique anti-drogue pol\u00e9mique en Ecosse.<\/strong> L\u2019exp\u00e9rience, une premi\u00e8re, fait hurler l\u2019extr\u00eame droite britannique mais m\u00e9rite d\u2019\u00eatre scrut\u00e9e : \u00e0 Glasgow, le NHS, la S\u00e9curit\u00e9 sociale britannique, a cr\u00e9\u00e9 une clinique\u00a0<a href=\"https:\/\/www.politico.eu\/article\/europe-worst-drug-crisis-glasgow-changing-course-nhs-thistle-uk-supervised-injection-clinic\/\" rel=\"nofollow noopener\" target=\"_blank\">o\u00f9 sont pratiqu\u00e9es des injections de drogue<\/a>. Le projet fait pol\u00e9mique mais ses promoteurs sont en train de d\u00e9montrer qu\u2019il permet d\u00e9j\u00e0 de sauver des vies dans un pays o\u00f9 se concentrent 40% des d\u00e9c\u00e8s dus \u00e0 la drogue dans toute l\u2019Europe.<\/p>\n<p><strong>\u2014 L\u2019arme ultime contre Poutine ?<\/strong> Pour arr\u00eater les chars russes, l\u2019Ukraine, en 2022, avait inond\u00e9 d\u2019anciennes zones mar\u00e9cageuses qui avaient \u00e9t\u00e9 ass\u00e9ch\u00e9es pour l\u2019agriculture. La Finlande et la Pologne songent d\u00e9sormais \u00e0 faire la m\u00eame chose. <a href=\"https:\/\/www.politico.eu\/article\/russia-defense-kyiv-ukraine-nato-eu-bogs-poland-war-germany\/\" rel=\"nofollow noopener\" target=\"_blank\">Nous racontons ce projet titanesque<\/a> consistant \u00e0 reconstituer d\u2019anciennes tourbi\u00e8res qui pourraient stopper les troupes russes comme jadis les l\u00e9gions romaines.<\/p>\n<p><strong>Un grand merci \u00e0<\/strong>: <strong>Pauline de Saint Remy<\/strong> et <strong>Marion Solletty<\/strong> pour la relecture, et \u00e0 <strong>Giulia Poloni<\/strong> pour la mise en ligne.<\/p>\n<p><strong>ABONNEZ-VOUS aux newsletters de POLITICO (en anglais):<\/strong> <a href=\"https:\/\/www.politico.eu\/brussels-playbook-registration\/\" rel=\"nofollow noopener\" target=\"_blank\">Brussels Playbook<\/a> | <a href=\"https:\/\/www.politico.eu\/london-playbook\/\" rel=\"nofollow noopener\" target=\"_blank\">London Playbook<\/a> | <a href=\"https:\/\/www.politico.eu\/london-playbook-pm\/\" rel=\"nofollow noopener\" target=\"_blank\">London Playbook PM<\/a> | <a href=\"https:\/\/www.politico.eu\/playbook-paris\/\" rel=\"nofollow noopener\" target=\"_blank\">Playbook Paris<\/a> | <a href=\"https:\/\/www.politico.eu\/newsletter\/eu-election-playbook\/\" rel=\"nofollow noopener\" target=\"_blank\">EU Election Playbook<\/a> | <a href=\"https:\/\/www.politico.eu\/berlin-playbook\/\" rel=\"nofollow noopener\" target=\"_blank\">Berlin Playbook<\/a> | <a href=\"https:\/\/www.politico.eu\/global-playbook\/\" rel=\"nofollow noopener\" target=\"_blank\">Global Playbook<\/a> | <a href=\"https:\/\/www.politico.eu\/newsletter\/politico-confidential\/\" rel=\"nofollow noopener\" target=\"_blank\">POLITICO Confidential<\/a> | <a href=\"https:\/\/www.politico.eu\/newsletter\/sunday-crunch\/\" rel=\"nofollow noopener\" target=\"_blank\">Sunday Crunch<\/a> | <a href=\"https:\/\/www.politico.eu\/politico-eu-influence\/\" rel=\"nofollow noopener\" target=\"_blank\">EU Influence<\/a> | <a href=\"https:\/\/www.politico.eu\/london-influence\/\" rel=\"nofollow noopener\" target=\"_blank\">London Influence<\/a> | <a href=\"https:\/\/www.politico.eu\/newsletter\/berlin-bulletin\/\" rel=\"nofollow noopener\" target=\"_blank\">Berlin Bulletin<\/a> | <a href=\"https:\/\/www.politico.eu\/livingcities\/\" rel=\"nofollow noopener\" target=\"_blank\">Living Cities<\/a> | <a href=\"https:\/\/www.politico.com\/playbook\" target=\"_blank\" rel=\"nofollow noopener\">D.C. Playbook<\/a> | <a href=\"https:\/\/www.politico.com\/politicoinfluence\/\" target=\"_blank\" rel=\"nofollow noopener\"> D.C. Influence<\/a> | <a href=\"https:\/\/www.politico.com\/newsletters\/canada-playbook\" target=\"_blank\" rel=\"nofollow noopener\">Canada Playbook<\/a> | <a href=\"https:\/\/www.politico.eu\/why-go-pro\/\" rel=\"nofollow noopener\" target=\"_blank\">POLITICO Pro newsletters<\/a><\/p>\n","protected":false},"excerpt":{"rendered":"Hi there, bonjour, et merci d\u2019\u00eatre d\u00e9j\u00e0 si nombreux au rendez-vous. Chaque samedi, je vous proposerai une s\u00e9lection&hellip;\n","protected":false},"author":2,"featured_media":370231,"comment_status":"","ping_status":"","sticky":false,"template":"","format":"standard","meta":{"footnotes":""},"categories":[1586],"tags":[11,1777,674,1011,27,12,25],"class_list":{"0":"post-370230","1":"post","2":"type-post","3":"status-publish","4":"format-standard","5":"has-post-thumbnail","7":"category-europe","8":"tag-actualites","9":"tag-eu","10":"tag-europe","11":"tag-fr","12":"tag-france","13":"tag-news","14":"tag-republique-francaise"},"share_on_mastodon":{"url":"https:\/\/pubeurope.com\/@fr\/115156498747424624","error":""},"_links":{"self":[{"href":"https:\/\/www.europesays.com\/fr\/wp-json\/wp\/v2\/posts\/370230","targetHints":{"allow":["GET"]}}],"collection":[{"href":"https:\/\/www.europesays.com\/fr\/wp-json\/wp\/v2\/posts"}],"about":[{"href":"https:\/\/www.europesays.com\/fr\/wp-json\/wp\/v2\/types\/post"}],"author":[{"embeddable":true,"href":"https:\/\/www.europesays.com\/fr\/wp-json\/wp\/v2\/users\/2"}],"replies":[{"embeddable":true,"href":"https:\/\/www.europesays.com\/fr\/wp-json\/wp\/v2\/comments?post=370230"}],"version-history":[{"count":0,"href":"https:\/\/www.europesays.com\/fr\/wp-json\/wp\/v2\/posts\/370230\/revisions"}],"wp:featuredmedia":[{"embeddable":true,"href":"https:\/\/www.europesays.com\/fr\/wp-json\/wp\/v2\/media\/370231"}],"wp:attachment":[{"href":"https:\/\/www.europesays.com\/fr\/wp-json\/wp\/v2\/media?parent=370230"}],"wp:term":[{"taxonomy":"category","embeddable":true,"href":"https:\/\/www.europesays.com\/fr\/wp-json\/wp\/v2\/categories?post=370230"},{"taxonomy":"post_tag","embeddable":true,"href":"https:\/\/www.europesays.com\/fr\/wp-json\/wp\/v2\/tags?post=370230"}],"curies":[{"name":"wp","href":"https:\/\/api.w.org\/{rel}","templated":true}]}}