{"id":370234,"date":"2025-09-06T08:52:11","date_gmt":"2025-09-06T08:52:11","guid":{"rendered":"https:\/\/www.europesays.com\/fr\/370234\/"},"modified":"2025-09-06T08:52:11","modified_gmt":"2025-09-06T08:52:11","slug":"brevet-2026-ce-qui-change-pour-les-eleves-de-troisieme-cette-annee","status":"publish","type":"post","link":"https:\/\/www.europesays.com\/fr\/370234\/","title":{"rendered":"Brevet 2026\u00a0: ce qui change pour les \u00e9l\u00e8ves de troisi\u00e8me cette ann\u00e9e"},"content":{"rendered":"<p class=\"paragraph text_align_left lp-f-body-02\">Vous pensiez tout conna\u00eetre du brevet des coll\u00e8ges, vous qui l\u2019avez pass\u00e9 il y a 30 ans ou dont l\u2019a\u00een\u00e9 a obtenu son dipl\u00f4me il y a quelques ann\u00e9es ? Que nenni. Cette ann\u00e9e, le <a href=\"https:\/\/www.leparisien.fr\/etudiant\/college\/brevet\/brevet-des-colleges-toutes-les-nouveautes-a-venir-TAG3IFKWV5EMTEFDVCSG3UNIHA.php\" target=\"_blank\" rel=\"noreferrer nofollow noopener\">rite de fin de coll\u00e8ge<\/a> a \u00e9t\u00e9 revu du sol au plafond et c\u2019est une toute nouvelle mouture que vont <a href=\"https:\/\/www.leparisien.fr\/etudiant\/college\/brevet\/\" target=\"_blank\" rel=\"noreferrer nofollow noopener\">\u00e9trenner les ados du cru 2026.<\/a> Jusqu\u2019ici attribu\u00e9es sur la base du contr\u00f4le continu et de l\u2019examen final, la r\u00e9partition des points et la notation sont totalement transform\u00e9es. Passage en revue des principales modifications.<\/p>\n<p>Fin de la notation sur 800 points<\/p>\n<p class=\"paragraph text_align_left lp-f-body-02\">Depuis des ann\u00e9es, les \u00e9l\u00e8ves \u00e9taient au total not\u00e9s sur 800 points : 400 points <a href=\"https:\/\/www.leparisien.fr\/etudiant\/lycee\/bac\/reforme-du-controle-continu-epreuve-de-maths-en-premiere-fin-du-portable-au-college-ce-qui-change-a-la-rentree-V4QQS73V2ZBW5FVMV5DHVTDFGE.php\" target=\"_blank\" rel=\"noreferrer nofollow noopener\">\u00e9taient attribu\u00e9s au titre du contr\u00f4le continu<\/a>, sur la base des notes obtenues durant l\u2019ann\u00e9e dans les mati\u00e8res concern\u00e9es, et les 400 autres d\u00e9pendaient du r\u00e9sultat de l\u2019\u00e9l\u00e8ve lors de l\u2019examen fin juin. D\u00e9sormais, c\u2019est fini ! Il faudra avoir une moyenne \u00e9gale ou sup\u00e9rieure \u00e0 10 sur 20 au total, une fois l\u2019ensemble des notes r\u00e9unies.<\/p>\n<p>De nouvelles modalit\u00e9s de calcul de la note de contr\u00f4le continu<\/p>\n<p class=\"paragraph text_align_left lp-f-body-02\">La note de contr\u00f4le continu sera calcul\u00e9e \u00e0 partir des moyennes annuelles de toutes les disciplines obtenues par les \u00e9l\u00e8ves en classe de 3e, ramen\u00e9es au m\u00eame coefficient. Jusqu\u2019ici, seules \u00e9taient consid\u00e9r\u00e9es les \u00ab huit composantes du socle commun de connaissances, de comp\u00e9tences et de culture \u00bb.<\/p>\n<p class=\"paragraph text_align_left lp-f-body-02\">Si un \u00e9l\u00e8ve suit un enseignement facultatif (langues et cultures de l\u2019Antiquit\u00e9, langues et cultures europ\u00e9ennes, langues et cultures r\u00e9gionales, d\u00e9couverte professionnelle, chant choral) ou un enseignement de langue des signes fran\u00e7aise, alors les points au-dessus de la moyenne compteront en bonus.<\/p>\n<p>L\u2019examen plus important que le contr\u00f4le continu<\/p>\n<p class=\"paragraph text_align_left lp-f-body-02\">Alors que la notation sur 800 points accordait autant d\u2019importance au contr\u00f4le continu qu\u2019\u00e0 l\u2019examen, celui-ci devient pr\u00e9pond\u00e9rant pour la session 2026. Les r\u00e9sultats aux \u00e9preuves \u00e9crites et \u00e0 l\u2019\u00e9preuve orale compteront pour 60 % de la note finale, alors que le contr\u00f4le continu p\u00e8sera pour 40 %.<\/p>\n<p>Les \u00e9preuves ne changent pas<\/p>\n<p class=\"paragraph text_align_left lp-f-body-02\">Que ceux qui se pensaient \u00e0 jour se rassurent, il n\u2019y a pas de modification des \u00e9preuves \u00e0 passer en juin 2026. Quatre \u00e9crits restent au programme : <a href=\"https:\/\/www.leparisien.fr\/etudiant\/college\/brevet\/brevet-2025-le-sujet-de-lepreuve-de-francais-TSIDTLNTRBEWHFA4A4UY6BUE5U.php\" target=\"_blank\" rel=\"noreferrer nofollow noopener\">fran\u00e7ais<\/a>, <a href=\"https:\/\/www.leparisien.fr\/etudiant\/college\/brevet\/brevet-2025-le-sujet-de-lepreuve-de-mathematiques-7LWXA4OVFFGYLI7FBKLP4BJ4HY.php\" target=\"_blank\" rel=\"noreferrer nofollow noopener\">maths<\/a>, <a href=\"https:\/\/www.leparisien.fr\/etudiant\/college\/brevet\/brevet-2025-voici-le-sujet-dhistoire-geographie-et-denseignement-moral-et-civique-HPEXPB54QVBL7D5SXAFWGTHK6M.php\" target=\"_blank\" rel=\"noreferrer nofollow noopener\">histoire-g\u00e9ographie<\/a> et <a href=\"https:\/\/www.leparisien.fr\/etudiant\/college\/brevet\/brevet-2025-le-sujet-de-lepreuve-de-sciences-physique-chimie-et-svt-FUGUK2EZNJESVOI4U2AOYYWDI4.php\" target=\"_blank\" rel=\"noreferrer nofollow noopener\">sciences<\/a>. S\u2019ajoute une \u00e9preuve orale qui \u00ab porte sur un projet men\u00e9 en histoire des arts ou dans le cadre d\u2019un enseignement pratique interdisciplinaire ou de l\u2019un des parcours \u00e9ducatifs \u00bb, d\u00e9taille <a href=\"https:\/\/www.education.gouv.fr\/le-diplome-national-du-brevet-10613\" target=\"_blank\" rel=\"noreferrer nofollow noopener\">le site du minist\u00e8re<\/a>.<\/p>\n<p>Une nouvelle mention introduite en juin 2025<\/p>\n<p class=\"paragraph text_align_left lp-f-body-02\">Le minist\u00e8re de l\u2019\u00c9ducation nationale rappelle \u00e9galement que depuis le mois de juin une nouvelle mention a \u00e9t\u00e9 ajout\u00e9e pour les \u00e9l\u00e8ves qui obtiennent une moyenne sup\u00e9rieure ou \u00e9gale \u00e0 18 sur 20, \u00e0 savoir \u00ab Tr\u00e8s bien avec f\u00e9licitations du jury \u00bb.<\/p>\n","protected":false},"excerpt":{"rendered":"Vous pensiez tout conna\u00eetre du brevet des coll\u00e8ges, vous qui l\u2019avez pass\u00e9 il y a 30 ans ou&hellip;\n","protected":false},"author":2,"featured_media":370235,"comment_status":"","ping_status":"","sticky":false,"template":"","format":"standard","meta":{"footnotes":""},"categories":[2],"tags":[11,1011,27,2684,12,25,104],"class_list":{"0":"post-370234","1":"post","2":"type-post","3":"status-publish","4":"format-standard","5":"has-post-thumbnail","7":"category-actualites","8":"tag-actualites","9":"tag-fr","10":"tag-france","11":"tag-le-parisien-etudiant","12":"tag-news","13":"tag-republique-francaise","14":"tag-societe"},"share_on_mastodon":{"url":"https:\/\/pubeurope.com\/@fr\/115156506643647240","error":""},"_links":{"self":[{"href":"https:\/\/www.europesays.com\/fr\/wp-json\/wp\/v2\/posts\/370234","targetHints":{"allow":["GET"]}}],"collection":[{"href":"https:\/\/www.europesays.com\/fr\/wp-json\/wp\/v2\/posts"}],"about":[{"href":"https:\/\/www.europesays.com\/fr\/wp-json\/wp\/v2\/types\/post"}],"author":[{"embeddable":true,"href":"https:\/\/www.europesays.com\/fr\/wp-json\/wp\/v2\/users\/2"}],"replies":[{"embeddable":true,"href":"https:\/\/www.europesays.com\/fr\/wp-json\/wp\/v2\/comments?post=370234"}],"version-history":[{"count":0,"href":"https:\/\/www.europesays.com\/fr\/wp-json\/wp\/v2\/posts\/370234\/revisions"}],"wp:featuredmedia":[{"embeddable":true,"href":"https:\/\/www.europesays.com\/fr\/wp-json\/wp\/v2\/media\/370235"}],"wp:attachment":[{"href":"https:\/\/www.europesays.com\/fr\/wp-json\/wp\/v2\/media?parent=370234"}],"wp:term":[{"taxonomy":"category","embeddable":true,"href":"https:\/\/www.europesays.com\/fr\/wp-json\/wp\/v2\/categories?post=370234"},{"taxonomy":"post_tag","embeddable":true,"href":"https:\/\/www.europesays.com\/fr\/wp-json\/wp\/v2\/tags?post=370234"}],"curies":[{"name":"wp","href":"https:\/\/api.w.org\/{rel}","templated":true}]}}