{"id":370238,"date":"2025-09-06T08:54:12","date_gmt":"2025-09-06T08:54:12","guid":{"rendered":"https:\/\/www.europesays.com\/fr\/370238\/"},"modified":"2025-09-06T08:54:12","modified_gmt":"2025-09-06T08:54:12","slug":"aout-2025-la-diplomatie-hydrogene-francaise-le-bulletin-mensuel-france-hydrogene","status":"publish","type":"post","link":"https:\/\/www.europesays.com\/fr\/370238\/","title":{"rendered":"Ao\u00fbt 2025 | La diplomatie hydrog\u00e8ne fran\u00e7aise, le bulletin mensuel \u2013 France Hydrog\u00e8ne"},"content":{"rendered":"<p><img fetchpriority=\"high\" decoding=\"async\" width=\"1024\" height=\"576\" src=\"https:\/\/www.europesays.com\/fr\/wp-content\/uploads\/2025\/09\/Diapositive1-3-1024x576.jpg\" alt=\"\" class=\"wp-image-83058\"  \/><\/p>\n<p><img loading=\"lazy\" decoding=\"async\" width=\"256\" height=\"192\" src=\"https:\/\/www.europesays.com\/fr\/wp-content\/uploads\/2025\/09\/de-1.png\" alt=\"\" class=\"wp-image-83059\"\/><\/p>\n<p>\n<strong>France-Allemagne<\/strong>\n<\/p>\n<p>29 ao\u00fbt | Toulon | La France et l\u2019Allemagne ont r\u00e9affirm\u00e9 leur engagement en faveur du corridor Sud-Ouest pour l\u2019hydrog\u00e8ne (H2Med &amp; Hy-FEN) lors du 25e Conseil franco-allemand, annon\u00e7ant des \u00e9tudes de faisabilit\u00e9 et la r\u00e9union d\u2019un groupe de travail conjoint sur les infrastructures transfrontali\u00e8res.<\/p>\n<p><strong>Les points cl\u00e9s \u00e0 retenir en lien avec l\u2019hydrog\u00e8ne du 25e Conseil des ministres franco-allemand<\/strong><\/p>\n<p><strong>2) M\u00e9canisme coop\u00e9ratif pour travailler ensemble sur le cadre d\u2019action de l\u2019UE en mati\u00e8re d\u2019\u00e9nergie<\/strong><\/p>\n<ul class=\"wp-block-list\">\n<li>\u00c0 titre d\u2019exemple, la France et l\u2019Allemagne partagent d\u2019ores et d\u00e9j\u00e0 l\u2019avis que\u00a0<strong>l\u2019acte d\u00e9l\u00e9gu\u00e9 sur l\u2019hydrog\u00e8ne bas-carbone et l\u2019acte d\u00e9l\u00e9gu\u00e9 relatif \u00e0 une m\u00e9thodologie pour les carburants renouvelables d\u2019origine non biologique<\/strong>\u00a0devraient favoriser l\u2019acc\u00e9l\u00e9ration du d\u00e9veloppement de ces types d\u2019hydrog\u00e8ne de fa\u00e7on pragmatique et rentable. En se fondant sur le m\u00e9canisme de travail d\u00e9fini et en tant que de besoin, la France et l\u2019Allemagne \u00e9changeront avec la Commission europ\u00e9enne en vue de la prompte mise en \u0153uvre de leurs solutions respectives, en particulier dans le cadre des actes d\u00e9l\u00e9gu\u00e9s.<\/li>\n<\/ul>\n<p><strong>4) Coop\u00e9ration en mati\u00e8re d\u2019infrastructures transfrontali\u00e8res sur l\u2019hydrog\u00e8ne et mise en \u0153uvre d\u2019une acc\u00e9l\u00e9ration dans le secteur de l\u2019hydrog\u00e8ne de mani\u00e8re pragmatique et rentable<\/strong><\/p>\n<p>Les deux pays reconnaissent que le d\u00e9veloppement d\u2019infrastructures europ\u00e9ennes sp\u00e9cifiques pour l\u2019hydrog\u00e8ne peut contribuer \u00e0 un syst\u00e8me \u00e9nerg\u00e9tique diversifi\u00e9, neutre pour le climat et r\u00e9silient s\u2019agissant des pays dot\u00e9s de bouquets \u00e9nerg\u00e9tiques avec une part \u00e9lev\u00e9e d\u2019\u00e9nergies renouvelables.<\/p>\n<ul class=\"wp-block-list\">\n<li>La France et l\u2019Allemagne r\u00e9affirment leur engagement \u00e0 long terme et leur\u00a0<strong>soutien conjoint \u00e0 la r\u00e9alisation rapide d\u2019un corridor de l\u2019hydrog\u00e8ne du Sud-Ouest<\/strong>\u00a0comprenant les deux projets de pipeline H2Med et HY-FEN. Les \u00e9tudes \u00e9conomiques et de faisabilit\u00e9 en cours et \u00e0 venir devraient confirmer encore davantage l\u2019utilit\u00e9 de ces infrastructures et d\u00e9finir les prochaines \u00e9tapes de d\u00e9veloppement des projets ainsi que le calendrier des d\u00e9cisions. Cette initiative, notamment l\u2019alliance du secteur priv\u00e9 pour le corridor du Sud-Ouest H2Med, sera soutenue de mani\u00e8re p\u00e9renne par le\u00a0<strong>groupe de travail franco-allemand sur l\u2019hydrog\u00e8ne<\/strong>. La France et l\u2019Allemagne\u00a0<strong>m\u00e8neront une discussion conjointe avec l\u2019Espagne, le Portugal et la Commission europ\u00e9enne pour d\u00e9terminer les besoins en mati\u00e8re d\u2019att\u00e9nuation des risques<\/strong>. Cette discussion pourrait inclure le partage des risques entre acteurs du march\u00e9 et acteurs publics en fonction de leurs strat\u00e9gies respectives.<\/li>\n<\/ul>\n<ul class=\"wp-block-list\">\n<li>La France et l\u2019Allemagne ont accompagn\u00e9 le d\u00e9veloppement d\u2019une cha\u00eene de valeur des \u00e9quipements pour l\u2019hydrog\u00e8ne en Europe, gr\u00e2ce aux\u00a0<strong>projets importants d\u2019int\u00e9r\u00eat europ\u00e9en commun (PIIEC) dans le secteur de l\u2019hydrog\u00e8ne<\/strong>. Les deux pays veilleront \u00e0 \u00e9tablir la contribution de ces \u00e9quipements europ\u00e9ens aux diff\u00e9rents projets alimentant le corridor de l\u2019hydrog\u00e8ne du Sud-Ouest.<br \/>\u00a0<\/li>\n<li>Am\u00e9liorer notre compr\u00e9hension du\u00a0<strong>mod\u00e8le \u00e9conomique et technique pour la production \u00e9lectrolytique d\u2019hydrog\u00e8ne<\/strong>\u00a0est important afin de concevoir des m\u00e9canismes de soutien et d\u2019incitation appropri\u00e9s. La France et l\u2019Allemagne s\u2019engagent \u00e0 travailler ensemble sur ces questions, en lien avec les acteurs de l\u2019industrie et de la recherche.<\/li>\n<\/ul>\n<p><strong>5)\u00a0Recherche et technologies innovantes dans le secteur de l\u2019\u00e9nergie<\/strong><\/p>\n<p>Dans le cadre de l\u2019appel bilat\u00e9ral \u00e0 projets \u00ab\u00a0D\u00e9veloppement de la fili\u00e8re de l\u2019hydrog\u00e8ne pour un bouquet \u00e9nerg\u00e9tique de l\u2019avenir\u00a0\u00bb, cinq projets de recherche ont \u00e9t\u00e9 s\u00e9lectionn\u00e9s pour la p\u00e9riode allant de novembre\u00a02024 \u00e0 octobre\u00a02027. Ces projets portent sur de possibles innovations en mati\u00e8re de production \u00e9lectrochimique d\u2019hydrog\u00e8ne, d\u2019infrastructures pour l\u2019hydrog\u00e8ne et d\u2019int\u00e9gration du syst\u00e8me hydrog\u00e8ne. L\u2019objectif de l\u2019appel \u00e0 projets est de promouvoir des collaborations de grande qualit\u00e9 en mati\u00e8re de recherche. Pour mettre \u00e0 profit cette dynamique, les deux pays entendent \u00e9largir au niveau europ\u00e9en leur coop\u00e9ration bilat\u00e9rale en mati\u00e8re de recherche strat\u00e9gique au cours des prochaines ann\u00e9es.<\/p>\n<p>La France et l\u2019Allemagne soulignent toutes les deux l\u2019importance capitale d\u2019avoir des prix de l\u2019\u00e9lectricit\u00e9 comp\u00e9titifs pour les industrie grandes consommatrices d\u2019\u00e9nergie et par cons\u00e9quent de maintenir et de renforcer les fondements de la cr\u00e9ation de valeur industrielle, de la prosp\u00e9rit\u00e9 et de la r\u00e9silience en Europe. Nous appuierons les efforts d\u00e9ploy\u00e9s pour que ce sujet crucial reste en t\u00eate des priorit\u00e9s de l\u2019UE. Un des moyens possibles pourrait \u00eatre de fixer un prix de l\u2019\u00e9lectricit\u00e9 dans le secteur industriel, appliqu\u00e9 de mani\u00e8re souple et non bureaucratique.<\/p>\n","protected":false},"excerpt":{"rendered":"France-Allemagne 29 ao\u00fbt | Toulon | La France et l\u2019Allemagne ont r\u00e9affirm\u00e9 leur engagement en faveur du corridor&hellip;\n","protected":false},"author":2,"featured_media":370239,"comment_status":"","ping_status":"","sticky":false,"template":"","format":"standard","meta":{"footnotes":""},"categories":[4],"tags":[11,1011,27,12,25],"class_list":{"0":"post-370238","1":"post","2":"type-post","3":"status-publish","4":"format-standard","5":"has-post-thumbnail","7":"category-france","8":"tag-actualites","9":"tag-fr","10":"tag-france","11":"tag-news","12":"tag-republique-francaise"},"share_on_mastodon":{"url":"https:\/\/pubeurope.com\/@fr\/115156514627754646","error":""},"_links":{"self":[{"href":"https:\/\/www.europesays.com\/fr\/wp-json\/wp\/v2\/posts\/370238","targetHints":{"allow":["GET"]}}],"collection":[{"href":"https:\/\/www.europesays.com\/fr\/wp-json\/wp\/v2\/posts"}],"about":[{"href":"https:\/\/www.europesays.com\/fr\/wp-json\/wp\/v2\/types\/post"}],"author":[{"embeddable":true,"href":"https:\/\/www.europesays.com\/fr\/wp-json\/wp\/v2\/users\/2"}],"replies":[{"embeddable":true,"href":"https:\/\/www.europesays.com\/fr\/wp-json\/wp\/v2\/comments?post=370238"}],"version-history":[{"count":0,"href":"https:\/\/www.europesays.com\/fr\/wp-json\/wp\/v2\/posts\/370238\/revisions"}],"wp:featuredmedia":[{"embeddable":true,"href":"https:\/\/www.europesays.com\/fr\/wp-json\/wp\/v2\/media\/370239"}],"wp:attachment":[{"href":"https:\/\/www.europesays.com\/fr\/wp-json\/wp\/v2\/media?parent=370238"}],"wp:term":[{"taxonomy":"category","embeddable":true,"href":"https:\/\/www.europesays.com\/fr\/wp-json\/wp\/v2\/categories?post=370238"},{"taxonomy":"post_tag","embeddable":true,"href":"https:\/\/www.europesays.com\/fr\/wp-json\/wp\/v2\/tags?post=370238"}],"curies":[{"name":"wp","href":"https:\/\/api.w.org\/{rel}","templated":true}]}}