{"id":370240,"date":"2025-09-06T08:55:19","date_gmt":"2025-09-06T08:55:19","guid":{"rendered":"https:\/\/www.europesays.com\/fr\/370240\/"},"modified":"2025-09-06T08:55:19","modified_gmt":"2025-09-06T08:55:19","slug":"miranda-wang-resiste-au-retour-de-jeeno-thitikul-et-soffre-un-premier-titre","status":"publish","type":"post","link":"https:\/\/www.europesays.com\/fr\/370240\/","title":{"rendered":"Miranda Wang r\u00e9siste au retour de Jeeno Thitikul et s&rsquo;offre un premier titre"},"content":{"rendered":"<p>\t\t\t\t\t\t<img width=\"770\" height=\"559\" src=\"data:image\/svg+xml,%3Csvg%20xmlns=\" http:=\"\" class=\"img-responsive wp-post-image\" alt=\"\" decoding=\"async\" fetchpriority=\"high\" data-lazy- data-lazy- data-lazy-src=\"https:\/\/www.europesays.com\/fr\/wp-content\/uploads\/2025\/09\/afp__20250831__2233080542__v1__highres__fmchampionship2025finalround-770x559.jpg\"\/>\t\t\t\t\t<\/p>\n<p>\t\t\t\t\t\t Partager cet article <\/p>\n<p class=\"screen-reader-text juiz_sps_maybe_hidden_text\">Partager la publication \u00ab\u00a0Miranda Wang r\u00e9siste au retour de Jeeno Thitikul et s\u2019offre un premier titre\u00a0\u00bb<\/p>\n<p>\t\t\t\t\t\t\t\t<strong>La Chinoise Miranda Wang, 26 ans, d\u00e9butante cette ann\u00e9e sur le LPGA Tour, a su r\u00e9sister au retour de la n\u00b01 mondiale Jeeno Thitikul pour s\u2019adjuger son premier succ\u00e8s sur le LPGA Tour. C\u00e9line Boutier termine mal ce FM Championship, tout comme Nelly Korda.<\/strong><\/p>\n<p><strong><br \/>\n<\/strong>Comme une grande ! <strong>Miranda Wang<\/strong> est all\u00e9e chercher sa premi\u00e8re victoire sur le circuit am\u00e9ricain comme une grande. Avant ce dernier tour, la d\u00e9butante sur le LPGA Tour comptait quatre coups d\u2019avance sur la n\u00b01 mondiale <strong>Jeeno Thitikul<\/strong>. Mais elle s\u2019est faite assez vite rejoindre par la Tha\u00eflandaise, d\u00e9cha\u00een\u00e9e sur l\u2019aller (-5). On a cru alors que la meilleure joueuse du monde allait \u00ab\u00a0manger\u00a0\u00bb la \u00ab\u00a0rookie\u00a0\u00bb.<\/p>\n<p>Mais la Chinoise a profit\u00e9 d\u2019un faux pas de sa rivale au 17. Et c\u2019est justement sur ce trou 17 qu\u2019elle a frapp\u00e9 un grand coup avec un birdie d\u00e9cisif. Un grand coup de fer, un putt magistral malgr\u00e9 la pente, et elle a repris la t\u00eate pour un coup, \u00e0 -20 total.<\/p>\n<blockquote class=\"twitter-tweet\">\n<p dir=\"ltr\" lang=\"en\">Miranda Wang regains the solo lead with a birdie on 17 \u203c\ufe0f<\/p>\n<p>There\u2019s one hole left to go at <a href=\"https:\/\/twitter.com\/hashtag\/FMChampionship?src=hash&amp;ref_src=twsrc%5Etfw\" rel=\"nofollow noopener\" target=\"_blank\">#FMChampionship<\/a> <a href=\"https:\/\/t.co\/cdxrg3bfMa\" rel=\"nofollow\">pic.twitter.com\/cdxrg3bfMa<\/a><\/p>\n<p>\u2014 LPGA (@LPGA) <a href=\"https:\/\/twitter.com\/LPGA\/status\/1962266599970217998?ref_src=twsrc%5Etfw\" rel=\"nofollow noopener\" target=\"_blank\">August 31, 2025<\/a><\/p>\n<\/blockquote>\n<p><strong><br \/>\n<\/strong><br \/>\nD\u00e8s lors, il ne lui restait plus qu\u2019\u00e0 assurer le par sur le 72e et dernier trou.\u00a0<\/p>\n<p>\u00ab C\u2019est un r\u00eave qui devient r\u00e9alit\u00e9, a expliqu\u00e9 la gagnante. Je regardais le LPGA Tour \u00e0 la t\u00e9l\u00e9vision d\u00e8s mes 8 ans. Je me disais que c\u2019est ce que je voulais faire un jour. Je suis tr\u00e8s fi\u00e8re de moi. \u00bb<\/p>\n<p><a href=\"https:\/\/www.lpga.com\/tournaments\/fm-championship\/leaderboard\" target=\"_blank\" rel=\"noopener nofollow\">Retrouvez le classement complet<\/a><\/p>\n<p>La Cor\u00e9enne <strong>Jin Hee Im<\/strong> a par ailleurs r\u00e9ussi l\u2019exploit de scorer -10 (62) dans ce dernier tour pour aller chercher la cinqui\u00e8me place.<\/p>\n<p>\u00a0<br \/>\nBoutier et Korda d\u00e9\u00e7oiventSi la n\u00b01 mondiale a brill\u00e9 \u00e0 Boston, il n\u2019en a pas \u00e9t\u00e9 de m\u00eame pour la n\u00b02 de la hi\u00e9rarchie mondiale, <strong>Nelly Korda<\/strong>. Toujours \u00e0 la recherche d\u2019une victoire en 2025, l\u2019Am\u00e9ricaine a jou\u00e9 au-dessus du par ce dernier tour (75, +3). Cette derni\u00e8re carte t\u00e9moigne de ses difficult\u00e9s cette ann\u00e9e : elle signe des birdies, mais elle commet trop d\u2019erreurs inhabituelles pour elle (un double bogey, quatre bogeys).<\/p>\n<p>Celle qui a gagn\u00e9 sept fois en 2024 termine au-del\u00e0 de la 30e place.<\/p>\n<p>Le dernier tour a \u00e9galement \u00e9t\u00e9 manqu\u00e9 par <strong>C\u00e9line Boutier<\/strong>, elle aussi vaincue par le parcours (73, +1). La n\u00b01 fran\u00e7aise \u00e9tait pourtant 5e apr\u00e8s le 1er tour, mais elle n\u2019a cess\u00e9 de reculer au classement. Sa 46e place ne peut la satisfaire, m\u00eame si elle \u00e9tait la seule Fran\u00e7aise qualifi\u00e9e pour ce week-end.<\/p>\n<p>Le leaderboard<img loading=\"lazy\" decoding=\"async\" src=\"data:image\/svg+xml,%3Csvg%20xmlns=\" http:=\"\" class=\"alignnone size-large wp-image-184155\" width=\"770\" height=\"509\" alt=\"\" data-lazy- data-lazy- data-lazy-src=\"https:\/\/www.europesays.com\/fr\/wp-content\/uploads\/2025\/09\/capture-decran-2025-09-01-a-00.44.30-770x509.png\"\/><\/p>\n<p><img loading=\"lazy\" decoding=\"async\" src=\"data:image\/svg+xml,%3Csvg%20xmlns=\" http:=\"\" class=\"alignnone size-large wp-image-184156\" width=\"770\" height=\"126\" alt=\"\" data-lazy- data-lazy- data-lazy-src=\"https:\/\/www.europesays.com\/fr\/wp-content\/uploads\/2025\/09\/capture-decran-2025-09-01-a-00.45.09-770x126.png\"\/><\/p>\n<p>\u00a0<\/p>\n<p>\u00a0<\/p>\n<p>Photo : Michael Owens \/ GETTY IMAGES NORTH AMERICA \/ Getty Images via AFP\t\t\t\t<\/p>\n<p>\t\t\t<script async src=\"https:\/\/platform.twitter.com\/widgets.js\" charset=\"utf-8\"><\/script><\/p>\n","protected":false},"excerpt":{"rendered":"Partager cet article Partager la publication \u00ab\u00a0Miranda Wang r\u00e9siste au retour de Jeeno Thitikul et s\u2019offre un premier&hellip;\n","protected":false},"author":2,"featured_media":370241,"comment_status":"","ping_status":"","sticky":false,"template":"","format":"standard","meta":{"footnotes":""},"categories":[1418],"tags":[1011,27,1472,60],"class_list":{"0":"post-370240","1":"post","2":"type-post","3":"status-publish","4":"format-standard","5":"has-post-thumbnail","7":"category-golf","8":"tag-fr","9":"tag-france","10":"tag-golf","11":"tag-sports"},"share_on_mastodon":{"url":"https:\/\/pubeurope.com\/@fr\/115156518351622279","error":""},"_links":{"self":[{"href":"https:\/\/www.europesays.com\/fr\/wp-json\/wp\/v2\/posts\/370240","targetHints":{"allow":["GET"]}}],"collection":[{"href":"https:\/\/www.europesays.com\/fr\/wp-json\/wp\/v2\/posts"}],"about":[{"href":"https:\/\/www.europesays.com\/fr\/wp-json\/wp\/v2\/types\/post"}],"author":[{"embeddable":true,"href":"https:\/\/www.europesays.com\/fr\/wp-json\/wp\/v2\/users\/2"}],"replies":[{"embeddable":true,"href":"https:\/\/www.europesays.com\/fr\/wp-json\/wp\/v2\/comments?post=370240"}],"version-history":[{"count":0,"href":"https:\/\/www.europesays.com\/fr\/wp-json\/wp\/v2\/posts\/370240\/revisions"}],"wp:featuredmedia":[{"embeddable":true,"href":"https:\/\/www.europesays.com\/fr\/wp-json\/wp\/v2\/media\/370241"}],"wp:attachment":[{"href":"https:\/\/www.europesays.com\/fr\/wp-json\/wp\/v2\/media?parent=370240"}],"wp:term":[{"taxonomy":"category","embeddable":true,"href":"https:\/\/www.europesays.com\/fr\/wp-json\/wp\/v2\/categories?post=370240"},{"taxonomy":"post_tag","embeddable":true,"href":"https:\/\/www.europesays.com\/fr\/wp-json\/wp\/v2\/tags?post=370240"}],"curies":[{"name":"wp","href":"https:\/\/api.w.org\/{rel}","templated":true}]}}