{"id":370242,"date":"2025-09-06T08:57:14","date_gmt":"2025-09-06T08:57:14","guid":{"rendered":"https:\/\/www.europesays.com\/fr\/370242\/"},"modified":"2025-09-06T08:57:14","modified_gmt":"2025-09-06T08:57:14","slug":"on-setait-prepares-a-ne-pas-vivre-une-annee-aussi-fluide-que-la-saison-passee-marquee-par-les-absences-mais-pas-fataliste-lubb-selance-contre-la-rochelle-lequi","status":"publish","type":"post","link":"https:\/\/www.europesays.com\/fr\/370242\/","title":{"rendered":"\u00abOn s&#039;\u00e9tait pr\u00e9par\u00e9s \u00e0 ne pas vivre une ann\u00e9e aussi fluide que la saison pass\u00e9e\u00bb : marqu\u00e9e par les absences mais pas fataliste, l&#039;UBB s&#039;\u00e9lance contre La Rochelle &#8211; L&#039;\u00c9quipe"},"content":{"rendered":"<ol>\n<li><a href=\"https:\/\/news.google.com\/rss\/articles\/CBMiqgJBVV95cUxQblJQS01hOTY5ZFoyaUlhMzh6ZUppR1hlTm14T3JQWEZxNklDMkVtZ2N6OVRWb3pSTm5FRHJfb19RcUtNbFFpRmFySWsxZVVYTW9IY3BFdU1vMlV5cmdWN3RHR1RldllTb0oxemdlWV9TaTN2TzNpOV9YZ1d0eGZCMklpa0NEOWJoSVhEdy1OZmFZREp2bXA1SU5VNVA1WHNTV2dWLTZwT3Vac1Rnd0JzaTJDZ1hha3RlUXBmalkwaEdUbVBRalBMWGJvY25nanBWRkNFcV9ENHBGa1VqTU5aeEZsWnRKU2lNVVR0a3A1cGpqcnEtMUkxcDBhaE00ZDdKU1ZyblNYRmdxR1NTdjZmOHpxRnloeGhoSkdWQ2ZvamFMQllrWGF2SnVn?oc=5\" target=\"_blank\" rel=\"nofollow noopener\">\u00abOn s&rsquo;\u00e9tait pr\u00e9par\u00e9s \u00e0 ne pas vivre une ann\u00e9e aussi fluide que la saison pass\u00e9e\u00bb : marqu\u00e9e par les absences mais pas fataliste, l&rsquo;UBB s&rsquo;\u00e9lance contre La Rochelle<\/a>&nbsp;&nbsp;L&rsquo;\u00c9quipe<\/li>\n<li><a href=\"https:\/\/news.google.com\/rss\/articles\/CBMipgJBVV95cUxPUDloeEZXbkJqOHBoaGJKR1hZcXNFWElkaXRlUUcxUUVkMHZSV3doWHFpYkJEdEs4Z3FzMFdnYnE2WUZJbUVvc1JCOWUydWdiSjc2dGJrWEpkMHFtM1d0SEtXek1yak1ES2U4eDBlc2trNGFPWVhUTVJ6b2pBNEVoYUgwekFhZVVkTGxXVDhqWk5LOVpUdW8wNDZzMThWTEFwbVdKWE5FLV8tNHdISVFDM1p6LTFyUm5NSkdYQUZVRG9CYkNMVFJ3cjhVdDJmSm9wbmp0MXNXdmZZSXFLeHFiU3JpREdjMmc0UzRmMElTN2ZNWFMwSjM3T0tYR0pFbjBXZEpZenNnSDlGbElvRFJHUzRGeWt1WGdNLTQtY1o4NjI2UHBXdkE?oc=5\" target=\"_blank\" rel=\"nofollow noopener\">Les compositions d\u2019UBB \u2013 La Rochelle : Jalibert et \u00ab\u00a0LBB\u00a0\u00bb titulaires, Alldritt et Le Garrec aussi<\/a>&nbsp;&nbsp;Rugbyrama<\/li>\n<li><a href=\"https:\/\/news.google.com\/rss\/articles\/CBMi0wFBVV95cUxNSnJuUEphQlJBaXhmWFlYc3dTaWRULXotc1JFNzVkbW9nZ1FMb3VpRDdHQ1FrbUs1c256MHRJeERTVTRVN3BIcndMUGFKSGJaN281TWVPLWRJZWluaHpRUjFYdGZfSGNZQXp6b0c5eFBlUEQ3X0QwVnpFYVlRSm9zdUV1cjNrTEJuUF9rdGJDWHlwOWpPQWhCZG9PbWpWbFNwV1hzWVE2bDJYaG9pSEdBZXRvSzBxQXE3VHVUb0pENG1KbjBNZkw4dGd2djZvY0RFOWFR?oc=5\" target=\"_blank\" rel=\"nofollow noopener\">Top 14 : l\u2019UBB a des interrogations \u00e0 lever face \u00e0 La Rochelle<\/a>&nbsp;&nbsp;Sud Ouest<\/li>\n<li><a href=\"https:\/\/news.google.com\/rss\/articles\/CBMizgFBVV95cUxQSWt3YjlGLVMxaDVuVVhzNWdFREo4UlVkWWEyYXNlUXI0VUtuUWU2VkxhZVJFaFJPaGM0RFBQUHdDLUlscW5mRlVGOW04X2JieXRYZzhCc19yUnR1Z2dBUDEzS0cwTW1SeVZsTldPU2UyMjc2RmppZk94ei1yckNUREU2bmFsV0xGWTRaZXJrWmZUUUFRM254XzFBellSN1J1TEs2eDF5NXlQV05MNld5aDFnQ09yMHFRdWlzZm5waFlkTGNRZ21SazNuc09oZ9IBzAFBVV95cUxQNTE1aFRrR0U4QTJpMksyLTk3cUVHVm5sRnRkbjRNNC1uUUlYZm43QnpNejhiZnM3OWtUU0lEUU9IZXpyWHgwSENHWmZPLUdmT2kzSldaVzl3NERLUV9PTlFHUVdJRTRwTWVKVzZqd2p5R3czaU9jODNqM2F2Mi1famtELUZ2dEo3U2swcHViczVzbDhTbGY1RHVBUkZRUnJDTm4tOUEyeEpkSWZ2Ri1fVktQNTNnZ00zS0tjZXZuczJqOVNWUTZldVZZODU?oc=5\" target=\"_blank\" rel=\"nofollow noopener\">UBB : Cette fois, Jalibert ne veut pas rater le doubl\u00e9<\/a>&nbsp;&nbsp;Orange Actualit\u00e9s | Sports<\/li>\n<li><a href=\"https:\/\/news.google.com\/rss\/articles\/CBMiiwFBVV95cUxOTEpiRlAyekR1OUNRYXdVZ2VpV1BwWklmN1d2dkpZT1F3ZnVjWmgtX04ycUtnVXlNNTFPRVFpUzFXTFg2dUdoUHNWX1BOWGRIWFVjSnZTdnd4S04tQlBPeFlNRThYTjVfei04Sm5hQ0ktdjhRQ2pMN3dhNjBuX3d0Nkc2Y3hOTGtOUzQ4?oc=5\" target=\"_blank\" rel=\"nofollow noopener\">L&rsquo;\u00e9quipe pour la premi\u00e8re \u00e0 Bordeaux !<\/a>&nbsp;&nbsp;Stade Rochelais<\/li>\n<\/ol>\n","protected":false},"excerpt":{"rendered":"\u00abOn s&rsquo;\u00e9tait pr\u00e9par\u00e9s \u00e0 ne pas vivre une ann\u00e9e aussi fluide que la saison pass\u00e9e\u00bb : marqu\u00e9e par&hellip;\n","protected":false},"author":2,"featured_media":370243,"comment_status":"","ping_status":"","sticky":false,"template":"","format":"standard","meta":{"footnotes":""},"categories":[1416],"tags":[1011,27,479,1468,60],"class_list":{"0":"post-370242","1":"post","2":"type-post","3":"status-publish","4":"format-standard","5":"has-post-thumbnail","7":"category-rugby","8":"tag-fr","9":"tag-france","10":"tag-rugby","11":"tag-rugby-football","12":"tag-sports"},"share_on_mastodon":{"url":"https:\/\/pubeurope.com\/@fr\/115156526290410423","error":""},"_links":{"self":[{"href":"https:\/\/www.europesays.com\/fr\/wp-json\/wp\/v2\/posts\/370242","targetHints":{"allow":["GET"]}}],"collection":[{"href":"https:\/\/www.europesays.com\/fr\/wp-json\/wp\/v2\/posts"}],"about":[{"href":"https:\/\/www.europesays.com\/fr\/wp-json\/wp\/v2\/types\/post"}],"author":[{"embeddable":true,"href":"https:\/\/www.europesays.com\/fr\/wp-json\/wp\/v2\/users\/2"}],"replies":[{"embeddable":true,"href":"https:\/\/www.europesays.com\/fr\/wp-json\/wp\/v2\/comments?post=370242"}],"version-history":[{"count":0,"href":"https:\/\/www.europesays.com\/fr\/wp-json\/wp\/v2\/posts\/370242\/revisions"}],"wp:featuredmedia":[{"embeddable":true,"href":"https:\/\/www.europesays.com\/fr\/wp-json\/wp\/v2\/media\/370243"}],"wp:attachment":[{"href":"https:\/\/www.europesays.com\/fr\/wp-json\/wp\/v2\/media?parent=370242"}],"wp:term":[{"taxonomy":"category","embeddable":true,"href":"https:\/\/www.europesays.com\/fr\/wp-json\/wp\/v2\/categories?post=370242"},{"taxonomy":"post_tag","embeddable":true,"href":"https:\/\/www.europesays.com\/fr\/wp-json\/wp\/v2\/tags?post=370242"}],"curies":[{"name":"wp","href":"https:\/\/api.w.org\/{rel}","templated":true}]}}