{"id":370244,"date":"2025-09-06T08:58:10","date_gmt":"2025-09-06T08:58:10","guid":{"rendered":"https:\/\/www.europesays.com\/fr\/370244\/"},"modified":"2025-09-06T08:58:10","modified_gmt":"2025-09-06T08:58:10","slug":"us-open-genial-pour-le-tennis-alcaraz-reagit-a-la-presence-de-donald-trump-pour-la-finale-ouest-france","status":"publish","type":"post","link":"https:\/\/www.europesays.com\/fr\/370244\/","title":{"rendered":"US Open. \u00ab G\u00e9nial pour le tennis\u2026 \u00bb : Alcaraz r\u00e9agit \u00e0 la pr\u00e9sence de Donald Trump pour la finale &#8211; Ouest-France"},"content":{"rendered":"<ol>\n<li><a href=\"https:\/\/news.google.com\/rss\/articles\/CBMi-wFBVV95cUxQd1I0WF9vWjNCS2VoVXd6WGZuT08wdl9vM3ZCSFFkM1B6Vk9sSmdmUGhsRy1wUnlkdmlfa1VoSWxIOGMxUkZQSFlkTU1wZ0lwMWprSm1lYUNNTmpneHl4Vzh1TlpobjB6NDNzS0ZHWUJNTDZtUmFoNUlnTU5oOEpHMExSZzFocGtpSk1JT190Q1B1cE1VdWx1dEdaeGlGZVhLN1FHRTdCTWZXcDhVRUtqYkpxd1RNSVl1Z2J0ekdyMmpsRHZYaml4SFppeVdLUXFYTmdJNlY4ZDFXWWVCZjJqUkdKSjhabW9CSl9xaUFNa05XMHYxNkwtbTJzQQ?oc=5\" target=\"_blank\" rel=\"nofollow noopener\">US Open. \u00ab G\u00e9nial pour le tennis\u2026 \u00bb : Alcaraz r\u00e9agit \u00e0 la pr\u00e9sence de Donald Trump pour la finale<\/a>&nbsp;&nbsp;Ouest-France<\/li>\n<li><a href=\"https:\/\/news.google.com\/rss\/articles\/CBMivgFBVV95cUxQVHppY1RBSjFyRWs1TU42Tzk4Z1JYMHhRSm9BY1V4dEtJX1lTbVZOeVVqaFVSdVRabU01aFExVGFkSERKQnVVcUNkM2ppYkhvdkdaT09ZY2FpR2NlMGtEMVFWSlBjb0RpWHFBLUktS1RSdWkzMlZnejNYZWl0YnZfZEYzWHRxMlpwclBOMXlPM2VpVnYteXRsZTJyVjdFRUZ6am1Ub2NUMVdKVDZuUGxxcUVGZEpVdFdiODZwN1ln?oc=5\" target=\"_blank\" rel=\"nofollow noopener\">Jouer devant Trump, \u00ab un privil\u00e8ge \u00bb pour Carlos Alcaraz<\/a>&nbsp;&nbsp;20 Minutes<\/li>\n<li><a href=\"https:\/\/news.google.com\/rss\/articles\/CBMisAJBVV95cUxNa0pfM2RscWFyaUhLdGdYaGxmSXowQjU5VjVDNFBTQTFTYXduUk9LUy1OcnlvWXdvczEtbkNqaXYwQXpZNllWNDNKcF9YU1dzSnF4ODFodkRwSWxLVlFSSF9sNjFmdE1fNWZ3WDV3UXUxZ2g5TjBzdHZRb2lRUTlaRkRRQ0UwNGNOX21tcXhqMVp4YlJUR2JTdDh4RjcwdDFMV2Zid2QycFJaZUtnVFlaNUkwY1ppU1FRSG55VjM4WTQyb0wyNkluVjU3eVpoeVkzeEowajRLcVMxN1FXcGdlVGRodmNVS1B6TjJGTWJodFlKbm9kclo5dXl3d1dDTUI1RWtyeklTbnBEY1NoSGdwYjhYb3RuWnBxU19Qc0hQRTkxSTA3NF9qN3UzZXB6LXZJ?oc=5\" target=\"_blank\" rel=\"nofollow noopener\">Trump en tribunes dimanche \u00e0 Flushing Meadows pour la finale messieurs<\/a>&nbsp;&nbsp;Eurosport<\/li>\n<li><a href=\"https:\/\/news.google.com\/rss\/articles\/CBMijAJBVV95cUxNR1ZlOXlJbVhQak5NUml3c25wcjRoYmNCTjFsaElNSkxMNVBFNDhvbEtFMG9SSklLbUhCSThHYWd6akNYWW12d09zWXJOeVN2MWxfRjJOak5ldi1NNXZ2VXhxSG5NeWdXTHVzaVJMT0k4UGdib3RtWE1xbHRBeExzWk5CZ3FrSWFhRUtSamdtOU1nT2llczZMMXBUbVlYaVhISVh1dkJkME9ENGdXcHVwcUNWbkY2cDh4QWI2R1JCN0Y3RFo2S2YzMEd4UjBVSk14c1dwMkpRUGVjR3dpeDRjYmx4TkhXY2NxRnBjYlBGWkJnLTdRY1ZhVExWc25lSFNPT2tjUThWQU9sY0Nv?oc=5\" target=\"_blank\" rel=\"nofollow noopener\">La tourn\u00e9e sportive de Trump se poursuit: le pr\u00e9sident am\u00e9ricain assistera \u00e0 la finale messieurs de l&rsquo;US Open dimanche<\/a>&nbsp;&nbsp;RMC Sport<\/li>\n<li><a href=\"https:\/\/news.google.com\/rss\/articles\/CBMihwJBVV95cUxNNnRtLWRqVDR2eEdPdC1VeHJ3eHlwSnZGbVQzaGJXQkFnU2VzRmFrNkVYbFJjZXlicl9CTWkyS1ZBbVJlRDVhTVhrN0R1UDRncHliRG8tbFd2UUVoMWRNY3EtczNOY1huRFBnVGVxelBOaDRJeU1vY1ZpeVk2ZTlWcjVRWHhoY3pkZVk5MENVdW92SV9ZVkZlNGhfR3JuNFVQYTlhdVBQU0lNQUdIb1JFN1JWdE5RTzV2MTBlZWx4ZVVTUHROSm9RY3dNVXA3aWVxejhOckpTcjcwcmo1V25fWTZGT3JtSGZHMUNHZ2hWbG1NN1ZZYVBOd09kZzRQMnlDSDk4c0xvRQ?oc=5\" target=\"_blank\" rel=\"nofollow noopener\">US Open 2025 &#8211; Carlos Alcaraz sur la pr\u00e9sence de Donald Trump en finale : \u00ab\u00a0C\u2019est tr\u00e8s positif pour le tennis\u00a0\u00bb<\/a>&nbsp;&nbsp;Orange Actualit\u00e9s | Sports<\/li>\n<\/ol>\n","protected":false},"excerpt":{"rendered":"US Open. \u00ab G\u00e9nial pour le tennis\u2026 \u00bb : Alcaraz r\u00e9agit \u00e0 la pr\u00e9sence de Donald Trump pour&hellip;\n","protected":false},"author":2,"featured_media":1445,"comment_status":"","ping_status":"","sticky":false,"template":"","format":"standard","meta":{"footnotes":""},"categories":[1415],"tags":[1011,27,60,1467],"class_list":{"0":"post-370244","1":"post","2":"type-post","3":"status-publish","4":"format-standard","5":"has-post-thumbnail","7":"category-tennis","8":"tag-fr","9":"tag-france","10":"tag-sports","11":"tag-tennis"},"share_on_mastodon":{"url":"https:\/\/pubeurope.com\/@fr\/115156530133667880","error":""},"_links":{"self":[{"href":"https:\/\/www.europesays.com\/fr\/wp-json\/wp\/v2\/posts\/370244","targetHints":{"allow":["GET"]}}],"collection":[{"href":"https:\/\/www.europesays.com\/fr\/wp-json\/wp\/v2\/posts"}],"about":[{"href":"https:\/\/www.europesays.com\/fr\/wp-json\/wp\/v2\/types\/post"}],"author":[{"embeddable":true,"href":"https:\/\/www.europesays.com\/fr\/wp-json\/wp\/v2\/users\/2"}],"replies":[{"embeddable":true,"href":"https:\/\/www.europesays.com\/fr\/wp-json\/wp\/v2\/comments?post=370244"}],"version-history":[{"count":0,"href":"https:\/\/www.europesays.com\/fr\/wp-json\/wp\/v2\/posts\/370244\/revisions"}],"wp:featuredmedia":[{"embeddable":true,"href":"https:\/\/www.europesays.com\/fr\/wp-json\/wp\/v2\/media\/1445"}],"wp:attachment":[{"href":"https:\/\/www.europesays.com\/fr\/wp-json\/wp\/v2\/media?parent=370244"}],"wp:term":[{"taxonomy":"category","embeddable":true,"href":"https:\/\/www.europesays.com\/fr\/wp-json\/wp\/v2\/categories?post=370244"},{"taxonomy":"post_tag","embeddable":true,"href":"https:\/\/www.europesays.com\/fr\/wp-json\/wp\/v2\/tags?post=370244"}],"curies":[{"name":"wp","href":"https:\/\/api.w.org\/{rel}","templated":true}]}}