{"id":370245,"date":"2025-09-06T09:00:11","date_gmt":"2025-09-06T09:00:11","guid":{"rendered":"https:\/\/www.europesays.com\/fr\/370245\/"},"modified":"2025-09-06T09:00:11","modified_gmt":"2025-09-06T09:00:11","slug":"joan-mir-sinvite-aux-avant-postes-a-barcelone","status":"publish","type":"post","link":"https:\/\/www.europesays.com\/fr\/370245\/","title":{"rendered":"Joan Mir s&rsquo;invite aux avant-postes \u00e0 Barcelone"},"content":{"rendered":"<p>C&rsquo;est avec un suspense plus riche que ces derni\u00e8res semaines qu&rsquo;a d\u00e9but\u00e9 la plus grosse journ\u00e9e du week-end MotoGP \u00e0 Barcelone. Au lendemain d&rsquo;Essais domin\u00e9s par les KTM au Grand Prix de Catalogne, place aux qualifications et au sprint, avec auparavant une ultime s\u00e9ance de travail.\u00a0<\/p>\n<p>Sur le circuit catalan, les conditions sont toujours id\u00e9ales avec une m\u00e9t\u00e9o cl\u00e9mente, d\u00e9j\u00e0 22\u00b0C dans l&rsquo;air. De quoi plancher sur les longs relais et sur les choix de pneus pour les courses, mission sur laquelle n&rsquo;a pas pu se concentrer Miguel Oliveira d\u00e8s le d\u00e9but de s\u00e9ance puisqu&rsquo;il a d\u00fb mettre pied \u00e0 terre en raison d&rsquo;un probl\u00e8me technique sur sa Yamaha. Il a pu reprendre la piste dix minutes plus tard.<\/p>\n<p>Du c\u00f4t\u00e9 du chrono, Joan Mir a d&rsquo;abord confirm\u00e9 \u00e0 mi-s\u00e9ance le regain de forme de Honda, en 1&rsquo;39&Prime;119 devant les fr\u00e8res M\u00e1rquez.\u00a0<\/p>\n<p>Alors que personne n&rsquo;\u00e9tait encore parti \u00e0 la faute jusque-l\u00e0,\u00a0\u00c1lex Rins s&rsquo;est fait pi\u00e9ger au virage 5 dans les dix derni\u00e8res minutes. Parti en glisse dans les graviers, le pilote Yamaha a toutefois pu se relever sans souffrir.\u00a0<\/p>\n<p>Personne n&rsquo;est venu d\u00e9loger Joan Mir du sommet de la feuille de temps malgr\u00e9 les nombreuses am\u00e9liorations des derniers instants. Le pilote Honda a donc conclu cette s\u00e9ance en t\u00eate, 22 milli\u00e8mes seulement devant \u00c1lex M\u00e1rquez et un gros dixi\u00e8me devant Fabio Quartararo, qui devra passer par la Q1. Johann Zarco a termin\u00e9 11e, alors que Pecco Bagnaia a sembl\u00e9 rester englu\u00e9 dans ses difficult\u00e9s, ne signant que le 17e temps.\u00a0<\/p>\n<p><img decoding=\"async\" class=\"ms-flag-img ms-flag-img_s0\" title=\"Spain\" src=\"https:\/\/cdn-2.motorsport.com\/static\/img\/cf\/es-3.svg\" alt=\"Spain\" width=\"25\" loading=\"lazy\"\/>\u00a0GP de Catalogne &#8211; Essais Libres 2<\/p>\n<p>Lire aussi :<\/p>\n<p>Dans cet article<\/p>\n<p>Soyez le premier inform\u00e9 et souscrivez aux alertes mails pour recevoir les infos en temps r\u00e9el<\/p>\n<p>    S&rsquo;abonner aux alertes de news<\/p>\n","protected":false},"excerpt":{"rendered":"C&rsquo;est avec un suspense plus riche que ces derni\u00e8res semaines qu&rsquo;a d\u00e9but\u00e9 la plus grosse journ\u00e9e du week-end&hellip;\n","protected":false},"author":2,"featured_media":370246,"comment_status":"","ping_status":"","sticky":false,"template":"","format":"standard","meta":{"footnotes":""},"categories":[1413],"tags":[25466,50447,1011,27,48377,1457,1456,1458,60],"class_list":{"0":"post-370245","1":"post","2":"type-post","3":"status-publish","4":"format-standard","5":"has-post-thumbnail","7":"category-moto","8":"tag-circuit-de-barcelona-catalunya","9":"tag-el2-joan-mir-sinvite-aux-avant-postes-u00e0-barcelone","10":"tag-fr","11":"tag-france","12":"tag-gp-de-catalogne","13":"tag-moto","14":"tag-motocycle","15":"tag-motogp","16":"tag-sports"},"share_on_mastodon":{"url":"https:\/\/pubeurope.com\/@fr\/115156538300314261","error":""},"_links":{"self":[{"href":"https:\/\/www.europesays.com\/fr\/wp-json\/wp\/v2\/posts\/370245","targetHints":{"allow":["GET"]}}],"collection":[{"href":"https:\/\/www.europesays.com\/fr\/wp-json\/wp\/v2\/posts"}],"about":[{"href":"https:\/\/www.europesays.com\/fr\/wp-json\/wp\/v2\/types\/post"}],"author":[{"embeddable":true,"href":"https:\/\/www.europesays.com\/fr\/wp-json\/wp\/v2\/users\/2"}],"replies":[{"embeddable":true,"href":"https:\/\/www.europesays.com\/fr\/wp-json\/wp\/v2\/comments?post=370245"}],"version-history":[{"count":0,"href":"https:\/\/www.europesays.com\/fr\/wp-json\/wp\/v2\/posts\/370245\/revisions"}],"wp:featuredmedia":[{"embeddable":true,"href":"https:\/\/www.europesays.com\/fr\/wp-json\/wp\/v2\/media\/370246"}],"wp:attachment":[{"href":"https:\/\/www.europesays.com\/fr\/wp-json\/wp\/v2\/media?parent=370245"}],"wp:term":[{"taxonomy":"category","embeddable":true,"href":"https:\/\/www.europesays.com\/fr\/wp-json\/wp\/v2\/categories?post=370245"},{"taxonomy":"post_tag","embeddable":true,"href":"https:\/\/www.europesays.com\/fr\/wp-json\/wp\/v2\/tags?post=370245"}],"curies":[{"name":"wp","href":"https:\/\/api.w.org\/{rel}","templated":true}]}}