{"id":370247,"date":"2025-09-06T09:01:11","date_gmt":"2025-09-06T09:01:11","guid":{"rendered":"https:\/\/www.europesays.com\/fr\/370247\/"},"modified":"2025-09-06T09:01:11","modified_gmt":"2025-09-06T09:01:11","slug":"lewis-hamilton-optimiste-malgre-ses-difficultes-chez-ferrari","status":"publish","type":"post","link":"https:\/\/www.europesays.com\/fr\/370247\/","title":{"rendered":"Lewis Hamilton optimiste malgr\u00e9 ses difficult\u00e9s chez Ferrari"},"content":{"rendered":"<p>Peu d\u2019exp\u00e9riences pour les pilotes de <a href=\"https:\/\/www.autohebdo.fr\/actualites\/f1\" data-internallinksmanager029f6b8e52c=\"1\" title=\"F1\" rel=\"nofollow noopener\" target=\"_blank\">Formule 1<\/a> se rapprochent de celle d\u2019un week-end \u00e0 Monza en tant que pilote de la <a href=\"https:\/\/www.autohebdo.fr\/actualites\/ecurie\/ferrari\" data-internallinksmanager029f6b8e52c=\"74\" title=\"Ferrari\" rel=\"nofollow noopener\" target=\"_blank\">Scuderia<\/a>. La semaine derni\u00e8re \u00e0 Zandvoort, les gradins avaient beau \u00eatre teint\u00e9s de l\u2019orange des supporters de <a href=\"https:\/\/www.autohebdo.fr\/pilote\/f1\/max-verstappen\" data-internallinksmanager029f6b8e52c=\"2\" title=\"Max Verstappen\" rel=\"nofollow noopener\" target=\"_blank\">Max Verstappen<\/a>, rien n\u2019\u00e9gale le rosso corsa des tifosi au temple de la vitesse. Pour <a href=\"https:\/\/www.autohebdo.fr\/pilote\/f1\/lewis-hamilton-2\" data-internallinksmanager029f6b8e52c=\"41\" title=\"Lewis Hamilton\" rel=\"nofollow noopener\" target=\"_blank\">Lewis Hamilton<\/a>, dans sa premi\u00e8re saison avec Ferrari, alors qu\u2019il est le pilote de l\u2019histoire avec le plus de tours en t\u00eate \u00e0 Monza (248), ce week-end reste un moment unique.<\/p>\n<p>\u00ab\u00a0Je suis arriv\u00e9 \u00e0 Maranello, et quand on entre et qu\u2019on voit le logo Ferrari, je dois encore me pincer pour y croire. C\u2019est vraiment unique. Il y a toujours des gens devant l\u2019usine, et je n\u2019avais jamais vu de fans devant une usine auparavant. Ici, on en voit \u00e0 chaque fois. Il y a une \u00e9nergie tellement positive, clairement beaucoup d\u2019amour pour cette marque et ce qu\u2019elle repr\u00e9sente pour les gens.\u00a0Rejoindre Ferrari, c\u2019\u00e9tait un r\u00eave d\u2019enfant, avoue Lewis Hamilton. Je regardais <a href=\"https:\/\/www.autohebdo.fr\/pilote\/f1\/michael-schumacher\" data-internallinksmanager029f6b8e52c=\"24\" title=\"Michael Schumacher\" rel=\"nofollow noopener\" target=\"_blank\">Michael Schumacher<\/a> gagner ici, et je voyais la r\u00e9action du public chaque fois que Ferrari montait sur le podium : la passion \u00e9tait sans \u00e9gale. Je voulais ressentir cela. Aujourd\u2019hui, j\u2019ai la chance de vivre cette exp\u00e9rience en tant que pilote Ferrari, port\u00e9 par le soutien des tifosi. Leur passion est tout simplement incroyable.\u00a0\u00bb<\/p>\n<p>\u00ab\u00a0\u00catre ici, quel que soit le pilote ou l\u2019\u00e9curie, est toujours une exp\u00e9rience incroyable. Ce circuit est historique, ce parc est mythique, et voir tous les tifosi le long de la ligne droite des stands, c\u2019est une \u00e9motion unique. Lors du tour d\u2019honneur, les fans sont si proches qu\u2019on a l\u2019impression qu\u2019ils sont avec nous dans la voiture, souligne le septuple champion du monde. J\u2019ai vu ce que \u00e7a faisait pour les autres pilotes Ferrari d\u2019\u00eatre sur le podium ici. Je suis mont\u00e9 plusieurs fois sur le podium \u00e0 Monza, donc je sais ce que \u00e7a fait d\u2019\u00eatre l\u00e0-haut. Mais l\u2019imaginer en tant que pilote Ferrari, c\u2019est autre chose. Je suis impatient de voir comment la voiture va se comporter ce week-end. Ferrari a gagn\u00e9 ici l\u2019ann\u00e9e derni\u00e8re gr\u00e2ce \u00e0 une excellente strat\u00e9gie et un excellent pilotage de Charles.\u00a0\u00bb<\/p>\n<p><strong>\u00c0 LIRE AUSSI &gt;\u00a0<a href=\"https:\/\/www.autohebdo.fr\/actualites\/f1\/penalise-a-monza-lewis-hamilton-peut-il-reiterer-sa-remontee-dimola.html\" rel=\"nofollow noopener\" target=\"_blank\">P\u00e9nalis\u00e9 \u00e0 Monza, Lewis Hamilton peut-il r\u00e9it\u00e9rer sa remont\u00e9e d\u2019Imola ?<\/a><\/strong><\/p>\n<p>\u00ab\u00a0Est-ce que je m\u2019attendais \u00e0 ce que mes sensations soient aussi vari\u00e9es ? Non, mais c\u2019est la vie\u00a0\u00bb<\/p>\n<p>Apr\u00e8s un double abandon \u00e0 Zandvoort, le premier de Ferrari depuis le Canada en 2024, la Scuderia ne peut que mieux faire devant son public. En t\u00eate de la premi\u00e8re s\u00e9ance d\u2019Essais Libres devant <a href=\"https:\/\/www.autohebdo.fr\/pilote\/f1\/charles-leclerc\" data-internallinksmanager029f6b8e52c=\"5\" title=\"Charles Leclerc\" rel=\"nofollow noopener\" target=\"_blank\">Charles Leclerc<\/a> et cinqui\u00e8me en EL2 alors que son co\u00e9quipier mon\u00e9gasque se hissait encore une fois en deuxi\u00e8me position derri\u00e8re <a href=\"https:\/\/www.autohebdo.fr\/pilote\/f1\/lando-norris\" data-internallinksmanager029f6b8e52c=\"11\" title=\"Lando Norris\" rel=\"nofollow noopener\" target=\"_blank\">Lando Norris<\/a>, Lewis Hamilton aborde son week-end en prenant du recul sur ses difficult\u00e9s depuis le d\u00e9but de saison, d\u2019autant qu\u2019il recevra cinq places de p\u00e9nalit\u00e9s sur la grille. Le Britannique n\u2019est qu\u2019\u00e0 quatre Grands Prix d\u2019\u00e9galer le Fran\u00e7ais Didier Pironi au nombre de courses sans un premier podium pour Ferrari (19).<\/p>\n<p>\u00ab\u00a0C\u2019est ma premi\u00e8re ann\u00e9e avec l\u2019\u00e9quipe, donc chaque week-end est une d\u00e9couverte. C\u2019est la premi\u00e8re fois que je pilote cette voiture sur chaque circuit. L\u2019approche est forc\u00e9ment diff\u00e9rente de mes exp\u00e9riences pr\u00e9c\u00e9dentes. Quand on se rend dans de nouveaux endroits, les r\u00e9glages sont diff\u00e9rents, c\u2019est toujours nouveau, et j\u2019appr\u00e9cie vraiment cela, reconna\u00eet Lewis Hamilton. Il y a eu beaucoup d\u2019ajustements, autant de mon c\u00f4t\u00e9 que de celui de l\u2019\u00e9quipe. Ils ont vraiment remu\u00e9 ciel et terre pour m\u2019accueillir. Il y a \u00e9videmment des diff\u00e9rences culturelles, mais je me sens soutenu. Fred [Vasseur] a fait remarquer qu\u2019ils avaient peut-\u00eatre sous-estim\u00e9 le d\u00e9fi en m\u2019int\u00e9grant, et c\u2019est vrai que nous avons \u00e9t\u00e9 confront\u00e9s \u00e0 des d\u00e9fis avec la voiture cette ann\u00e9e.\u00a0\u00bb<\/p>\n<p>\u00ab\u00a0Tout au long du week-end \u00e0 Zandvoort, notre approche \u00e9tait parfaite. J\u2019ai trouv\u00e9 que c\u2019\u00e9tait l\u2019un de nos week-ends les plus solides, sinon le plus solide, jusqu\u2019\u00e0 dimanche. Malheureusement, le dimanche a \u00e9t\u00e9 d\u00e9cevant. Ce n\u2019est pas le r\u00e9sultat que nous voulions, mais ce n\u2019\u00e9tait pas un manque de concentration, insiste le pilote Ferrari. Plusieurs facteurs ont contribu\u00e9 \u00e0 l\u2019incident : un probl\u00e8me de r\u00e9trogradage a bloqu\u00e9 les roues arri\u00e8re, la piste \u00e9tait mouill\u00e9e, et j\u2019\u00e9tais peut-\u00eatre 10 millim\u00e8tres ou 10 centim\u00e8tres plus large que lors du tour pr\u00e9c\u00e9dent. Ce n\u2019est pas g\u00e9nial, mais j\u2019en tire des le\u00e7ons et je vais de l\u2019avant.\u00a0Je ne fais pas souvent ce genre d\u2019erreurs, mais ce qui est formidable, c\u2019est que l\u2019\u00e9quipe est rest\u00e9e tr\u00e8s positive et m\u2019a apport\u00e9 un soutien incroyable tout au long du week-end. Ils vous remontent le moral.\u00a0\u00bb<\/p>\n<p>\u00ab\u00a0Je ne sais pas ce que les autres pilotes ont pens\u00e9 des d\u00e9cisions prises lors de la derni\u00e8re course, mais quand je suis rentr\u00e9 chez moi et que j\u2019ai vu que j\u2019avais re\u00e7u cette p\u00e9nalit\u00e9, j\u2019ai \u00e9t\u00e9 vraiment choqu\u00e9. Si vous regardez le rapport, j\u2019ai bien lev\u00e9 le pied, mais pas assez \u00e0 leur go\u00fbt. Recevoir une p\u00e9nalit\u00e9 et des points de p\u00e9nalit\u00e9, c\u2019est assez s\u00e9v\u00e8re. Mais c\u2019est comme \u00e7a, se r\u00e9signe le septuple champion du monde. Ce n\u2019est \u00e9videmment pas tout noir ou tout blanc. J\u2019en tire des le\u00e7ons. \u00c7a ne sert \u00e0 rien de se plaindre. Ce week-end va \u00eatre difficile : les qualifications sont d\u00e9j\u00e0 tr\u00e8s serr\u00e9es entre nous tous, et en plus, je suis r\u00e9trograd\u00e9 de cinq places. Ce n\u2019est pas id\u00e9al pour mon premier Grand Prix \u00e0 Monza avec Ferrari. Mais cela me donne encore plus de raisons de me battre, et je suis tr\u00e8s motiv\u00e9 pour rattraper ces places quoi qu\u2019il arrive.\u00a0\u00bb<\/p>\n<p>Un \u00e9v\u00e8nement d\u2019autant plus marquant que Ferrari c\u00e9l\u00e8bre cette ann\u00e9e les 50 ans du premier titre de Niki Lauda, en rosso corsa, au volant de la 312 T. Livr\u00e9e hommage, combinaisons \u00e0 l\u2019\u00e9cusson rectangulaire et casques r\u00e9tro : Lewis Hamilton aura ce week-end le soutien de son mentor, qui l\u2019a accompagn\u00e9 chez <a href=\"https:\/\/www.autohebdo.fr\/actualites\/ecurie\/mercedes\" data-internallinksmanager029f6b8e52c=\"80\" title=\"Ecurie Mercedes F1\" rel=\"nofollow noopener\" target=\"_blank\">Mercedes<\/a> et dont il suit d\u00e9sormais les traces au sein de la Scuderia.<\/p>\n<p>\u00ab\u00a0J\u2019ai beaucoup d\u2019affection pour Niki, mais ce n\u2019est pas lui qui m\u2019a convaincu de rejoindre Mercedes \u00e0 l\u2019\u00e9poque. C\u2019\u00e9tait plut\u00f4t Ross [Brawn]. On s\u2019est assis ensemble dans la cuisine de ma m\u00e8re, et il m\u2019a expliqu\u00e9 la direction que prenait l\u2019\u00e9quipe. Niki a jou\u00e9 un r\u00f4le important ensuite, et nous avions une relation extraordinaire. Quand j\u2019ai rejoint Ferrari, je n\u2019ai m\u00eame pas pens\u00e9 au fait que Niki avait pilot\u00e9 pour cette \u00e9quipe, avoue Lewis Hamilton. Mais aujourd\u2019hui, c\u2019est un week-end particulier, car je peux lui rendre hommage ici aussi. J\u2019ai pu c\u00e9l\u00e9brer les titres avec lui chez Mercedes, et maintenant, je suis dans une position unique pour perp\u00e9tuer son h\u00e9ritage. Je sais ce qu\u2019il me dirait aujourd\u2019hui. Il est toujours pr\u00e9sent dans un coin de ma t\u00eate.\u00a0\u00bb<\/p>\n<p>Tourn\u00e9 vers l\u2019avenir, <a href=\"https:\/\/www.formula1.com\/en\/drivers\/lewis-hamilton\" target=\"_blank\" rel=\"noopener nofollow\">le Britannique<\/a> pourrait devenir le premier vainqueur et poleman de plus de 40 ans depuis Nigel Mansell en Australie en 1994. Le septuple champion du monde est sur la plus longue s\u00e9rie de sa carri\u00e8re sans podium (17), mais pourrait aussi ne pas inscrire de points sur trois courses cons\u00e9cutives pour la premi\u00e8re fois depuis 2009 (sur les cinq Grands Prix de l\u2019Espagne \u00e0 l\u2019Allemagne). Reculer pour mieux sauter, pouss\u00e9 par la ferveur des tifosi.<\/p>\n<p>\u00ab Cette ann\u00e9e a \u00e9t\u00e9 difficile pour tout le monde, mais elle nous pr\u00e9pare \u00e0 des jours meilleurs. Honn\u00eatement, plus c\u2019est difficile, plus \u00e7a peut vous rendre meilleur. Je suis vraiment enthousiaste et motiv\u00e9 pour mener une bataille positive \u00e0 partir de maintenant, et j\u2019ai le sentiment d\u2019\u00eatre entour\u00e9 des meilleures personnes pour y parvenir. C\u2019est une v\u00e9ritable montagne russe \u00e9motionnelle. Est-ce que je m\u2019attendais \u00e0 ce que mes sensations soient aussi vari\u00e9es ? Non, mais c\u2019est la vie, r\u00e9sume Lewis Hamilton. M\u00eame si nous avons connu un dimanche difficile, nous voyons enfin le bout du tunnel. J\u2019ai lu r\u00e9cemment qu\u2019il ne servait \u00e0 rien de s\u2019inqui\u00e9ter pour demain, car cela g\u00e2chait souvent le pr\u00e9sent. Alors j\u2019essaie de ne pas m\u2019inqui\u00e9ter. Je veux vivre chaque moment \u00e0 fond. Cette moiti\u00e9 de saison est pass\u00e9e tr\u00e8s vite. Je ne veux manquer aucun de ces moments sp\u00e9ciaux. Je vis vraiment mon r\u00eave. Il y a encore un long chemin \u00e0 parcourir, mais je suis l\u00e0 pour me battre. \u00bb<\/p>\n<p><strong>\u00c0 LIRE AUSSI &gt;\u00a0<a href=\"https:\/\/www.autohebdo.fr\/actualites\/f1\/lewis-hamilton-se-dit-pret-a-aider-charles-leclerc-pour-obtenir-la-pole-position-a-monza.html\" rel=\"nofollow noopener\" target=\"_blank\">Lewis Hamilton se dit pr\u00eat \u00e0 aider Charles Leclerc pour obtenir la pole position \u00e0 Monza<\/a><\/strong><\/p>\n","protected":false},"excerpt":{"rendered":"Peu d\u2019exp\u00e9riences pour les pilotes de Formule 1 se rapprochent de celle d\u2019un week-end \u00e0 Monza en tant&hellip;\n","protected":false},"author":2,"featured_media":370248,"comment_status":"","ping_status":"","sticky":false,"template":"","format":"standard","meta":{"footnotes":""},"categories":[1412],"tags":[1451,1452,1453,1454,1455,1011,27,60],"class_list":{"0":"post-370247","1":"post","2":"type-post","3":"status-publish","4":"format-standard","5":"has-post-thumbnail","7":"category-f1","8":"tag-f1","9":"tag-formula-1","10":"tag-formula1","11":"tag-formule-1","12":"tag-formule1","13":"tag-fr","14":"tag-france","15":"tag-sports"},"share_on_mastodon":{"url":"https:\/\/pubeurope.com\/@fr\/115156542045176818","error":""},"_links":{"self":[{"href":"https:\/\/www.europesays.com\/fr\/wp-json\/wp\/v2\/posts\/370247","targetHints":{"allow":["GET"]}}],"collection":[{"href":"https:\/\/www.europesays.com\/fr\/wp-json\/wp\/v2\/posts"}],"about":[{"href":"https:\/\/www.europesays.com\/fr\/wp-json\/wp\/v2\/types\/post"}],"author":[{"embeddable":true,"href":"https:\/\/www.europesays.com\/fr\/wp-json\/wp\/v2\/users\/2"}],"replies":[{"embeddable":true,"href":"https:\/\/www.europesays.com\/fr\/wp-json\/wp\/v2\/comments?post=370247"}],"version-history":[{"count":0,"href":"https:\/\/www.europesays.com\/fr\/wp-json\/wp\/v2\/posts\/370247\/revisions"}],"wp:featuredmedia":[{"embeddable":true,"href":"https:\/\/www.europesays.com\/fr\/wp-json\/wp\/v2\/media\/370248"}],"wp:attachment":[{"href":"https:\/\/www.europesays.com\/fr\/wp-json\/wp\/v2\/media?parent=370247"}],"wp:term":[{"taxonomy":"category","embeddable":true,"href":"https:\/\/www.europesays.com\/fr\/wp-json\/wp\/v2\/categories?post=370247"},{"taxonomy":"post_tag","embeddable":true,"href":"https:\/\/www.europesays.com\/fr\/wp-json\/wp\/v2\/tags?post=370247"}],"curies":[{"name":"wp","href":"https:\/\/api.w.org\/{rel}","templated":true}]}}