{"id":370251,"date":"2025-09-06T09:03:09","date_gmt":"2025-09-06T09:03:09","guid":{"rendered":"https:\/\/www.europesays.com\/fr\/370251\/"},"modified":"2025-09-06T09:03:09","modified_gmt":"2025-09-06T09:03:09","slug":"discussion-secrete-au-psg-un-joueur-detruit-sa-carriere","status":"publish","type":"post","link":"https:\/\/www.europesays.com\/fr\/370251\/","title":{"rendered":"Discussion secr\u00e8te au PSG : Un joueur d\u00e9truit sa carri\u00e8re ?"},"content":{"rendered":"<p>Thomas Bourseau<\/p>\n<p>                        &#8211;<\/p>\n<p>R\u00e9dacteur<\/p>\n<p>F\u00e9ru de sport, Thomas a grandi entre le ballon rond du football et le orange du basket, ses deux coups de c\u0153ur depuis toujours. Dipl\u00f4m\u00e9 d\u2019un Master et d\u2019une Licence \u00e0 l\u2019Institut Europ\u00e9en du Journalisme de Paris, il suit toujours de tr\u00e8s pr\u00e8s les aventures d\u2019Arsenal et des Los Angeles Lakers.<\/p>\n<p class=\"heading\">Le Paris Saint-Germain a form\u00e9 un joueur qui devait faire briller le club parisien ou bien briller dans le football europ\u00e9en selon Ander Herrera. Kays Ruiz-Atil (23 ans) v\u00e9g\u00e8te d\u00e9sormais en deuxi\u00e8me division belge alors que son destin \u00e9tait tout autre. L&rsquo;Espagnol a r\u00e9v\u00e9l\u00e9 une discussion au PSG avec Angel Di Maria qui pr\u00e9disait cette tournure des \u00e9v\u00e8nements.\n<\/p>\n<p>Form\u00e9 au <strong>PSG<\/strong>, <strong>Kays Ruiz<\/strong>&#8211;<strong>Atil <\/strong>\u00e9tait cens\u00e9 devenir le futur crack du club de la capitale avant <strong>Warren<\/strong> <strong>Za\u00efre<\/strong>&#8211;<strong>Emery<\/strong>. L&rsquo;actuel milieu offensif de 23 ans \u00e9volue aux <strong>Francs Borains <\/strong>en Belgique alors qu&rsquo;il \u00e9tait promis \u00e0 un avenir bien plus glorieux au <a href=\"https:\/\/le10sport.com\/football\/mercato\/psg-luis-enrique-le-divorce-que-personne-na-vu-venir-756924\" rel=\"nofollow noopener\" target=\"_blank\">Paris Saint-Germain<\/a><strong> <\/strong>o\u00f9 il a notamment crois\u00e9 la route d&rsquo;<strong>Ander Herrera<\/strong> et d&rsquo;<strong>Angel Di Maria<\/strong> sous <strong>Thomas Tuchel <\/strong>et <strong>Mauricio Pochettino <\/strong>en 2020\/2021. <\/p>\n<p>                                            \u00abC&rsquo;\u00e9tait une merveille de le voir s&rsquo;entra\u00eener\u00bb<\/p>\n<p>Pour le podcast Tengo un plan, <strong>Ander Herrera <\/strong>est r\u00e9cemment revenu sur cette descente aux enfers de <strong>Kays<\/strong> <strong>Ruiz<\/strong>&#8211;<strong>Atil <\/strong>qu&rsquo;<strong>Angel Di Maria <\/strong>avait pressenti. \u00ab Il y avait un jeune qui s\u2019appelait Kays Ruiz au PSG. Il s\u2019entra\u00eenait avec nous. Il est pass\u00e9 par le Bar\u00e7a B. Un crack. C&rsquo;\u00e9tait une merveille de le voir s&rsquo;entra\u00eener. Un talent. Mais je me souviens que la premi\u00e8re ann\u00e9e o\u00f9 il s\u2019entra\u00eene avec nous, il part en vacances avec un jet priv\u00e9. Apr\u00e8s une semaine d\u2019entra\u00eenement avec nous, je dis \u00e0 Di Maria : \u00ab Il est vraiment bon \u00bb. <\/p>\n<p>                                            \u00abLa mentalit\u00e9 prend le pas sur le talent, et si le talent ne travaille pas, \u00e7a ne marchera pas\u00bb<\/p>\n<p>Cependant, <strong>Angel Di Maria <\/strong>a coup\u00e9 court son ex-co\u00e9qupier au <strong>PSG <\/strong>en lui lan\u00e7ant qu&rsquo;il n&rsquo;avait pas la bonne mentalit\u00e9. \u00ab Il m\u2019a dit : \u00ab Oublie, regarde sa voiture, regarde comment il met sa chemise Dior \u00bb. Je lui ai r\u00e9pondu que \u00e7a n\u2019avait rien \u00e0 voir et il m\u2019a r\u00e9torqu\u00e9 \u00ab Crois-moi, tu verras \u00bb. Au final, il a eu raison (\u2026) La mentalit\u00e9 prend le pas sur le talent, et si le talent ne travaille pas, \u00e7a ne marchera pas. J&rsquo;ai jou\u00e9 avec Messi. Il travaillait tous les jours, il faisait attention \u00e0 son alimentation, il n&rsquo;avait pas un gramme de masse graisseuse en trop \u00bb. <strong>Kays Ruiz<\/strong>&#8211;<strong>Atil <\/strong>parviendra-t-il \u00e0 relancer sa carri\u00e8re chez les <strong>Francs Borains<\/strong> en 2\u00e8me division belge ? <\/p>\n","protected":false},"excerpt":{"rendered":"Thomas Bourseau &#8211; R\u00e9dacteur F\u00e9ru de sport, Thomas a grandi entre le ballon rond du football et le&hellip;\n","protected":false},"author":2,"featured_media":370252,"comment_status":"","ping_status":"","sticky":false,"template":"","format":"standard","meta":{"footnotes":""},"categories":[1410],"tags":[63,1011,27,60],"class_list":{"0":"post-370251","1":"post","2":"type-post","3":"status-publish","4":"format-standard","5":"has-post-thumbnail","7":"category-football","8":"tag-football","9":"tag-fr","10":"tag-france","11":"tag-sports"},"share_on_mastodon":{"url":"https:\/\/pubeurope.com\/@fr\/115156549906544417","error":""},"_links":{"self":[{"href":"https:\/\/www.europesays.com\/fr\/wp-json\/wp\/v2\/posts\/370251","targetHints":{"allow":["GET"]}}],"collection":[{"href":"https:\/\/www.europesays.com\/fr\/wp-json\/wp\/v2\/posts"}],"about":[{"href":"https:\/\/www.europesays.com\/fr\/wp-json\/wp\/v2\/types\/post"}],"author":[{"embeddable":true,"href":"https:\/\/www.europesays.com\/fr\/wp-json\/wp\/v2\/users\/2"}],"replies":[{"embeddable":true,"href":"https:\/\/www.europesays.com\/fr\/wp-json\/wp\/v2\/comments?post=370251"}],"version-history":[{"count":0,"href":"https:\/\/www.europesays.com\/fr\/wp-json\/wp\/v2\/posts\/370251\/revisions"}],"wp:featuredmedia":[{"embeddable":true,"href":"https:\/\/www.europesays.com\/fr\/wp-json\/wp\/v2\/media\/370252"}],"wp:attachment":[{"href":"https:\/\/www.europesays.com\/fr\/wp-json\/wp\/v2\/media?parent=370251"}],"wp:term":[{"taxonomy":"category","embeddable":true,"href":"https:\/\/www.europesays.com\/fr\/wp-json\/wp\/v2\/categories?post=370251"},{"taxonomy":"post_tag","embeddable":true,"href":"https:\/\/www.europesays.com\/fr\/wp-json\/wp\/v2\/tags?post=370251"}],"curies":[{"name":"wp","href":"https:\/\/api.w.org\/{rel}","templated":true}]}}