{"id":370257,"date":"2025-09-06T09:06:22","date_gmt":"2025-09-06T09:06:22","guid":{"rendered":"https:\/\/www.europesays.com\/fr\/370257\/"},"modified":"2025-09-06T09:06:22","modified_gmt":"2025-09-06T09:06:22","slug":"helene-frappat-anya-nousri-camille-bordas-liberation","status":"publish","type":"post","link":"https:\/\/www.europesays.com\/fr\/370257\/","title":{"rendered":"H\u00e9l\u00e8ne Frappat, Anya Nousri, Camille Bordas&#8230; \u2013 Lib\u00e9ration"},"content":{"rendered":"<p class=\"sc-cPiKLX AiZTS text-element\">Le boulet n\u2019est pas pass\u00e9 loin. Le personnage principal du roman d\u2019H\u00e9l\u00e8ne Frappat parle \u00e0 un moment de \u00abnos voisins les Fran\u00e7ais\u00bb. La dictature imagin\u00e9e par l\u2019autrice se d\u00e9roule donc ailleurs que dans l\u2019Hexagone, dans un pays europ\u00e9en de fiction. Patronne du parti FEU, celle qui se pr\u00e9nomme Nerona et se fait aussi appeler \u00able Prince\u00bb y a \u00e9tabli une tyrannie. H\u00e9l\u00e8ne Frappat fait couler un fleuve de mots, ceux de la femme au pouvoir, ceux de ses communicants et surtout ceux de sa s\u0153ur, Sibylle, qui telle une Pythie des temps anciens tente d\u2019alerter. Tout \u00e7a va mal se terminer. L\u2019hymne n\u00e9ronesque a d\u2019ailleurs des accents funestes : \u00abSi tout finit dans le feu, br\u00fblons ensemble ! \/Regarde, regarde la nuit o\u00f9 montent les flammes !\u00bb Nerona, satire politique, a \u00e9t\u00e9 con\u00e7ue comme une sitcom fasciste et l\u2019on navigue entre des r\u00e9f\u00e9rences \u00e0 l\u2019Antiquit\u00e9 et des emprunts contemporains. La vie priv\u00e9e du \u00abPrince\u00bb est volontiers expos\u00e9e, sous contr\u00f4le de ses services. Voici ces \u00abroyals\u00bb au temp\u00e9rament de feu : la grand-m\u00e8re amatrice de piments tremp\u00e9s dans le caf\u00e9, la m\u00e8re \u00e0 qui on doit tout, la s\u0153ur \u00e0 la langue bien pendue, la fillette indocile et le chien Choupinou. Il y a peu d\u2019hommes en vue dans cette dictature qui recycle tout \u00e0 son avantage, y compris le f\u00e9minisme. Comme jadis Catherine de M\u00e9dicis, Nerona gouverne \u00e9clair\u00e9e par les conseils d\u2019une astrologue et aussi sp\u00e9cialiste du tarot. Sa langue est brutale, orduri\u00e8re. Exemple : \u00abGreen Deal, mon cul. Rien  <\/p>\n","protected":false},"excerpt":{"rendered":"Le boulet n\u2019est pas pass\u00e9 loin. Le personnage principal du roman d\u2019H\u00e9l\u00e8ne Frappat parle \u00e0 un moment de&hellip;\n","protected":false},"author":2,"featured_media":370258,"comment_status":"","ping_status":"","sticky":false,"template":"","format":"standard","meta":{"footnotes":""},"categories":[1357],"tags":[1379,10488,58,59,1011,27,1380],"class_list":{"0":"post-370257","1":"post","2":"type-post","3":"status-publish","4":"format-standard","5":"has-post-thumbnail","7":"category-livres","8":"tag-books","9":"tag-cahier-livres","10":"tag-divertissement","11":"tag-entertainment","12":"tag-fr","13":"tag-france","14":"tag-livres"},"share_on_mastodon":{"url":"https:\/\/pubeurope.com\/@fr\/115156561960754289","error":""},"_links":{"self":[{"href":"https:\/\/www.europesays.com\/fr\/wp-json\/wp\/v2\/posts\/370257","targetHints":{"allow":["GET"]}}],"collection":[{"href":"https:\/\/www.europesays.com\/fr\/wp-json\/wp\/v2\/posts"}],"about":[{"href":"https:\/\/www.europesays.com\/fr\/wp-json\/wp\/v2\/types\/post"}],"author":[{"embeddable":true,"href":"https:\/\/www.europesays.com\/fr\/wp-json\/wp\/v2\/users\/2"}],"replies":[{"embeddable":true,"href":"https:\/\/www.europesays.com\/fr\/wp-json\/wp\/v2\/comments?post=370257"}],"version-history":[{"count":0,"href":"https:\/\/www.europesays.com\/fr\/wp-json\/wp\/v2\/posts\/370257\/revisions"}],"wp:featuredmedia":[{"embeddable":true,"href":"https:\/\/www.europesays.com\/fr\/wp-json\/wp\/v2\/media\/370258"}],"wp:attachment":[{"href":"https:\/\/www.europesays.com\/fr\/wp-json\/wp\/v2\/media?parent=370257"}],"wp:term":[{"taxonomy":"category","embeddable":true,"href":"https:\/\/www.europesays.com\/fr\/wp-json\/wp\/v2\/categories?post=370257"},{"taxonomy":"post_tag","embeddable":true,"href":"https:\/\/www.europesays.com\/fr\/wp-json\/wp\/v2\/tags?post=370257"}],"curies":[{"name":"wp","href":"https:\/\/api.w.org\/{rel}","templated":true}]}}