{"id":370269,"date":"2025-09-06T09:12:12","date_gmt":"2025-09-06T09:12:12","guid":{"rendered":"https:\/\/www.europesays.com\/fr\/370269\/"},"modified":"2025-09-06T09:12:12","modified_gmt":"2025-09-06T09:12:12","slug":"les-5-romans-de-la-rentree-litteraire-a-cote-desquels-on-vous-conseille-de-ne-pas-passer","status":"publish","type":"post","link":"https:\/\/www.europesays.com\/fr\/370269\/","title":{"rendered":"Les 5 romans de la rentr\u00e9e litt\u00e9raire \u00e0 c\u00f4t\u00e9 desquels on vous conseille de ne pas passer"},"content":{"rendered":"<p>        <img decoding=\"async\" loading=\"lazy\" src=\"https:\/\/www.europesays.com\/fr\/wp-content\/uploads\/2025\/09\/c7a89fe_upload-1-gdmpp8g0s8lf-afp-20250517-2215526514-v1-highres-lapetitedernierephotocallthe78thann.jpeg\"  width=\"728\" height=\"409\" alt=\"Fatima Daas, ici au mois de mai 2025, \u00e0 Cannes.\"\/>  <\/p>\n<p>PASCAL LE SEGRETAIN \/ Getty Images via AFP<\/p>\n<p>Fatima Daas, ici au mois de mai 2025, \u00e0 Cannes.<\/p>\n<p class=\"asset asset-text\">LITT\u00c9RATURE &#8211; 484. C\u2019est le nombre de nouveaut\u00e9s publi\u00e9es par les maisons d\u2019\u00e9ditions fran\u00e7aises entre les mois <a href=\"https:\/\/www.huffingtonpost.fr\/france\/video\/ce-qui-change-au-1er-aout-2025-epargne-compteur-linky-tva-clx1_253077.html#:~:text=2025%2006%3A11-,Ce%20qui%20change%20au%201er%20ao%C3%BBt%202025%20%3A%20%C3%A9pargne%2C%20compteur%20Linky,d&#039;%C3%A9pargne%20sont%20%C3%A0%20pr%C3%A9voir.&amp;text=La%20lecture%20de%20ce%20contenu,op%C3%A9rateur%20tiers%20qui%20l&#039;h%C3%A9berge.\" target=\"_blank\" rel=\"noopener\">d\u2019ao\u00fbt<\/a> et octobre de cette ann\u00e9e dans le cadre de la <a href=\"https:\/\/www.huffingtonpost.fr\/culture\/article\/rentree-litteraire-2024-les-superstars-de-la-litterature-et-auteurs-attendus-dominent-les-sorties_238025.html\" target=\"_blank\" rel=\"noopener\">rentr\u00e9e litt\u00e9raire<\/a> 2025, selon Livres Hebdo. Oui, \u00e7a fait beaucoup, vraiment beaucoup de <a href=\"https:\/\/www.huffingtonpost.fr\/culture\/article\/funny-story-book-lovers-les-livres-d-emily-henry-seront-sur-toutes-les-serviettes-de-plage-cet-ete_253184.html\" target=\"_blank\" rel=\"noopener\">romans<\/a> \u00e0 d\u00e9vorer. Pour mieux vous aider \u00e0 trouver la p\u00e9pite, Le HuffPost a fait le tri.<\/p>\n<p class=\"asset asset-text\">On vous a d\u00e9j\u00e0 parl\u00e9 du petit dernier d\u2019Am\u00e9lie Nothomb (<a href=\"https:\/\/www.huffingtonpost.fr\/culture\/article\/amelie-nothomb-n-est-pas-la-seule-a-s-attaquer-a-sa-mere-dans-cette-rentree-litteraire_253324.html\" target=\"_blank\" rel=\"noopener\">Tant mieux<\/a>, Albin Michel), son hommage tendre et \u00e9mouvant \u00e0 sa m\u00e8re. Idem pour <a href=\"https:\/\/www.huffingtonpost.fr\/culture\/article\/avec-les-ombres-du-monde-michel-bussi-met-la-france-face-a-ses-contradictions-au-rwanda_253124.html\" target=\"_blank\" rel=\"noopener\">Les ombres du monde<\/a> (Presses de la Cit\u00e9), la fiction historique sur fond de g\u00e9nocide au Rwanda par Michel Bussi. Place d\u00e9sormais \u00e0 cinq autres coups de c\u0153ur \u00e0 c\u00f4t\u00e9 desquels vous auriez tort de passer.<\/p>\n<p>       1. Kolkhoze d\u2019Emmanuel Carr\u00e8re    <\/p>\n<p class=\"asset asset-text\">Chaque nouveau roman d\u2019Emmanuel Carr\u00e8re est un \u00e9v\u00e9nement. Et Kolkhoze, paru aux \u00e9ditions P.O.L., n\u2019y d\u00e9roge pas. Trois ans apr\u00e8s son r\u00e9cit des proc\u00e8s du 13\u00a0novembre dans V13, l\u2019auteur de Yoga revient, ici, avec un texte autobiographique autour de sa m\u00e8re, l\u2019historienne H\u00e9l\u00e8ne Carr\u00e8re\u00a0d\u2019Encausse, dont il retrace la vie pour mieux explorer l\u2019histoire de sa famille sur plusieurs g\u00e9n\u00e9rations. Une fresque introspective, douce et triste, entre l\u2019Ukraine et la France, pour laquelle l\u2019\u00e9crivain concourt au prix Goncourt 2025.<\/p>\n<p>    2. Toutes les vies de Rebeka Warrior    <\/p>\n<p class=\"asset asset-text\">On la savait faiseuse de tubes et star des groupes Sexy Sushi, Mansfield. TYA et Kompromat. Voil\u00e0 qu\u2019il faut d\u00e9sormais ajouter \u00e0 l\u2019arc de Rebeka Warrior une corde suppl\u00e9mentaire\u00a0: celle d\u2019\u00e9crivaine. L\u2019artiste de 47\u00a0ans a fait de son t\u00e9moignage sur la perte de sa compagne (d\u00e9c\u00e9d\u00e9e des suites d\u2019un cancer \u00e0 36\u00a0ans) un premier roman cathartique, o\u00f9 s\u2019entrem\u00ealent une histoire d\u2019amour et la question du deuil impossible. \u00c0 lire aux \u00e9ditions Stock.<\/p>\n<p>                     3. La maison vide de Laurent Mauvignier    <\/p>\n<p class=\"asset asset-text\">Avec La maison vide, Laurent Mauvignier fait son retour. Son histoire, c\u2019est celle d\u2019un souvenir\u00a0de l\u2019auteur\u00a0: celui \u00e0 9\u00a0ans de la r\u00e9ouverture de la maison familiale. Photos d\u00e9coup\u00e9es, documents d\u2019identit\u00e9\u2026 La vieille b\u00e2tisse de ses arri\u00e8res-arri\u00e8res-grands parents regorge de tr\u00e9sors en tous genres, une mati\u00e8re in\u00e9puisable dont l\u2019auteur s\u2019est servi pour b\u00e2tir ce r\u00e9cit familial qu\u2019il a mis presque une trentaine d\u2019ann\u00e9es \u00e0 \u00e9crire.<\/p>\n<p>    4. Jouer le jeu de Fatima Daas    <\/p>\n<p class=\"asset asset-text\">Fini le \u00ab\u00a0je\u00a0\u00bb. Fatima Daas nous entra\u00eene dans son \u00ab\u00a0jeu\u00a0\u00bb. Lequel\u00a0? Celui du m\u00e9rite. Alors que sort prochainement l\u2019adaptation au cin\u00e9ma de son premier roman \u00e0 succ\u00e8s La petite derni\u00e8re, l\u2019\u00e9crivaine de 30\u00a0ans signe, ici, un r\u00e9cit d\u2019apprentissage \u00e0 rebours. Son h\u00e9ro\u00efne, Kayden, est une ado brillante, pouss\u00e9e par sa prof \u00e0 faire de grandes \u00e9tudes, \u00e0 l\u2019\u00e9lever de son milieu. Mais pourquoi cherche-t-on toujours \u00e0 la mettre elle, et ses amis, dans une case\u00a0?<\/p>\n<p>    5. La nuit au c\u0153ur de Nathacha Appanah    <\/p>\n<p class=\"asset asset-text\">Un livre, trois r\u00e9cits. Il y a celui de Chahinez Daoud et de sa cousine Emma, deux femmes tu\u00e9es par leurs conjoints respectifs. Et puis un troisi\u00e8me, le sien. Dans La nuit au c\u0153ur, son douzi\u00e8me roman, Nathacha Appanah livre une enqu\u00eate intime sur la question du f\u00e9minicide conjugal, qu\u2019elle relie \u00e0 l\u2019emprise dont elle a \u00e9t\u00e9 elle-m\u00eame victime dans sa jeunesse. Un t\u00e9moignage rare de l\u2019autrice, en lice pour le prix Goncourt 2025.<\/p>\n","protected":false},"excerpt":{"rendered":"PASCAL LE SEGRETAIN \/ Getty Images via AFP Fatima Daas, ici au mois de mai 2025, \u00e0 Cannes.&hellip;\n","protected":false},"author":2,"featured_media":370270,"comment_status":"","ping_status":"","sticky":false,"template":"","format":"standard","meta":{"footnotes":""},"categories":[8],"tags":[251,58,59,1011,27,1351,2003,37338],"class_list":{"0":"post-370269","1":"post","2":"type-post","3":"status-publish","4":"format-standard","5":"has-post-thumbnail","7":"category-divertissement","8":"tag-culture","9":"tag-divertissement","10":"tag-entertainment","11":"tag-fr","12":"tag-france","13":"tag-litterature","14":"tag-livre","15":"tag-rentree-litteraire"},"share_on_mastodon":{"url":"https:\/\/pubeurope.com\/@fr\/115156585417725624","error":""},"_links":{"self":[{"href":"https:\/\/www.europesays.com\/fr\/wp-json\/wp\/v2\/posts\/370269","targetHints":{"allow":["GET"]}}],"collection":[{"href":"https:\/\/www.europesays.com\/fr\/wp-json\/wp\/v2\/posts"}],"about":[{"href":"https:\/\/www.europesays.com\/fr\/wp-json\/wp\/v2\/types\/post"}],"author":[{"embeddable":true,"href":"https:\/\/www.europesays.com\/fr\/wp-json\/wp\/v2\/users\/2"}],"replies":[{"embeddable":true,"href":"https:\/\/www.europesays.com\/fr\/wp-json\/wp\/v2\/comments?post=370269"}],"version-history":[{"count":0,"href":"https:\/\/www.europesays.com\/fr\/wp-json\/wp\/v2\/posts\/370269\/revisions"}],"wp:featuredmedia":[{"embeddable":true,"href":"https:\/\/www.europesays.com\/fr\/wp-json\/wp\/v2\/media\/370270"}],"wp:attachment":[{"href":"https:\/\/www.europesays.com\/fr\/wp-json\/wp\/v2\/media?parent=370269"}],"wp:term":[{"taxonomy":"category","embeddable":true,"href":"https:\/\/www.europesays.com\/fr\/wp-json\/wp\/v2\/categories?post=370269"},{"taxonomy":"post_tag","embeddable":true,"href":"https:\/\/www.europesays.com\/fr\/wp-json\/wp\/v2\/tags?post=370269"}],"curies":[{"name":"wp","href":"https:\/\/api.w.org\/{rel}","templated":true}]}}