{"id":370275,"date":"2025-09-06T09:15:12","date_gmt":"2025-09-06T09:15:12","guid":{"rendered":"https:\/\/www.europesays.com\/fr\/370275\/"},"modified":"2025-09-06T09:15:12","modified_gmt":"2025-09-06T09:15:12","slug":"sa-planche-a-ete-coupee-en-deux-un-surfeur-tue-par-un-grand-requin-plusieurs-plages-fermees","status":"publish","type":"post","link":"https:\/\/www.europesays.com\/fr\/370275\/","title":{"rendered":"Sa planche a \u00e9t\u00e9 coup\u00e9e en deux\u00a0: un surfeur tu\u00e9 par \u00ab\u00a0un grand requin\u00a0\u00bb, plusieurs plages ferm\u00e9es"},"content":{"rendered":"<p>\n                                                                Un surfeur a tragiquement perdu la vie lors d\u2019une attaque de requin \u00e0 Sydney, suscitant l\u2019inqui\u00e9tude sur la s\u00e9curit\u00e9 des plages.\n                            <\/p>\n<p>Un surfeur a \u00e9t\u00e9 tu\u00e9 ce samedi 6\u00a0septembre au large d\u2019une plage populaire de Sydney en Australie. L\u2019homme \u00e9tait en train de surfer \u00e0 environ 100 m\u00e8tres du bord, entre les plages de Long Reef et Dee Why dans le nord de l\u2019agglom\u00e9ration, lorsque l\u2019attaque est survenue. L\u2019homme a \u00e9t\u00e9 sorti de l\u2019eau par\u00a0\u00ab\u00a0quatre ou cinq surfeurs\u00a0\u00bb, mais il n\u2019a pas pu \u00eatre sauv\u00e9 \u00e0 l\u2019arriv\u00e9e des secours.<\/p>\n<p>Plusieurs plages ont \u00e9t\u00e9 ferm\u00e9es pour une dur\u00e9e de 48 \u00e0 72\u00a0heures. Le surfeur\u00a0est mort\u00a0\u00ab\u00a0apr\u00e8s avoir \u00e9t\u00e9 mordu par ce qui semble \u00eatre un grand requin\u00a0\u00bb, a indiqu\u00e9 la police, pr\u00e9cisant que deux morceaux d\u2019une planche de surf ont \u00e9t\u00e9 r\u00e9cup\u00e9r\u00e9s pour \u00eatre soumis \u00e0 une expertise m\u00e9dico-l\u00e9gale, rapporte la cha\u00eene <a href=\"https:\/\/la1ere.franceinfo.fr\/nouvellecaledonie\/un-surfeur-tue-par-un-grand-requin-a-sydney-1620251.html\" target=\"_self\" rel=\"nofollow noopener\">la 1re de FranceInfo<\/a>. \u00ab\u00a0Une grande partie de son bas du corps avait \u00e9t\u00e9 attaqu\u00e9e\u00a0\u00bb, a d\u00e9clar\u00e9 un t\u00e9moin au Daily Telegraph.<\/p>\n","protected":false},"excerpt":{"rendered":"Un surfeur a tragiquement perdu la vie lors d\u2019une attaque de requin \u00e0 Sydney, suscitant l\u2019inqui\u00e9tude sur la&hellip;\n","protected":false},"author":2,"featured_media":370276,"comment_status":"","ping_status":"","sticky":false,"template":"","format":"standard","meta":{"footnotes":""},"categories":[5],"tags":[11,1011,27,14,12,28],"class_list":{"0":"post-370275","1":"post","2":"type-post","3":"status-publish","4":"format-standard","5":"has-post-thumbnail","7":"category-international","8":"tag-actualites","9":"tag-fr","10":"tag-france","11":"tag-international","12":"tag-news","13":"tag-world"},"share_on_mastodon":{"url":"https:\/\/pubeurope.com\/@fr\/115156597226839150","error":""},"_links":{"self":[{"href":"https:\/\/www.europesays.com\/fr\/wp-json\/wp\/v2\/posts\/370275","targetHints":{"allow":["GET"]}}],"collection":[{"href":"https:\/\/www.europesays.com\/fr\/wp-json\/wp\/v2\/posts"}],"about":[{"href":"https:\/\/www.europesays.com\/fr\/wp-json\/wp\/v2\/types\/post"}],"author":[{"embeddable":true,"href":"https:\/\/www.europesays.com\/fr\/wp-json\/wp\/v2\/users\/2"}],"replies":[{"embeddable":true,"href":"https:\/\/www.europesays.com\/fr\/wp-json\/wp\/v2\/comments?post=370275"}],"version-history":[{"count":0,"href":"https:\/\/www.europesays.com\/fr\/wp-json\/wp\/v2\/posts\/370275\/revisions"}],"wp:featuredmedia":[{"embeddable":true,"href":"https:\/\/www.europesays.com\/fr\/wp-json\/wp\/v2\/media\/370276"}],"wp:attachment":[{"href":"https:\/\/www.europesays.com\/fr\/wp-json\/wp\/v2\/media?parent=370275"}],"wp:term":[{"taxonomy":"category","embeddable":true,"href":"https:\/\/www.europesays.com\/fr\/wp-json\/wp\/v2\/categories?post=370275"},{"taxonomy":"post_tag","embeddable":true,"href":"https:\/\/www.europesays.com\/fr\/wp-json\/wp\/v2\/tags?post=370275"}],"curies":[{"name":"wp","href":"https:\/\/api.w.org\/{rel}","templated":true}]}}