{"id":370277,"date":"2025-09-06T09:16:11","date_gmt":"2025-09-06T09:16:11","guid":{"rendered":"https:\/\/www.europesays.com\/fr\/370277\/"},"modified":"2025-09-06T09:16:11","modified_gmt":"2025-09-06T09:16:11","slug":"giulia-fois-denonce-la-violence-et-la-mise-au-pas-politique-de-france-inter-liberation","status":"publish","type":"post","link":"https:\/\/www.europesays.com\/fr\/370277\/","title":{"rendered":"Giulia Fo\u00efs d\u00e9nonce la violence et la mise au pas politique de France Inter \u2013 Lib\u00e9ration"},"content":{"rendered":"<p class=\"sc-cPiKLX AiZTS text-element\">Pendant que ses anciens petits camarades de Radio France faisaient leur rentr\u00e9e ces derniers jours, <a href=\"https:\/\/www.liberation.fr\/france\/2020\/03\/11\/du-genre-combattante_1781321\/\" target=\"_blank\" rel=\"noopener\" title=\"https:\/\/www.liberation.fr\/france\/2020\/03\/11\/du-genre-combattante_1781321\/\">Giulia Fo\u00efs<\/a>, elle, saisissait les prud\u2019hommes. \u00abJ\u2019ai \u00e9t\u00e9 \u00e9cart\u00e9e de l\u2019antenne sans motif\u00bb, explique ainsi \u00e0 Lib\u00e9ration la journaliste et productrice, qui travaillait pour la radio publique depuis vingt-cinq ans. L\u2019audience au Conseil des prud\u2019hommes de Paris aura lieu le 12 novembre. Elle conteste ainsi le sort que <a href=\"https:\/\/www.liberation.fr\/tags\/france-inter\/\" target=\"_blank\" rel=\"noreferrer noopener\" title=\"https:\/\/www.liberation.fr\/tags\/france-inter\/\">France Inter<\/a> et sa directrice, Ad\u00e8le Van Reeth, lui ont r\u00e9serv\u00e9, \u00e0 savoir la fin de son \u00e9mission En marge, d\u00e9cid\u00e9e au printemps. Une \u00e9mission d\u2019entretiens avec des invit\u00e9s qui questionnent les normes de la soci\u00e9t\u00e9 et ses injonctions et qu\u2019elle animait depuis 2022. Elle faisait suite \u00e0 deux programmes sur les questions de genre depuis 2019, Pas son genre, puis Unique en son genre. <\/p>\n<p class=\"sc-cPiKLX AiZTS text-element\">Selon Giulia Fo\u00efs, la disparition d\u2019En marge et son non-reclassement \u00e0 l\u2019antenne s\u2019inscrivent dans un mouvement \u00e9ditorial plus large qui serait \u00e0 l\u2019\u0153uvre \u00e0 France Inter, visant toutes les th\u00e9matiques progressistes (\u00e9cologie, f\u00e9minisme, genre, diversit\u00e9\u2026), et les voix potentiellement critiques, comme l\u2019humour pol <\/p>\n","protected":false},"excerpt":{"rendered":"Pendant que ses anciens petits camarades de Radio France faisaient leur rentr\u00e9e ces derniers jours, Giulia Fo\u00efs, elle,&hellip;\n","protected":false},"author":2,"featured_media":370278,"comment_status":"","ping_status":"","sticky":false,"template":"","format":"standard","meta":{"footnotes":""},"categories":[4],"tags":[11,1011,27,9102,12,10316,25],"class_list":{"0":"post-370277","1":"post","2":"type-post","3":"status-publish","4":"format-standard","5":"has-post-thumbnail","7":"category-france","8":"tag-actualites","9":"tag-fr","10":"tag-france","11":"tag-france-inter","12":"tag-news","13":"tag-radio-france","14":"tag-republique-francaise"},"share_on_mastodon":{"url":"https:\/\/pubeurope.com\/@fr\/115156601059467280","error":""},"_links":{"self":[{"href":"https:\/\/www.europesays.com\/fr\/wp-json\/wp\/v2\/posts\/370277","targetHints":{"allow":["GET"]}}],"collection":[{"href":"https:\/\/www.europesays.com\/fr\/wp-json\/wp\/v2\/posts"}],"about":[{"href":"https:\/\/www.europesays.com\/fr\/wp-json\/wp\/v2\/types\/post"}],"author":[{"embeddable":true,"href":"https:\/\/www.europesays.com\/fr\/wp-json\/wp\/v2\/users\/2"}],"replies":[{"embeddable":true,"href":"https:\/\/www.europesays.com\/fr\/wp-json\/wp\/v2\/comments?post=370277"}],"version-history":[{"count":0,"href":"https:\/\/www.europesays.com\/fr\/wp-json\/wp\/v2\/posts\/370277\/revisions"}],"wp:featuredmedia":[{"embeddable":true,"href":"https:\/\/www.europesays.com\/fr\/wp-json\/wp\/v2\/media\/370278"}],"wp:attachment":[{"href":"https:\/\/www.europesays.com\/fr\/wp-json\/wp\/v2\/media?parent=370277"}],"wp:term":[{"taxonomy":"category","embeddable":true,"href":"https:\/\/www.europesays.com\/fr\/wp-json\/wp\/v2\/categories?post=370277"},{"taxonomy":"post_tag","embeddable":true,"href":"https:\/\/www.europesays.com\/fr\/wp-json\/wp\/v2\/tags?post=370277"}],"curies":[{"name":"wp","href":"https:\/\/api.w.org\/{rel}","templated":true}]}}