{"id":370281,"date":"2025-09-06T09:18:11","date_gmt":"2025-09-06T09:18:11","guid":{"rendered":"https:\/\/www.europesays.com\/fr\/370281\/"},"modified":"2025-09-06T09:18:11","modified_gmt":"2025-09-06T09:18:11","slug":"collision-sur-la-rd108-un-cycliste-grievement-blesse","status":"publish","type":"post","link":"https:\/\/www.europesays.com\/fr\/370281\/","title":{"rendered":"Collision sur la RD108 : un cycliste gri\u00e8vement bless\u00e9"},"content":{"rendered":"<p>Un homme de 56 ans h\u00e9liport\u00e9 en urgence \u00e0 l\u2019h\u00f4pital Nord apr\u00e8s un accident impliquant un automobiliste de 90 ans<\/p>\n<p>Ce vendredi peu apr\u00e8s 13 heures, un grave accident de la route s\u2019est produit sur la RD108, axe fr\u00e9quent\u00e9 reliant Craintilleux \u00e0 Saint-Cyprien, dans la plaine du Forez. <strong>Un cycliste de 56 ans<\/strong> a \u00e9t\u00e9 violemment percut\u00e9 par une voiture, entra\u00eenant une intervention rapide des secours. Une dizaine de sapeurs-pompiers se sont mobilis\u00e9s pour prendre en charge la victime, gri\u00e8vement bless\u00e9e. L\u2019homme a re\u00e7u les premiers soins sur place avant d\u2019\u00eatre h\u00e9liport\u00e9 en \u00ab\u00a0urgence absolue\u00a0\u00bb par h\u00e9licopt\u00e8re vers l\u2019h\u00f4pital Nord, \u00e0 Saint-\u00c9tienne.<\/p>\n<p><strong>Le conducteur de 90 ans pris en charge psychologiquement<\/strong><\/p>\n<p>Le conducteur du v\u00e9hicule, <strong>un homme \u00e2g\u00e9 de 90 ans,<\/strong> est sorti physiquement indemne de la collision. Toutefois, fortement choqu\u00e9, il a \u00e9t\u00e9 imm\u00e9diatement pris en charge par une cellule de soutien psychologique sur les lieux de l\u2019accident.<\/p>\n<p>ZF<\/p>\n<p>Photo : illustration\u00a0<\/p>\n","protected":false},"excerpt":{"rendered":"Un homme de 56 ans h\u00e9liport\u00e9 en urgence \u00e0 l\u2019h\u00f4pital Nord apr\u00e8s un accident impliquant un automobiliste de&hellip;\n","protected":false},"author":2,"featured_media":370282,"comment_status":"","ping_status":"","sticky":false,"template":"","format":"standard","meta":{"footnotes":""},"categories":[9653],"tags":[1111,11,2430,1777,674,1011,27,12,25,4001],"class_list":{"0":"post-370281","1":"post","2":"type-post","3":"status-publish","4":"format-standard","5":"has-post-thumbnail","7":"category-saint-etienne","8":"tag-actu","9":"tag-actualites","10":"tag-auvergne-rhone-alpes","11":"tag-eu","12":"tag-europe","13":"tag-fr","14":"tag-france","15":"tag-news","16":"tag-republique-francaise","17":"tag-saint-etienne"},"share_on_mastodon":{"url":"https:\/\/pubeurope.com\/@fr\/115156608866857481","error":""},"_links":{"self":[{"href":"https:\/\/www.europesays.com\/fr\/wp-json\/wp\/v2\/posts\/370281","targetHints":{"allow":["GET"]}}],"collection":[{"href":"https:\/\/www.europesays.com\/fr\/wp-json\/wp\/v2\/posts"}],"about":[{"href":"https:\/\/www.europesays.com\/fr\/wp-json\/wp\/v2\/types\/post"}],"author":[{"embeddable":true,"href":"https:\/\/www.europesays.com\/fr\/wp-json\/wp\/v2\/users\/2"}],"replies":[{"embeddable":true,"href":"https:\/\/www.europesays.com\/fr\/wp-json\/wp\/v2\/comments?post=370281"}],"version-history":[{"count":0,"href":"https:\/\/www.europesays.com\/fr\/wp-json\/wp\/v2\/posts\/370281\/revisions"}],"wp:featuredmedia":[{"embeddable":true,"href":"https:\/\/www.europesays.com\/fr\/wp-json\/wp\/v2\/media\/370282"}],"wp:attachment":[{"href":"https:\/\/www.europesays.com\/fr\/wp-json\/wp\/v2\/media?parent=370281"}],"wp:term":[{"taxonomy":"category","embeddable":true,"href":"https:\/\/www.europesays.com\/fr\/wp-json\/wp\/v2\/categories?post=370281"},{"taxonomy":"post_tag","embeddable":true,"href":"https:\/\/www.europesays.com\/fr\/wp-json\/wp\/v2\/tags?post=370281"}],"curies":[{"name":"wp","href":"https:\/\/api.w.org\/{rel}","templated":true}]}}