{"id":370289,"date":"2025-09-06T09:23:13","date_gmt":"2025-09-06T09:23:13","guid":{"rendered":"https:\/\/www.europesays.com\/fr\/370289\/"},"modified":"2025-09-06T09:23:13","modified_gmt":"2025-09-06T09:23:13","slug":"nimes-olympique-a-toulon-attention-aux-mauvaises-rencontres","status":"publish","type":"post","link":"https:\/\/www.europesays.com\/fr\/370289\/","title":{"rendered":"N\u00eemes Olympique \u00e0 Toulon, attention aux mauvaises rencontres"},"content":{"rendered":"<p>\n                                                                National 2 \/ 4e journ\u00e9e. Au stade de Bon Rencontre, ce samedi 6\u00a0septembre<br \/>\u00e0 Toulon, les N\u00eemois passent un nouveau test. Apr\u00e8s l\u2019\u00e9chec \u00e0 Rumilly et la r\u00e9ussite de Fr\u00e9jus, ils doivent prouver qu\u2019ils peuvent bien voyager.\n                            <\/p>\n<p>D\u00e9pass\u00e9s \u00e0 Rumilly (1-3), d\u00e9cha\u00een\u00e9s contre Fr\u00e9jus-Saint-Rapha\u00ebl (3-0). Un match d\u00e9f\u00e9rence en Haute-Savoie, un match r\u00e9f\u00e9rence un samedi plus tard dans le Gard. Les Crocos sont pass\u00e9s de rien \u00e0 tout en une semaine, et on se demande bien ce que \u00e7a va donner \u00e0 Toulon, loin des Antonins. C\u2019est un bel endroit, une place historique du football fran\u00e7ais, hostile juste ce qu\u2019il faut, pour une premi\u00e8re conqu\u00eate \u00e0 l\u2019ext\u00e9rieur.<\/p>\n<p>Le physique\u2026<\/p>\n<p>\u00c0 les observer, \u00e0 les \u00e9couter, les N\u00eemois s\u2019avancent dans le Var avec quelques arguments. Avec sept semaines d\u2019entra\u00eenement, d\u00e9j\u00e0, soit la dur\u00e9e d\u2019une bonne pr\u00e9paration, retard rattrap\u00e9.<\/p>\n<p>\u00ab\u00a0On est en train de monter en puissance physiquement, assure l\u2019entra\u00eeneur Micka\u00ebl Gas. Je nous ai trouv\u00e9s beaucoup mieux contre Fr\u00e9jus par rapport \u00e0 Rumilly. J\u2019ai fait expr\u00e8s de faire peu de changements pour tester les titulaires, voir s\u2019ils \u00e9taient capables de tenir en maintenant leurs efforts.\u00a0\u00bb\u00a0Test concluant. \u00ab\u00a0\u00c0 la 70e minute \u00e0 Rumilly, on tirait la langue. L\u00e0, on \u00e9tait encore bien\u00a0\u00bb, confirme Depres, son capitaine.<\/p>\n<p>\u2026 et le contenu<\/p>\n<p>Autre argument, la confiance n\u00e9e d\u2019un succ\u00e8s \u00e9clatant contre le leader invaincu d\u2019apr\u00e8s 2 journ\u00e9es et pr\u00e9tendant \u00e0 la mont\u00e9e. \u00ab\u00a0En plus, il y a eu le contenu, appels, contre-appels, du mouvement\u2026 et c\u2019est toujours plus facile de gagner des matches quand il y a le contenu\u00a0\u00bb, appr\u00e9cie le coach.<\/p>\n<p>\u00ab\u00a0Rumilly, c\u2019\u00e9tait un match \u00e0 oublier, on est pass\u00e9 \u00e0 c\u00f4t\u00e9, il fallait vite passer \u00e0 autre chose, explique Khasa, premier but en match officiel depuis d\u00e9cembre\u00a02024 au Bangladesh. On sait que \u00e7a ne va pas \u00eatre facile, qu\u2019on est une \u00e9quipe totalement recompos\u00e9e, mais ce que l\u2019on propose en ce d\u00e9but de saison, c\u2019est plut\u00f4t encourageant\u00a0! On est r\u00e9aliste, on ne s\u2019enflamme pas, c\u2019est un championnat difficile, mais on ne va pas se laisser faire. Je pense que l\u2019on est capable de reproduire le m\u00eame genre de prestation \u00e0 l\u2019ext\u00e9rieur. On a l\u2019ambition de le faire.\u00a0\u00bb<\/p>\n<p>Une \u00e9quipe \u00e0 l\u2019abri de rien mais capable de tout<\/p>\n<p>Le directeur sportif Anthony Dupr\u00e9, l\u2019homme qui a recrut\u00e9 20 joueurs en 26 jours, est lui aussi ambitieux. Il avait fix\u00e9 \u00ab\u00a0entre 8 et 10 points\u00a0\u00bb\u00a0\u00e0 son groupe apr\u00e8s 5 journ\u00e9es. En cas de succ\u00e8s au stade de Bon Rencontre, l\u2019objectif serait atteint avec un match d\u2019avance.<\/p>\n<p>\u00ab\u00a0Deux victoires en trois journ\u00e9es, on aurait sign\u00e9, assure Gas. Avoir neuf points en quatre, ce serait magnifique.\u00a0\u00bb Et inesp\u00e9r\u00e9, pour une \u00e9quipe qui n\u2019est \u00e0 l\u2019abri de rien, mais qui semble capable de tout. Dans cette poule C de N2 baptis\u00e9e \u201cgroupe de la mort\u201d, reste \u00e0 \u00e9viter les mauvaises rencontres \u00e0 l\u2019ext\u00e9rieur.<\/p>\n<p>    Les coulisses des Crocos<\/p>\n<p><strong>L\u2019EQUIPE<\/strong>\u00a0Salamone \u2013 Diallo, Loubacky, C\u00e9lestin, Dram\u00e9, Doucour\u00e9 \u2013 Pires, Benhamza, Orinel \u2013 Khasa, Depres (cap).<\/p>\n<p>Rempla\u00e7ants\u00a0: Colombani (g.), Caoki, Ribotta ou Lebas, Kubota, Bennour.<\/p>\n<p>Absents\u00a0: Sarr (suspendu), Okyere, Diaby (bless\u00e9s), Alberto (malade), Colombani (g.), Zampa, Kalczynski (choix).<\/p>\n<p><strong>L\u2019ADVERSAIRE<\/strong> Toulon a fini 3e la saison pass\u00e9e, derri\u00e8re le promu Le Puy et Cannes, et avec le meilleur buteur dans ses rangs\u00a0: Abdoulaye Diallo (33 ans, 1,92\u00a0m), 23 r\u00e9alisations en 30 matches et d\u00e9j\u00e0 2 en 3 journ\u00e9es cet \u00e9t\u00e9.<\/p>\n<p>Il est associ\u00e9 devant \u00e0 Diawoye Diarra, qui a flamb\u00e9 en National avec Marignane en 2024-2025 (15 buts). Le Sporting, avec Beneddine, a\u00a0bien d\u00e9but\u00e9 avec un nul 1-1 \u00e0 Bobigny et un succ\u00e8s 2-0 contre Grasse, mais a sombr\u00e9 \u00e0 Cr\u00e9teil (1-5) samedi dernier.<\/p>\n<p><strong>L\u2019ARBITRE <\/strong>Tawbane Kani. Coup d\u2019envoi 18\u00a0heures.<\/p>\n<p><strong>LES SUPPORTERS<\/strong> 150 supporters n\u00eemois sont attendus \u00e0Toulon. Info pratique\u00a0: attention, le parking du stade est en travaux.<\/p>\n","protected":false},"excerpt":{"rendered":"National 2 \/ 4e journ\u00e9e. Au stade de Bon Rencontre, ce samedi 6\u00a0septembre\u00e0 Toulon, les N\u00eemois passent un&hellip;\n","protected":false},"author":2,"featured_media":370290,"comment_status":"","ping_status":"","sticky":false,"template":"","format":"standard","meta":{"footnotes":""},"categories":[9619],"tags":[1111,11,1777,674,1011,27,12,882,25,2310],"class_list":{"0":"post-370289","1":"post","2":"type-post","3":"status-publish","4":"format-standard","5":"has-post-thumbnail","7":"category-toulon","8":"tag-actu","9":"tag-actualites","10":"tag-eu","11":"tag-europe","12":"tag-fr","13":"tag-france","14":"tag-news","15":"tag-provence-alpes-cote-dazur","16":"tag-republique-francaise","17":"tag-toulon"},"share_on_mastodon":{"url":"https:\/\/pubeurope.com\/@fr\/115156628568483017","error":""},"_links":{"self":[{"href":"https:\/\/www.europesays.com\/fr\/wp-json\/wp\/v2\/posts\/370289","targetHints":{"allow":["GET"]}}],"collection":[{"href":"https:\/\/www.europesays.com\/fr\/wp-json\/wp\/v2\/posts"}],"about":[{"href":"https:\/\/www.europesays.com\/fr\/wp-json\/wp\/v2\/types\/post"}],"author":[{"embeddable":true,"href":"https:\/\/www.europesays.com\/fr\/wp-json\/wp\/v2\/users\/2"}],"replies":[{"embeddable":true,"href":"https:\/\/www.europesays.com\/fr\/wp-json\/wp\/v2\/comments?post=370289"}],"version-history":[{"count":0,"href":"https:\/\/www.europesays.com\/fr\/wp-json\/wp\/v2\/posts\/370289\/revisions"}],"wp:featuredmedia":[{"embeddable":true,"href":"https:\/\/www.europesays.com\/fr\/wp-json\/wp\/v2\/media\/370290"}],"wp:attachment":[{"href":"https:\/\/www.europesays.com\/fr\/wp-json\/wp\/v2\/media?parent=370289"}],"wp:term":[{"taxonomy":"category","embeddable":true,"href":"https:\/\/www.europesays.com\/fr\/wp-json\/wp\/v2\/categories?post=370289"},{"taxonomy":"post_tag","embeddable":true,"href":"https:\/\/www.europesays.com\/fr\/wp-json\/wp\/v2\/tags?post=370289"}],"curies":[{"name":"wp","href":"https:\/\/api.w.org\/{rel}","templated":true}]}}