{"id":370291,"date":"2025-09-06T09:24:10","date_gmt":"2025-09-06T09:24:10","guid":{"rendered":"https:\/\/www.europesays.com\/fr\/370291\/"},"modified":"2025-09-06T09:24:10","modified_gmt":"2025-09-06T09:24:10","slug":"antigone-des-associations-les-animations-sur-le-podium-place-du-nombre-dor-a-montpellier","status":"publish","type":"post","link":"https:\/\/www.europesays.com\/fr\/370291\/","title":{"rendered":"Antigone des associations\u00a0: les animations sur le podium place du Nombre d\u2019Or \u00e0 Montpellier"},"content":{"rendered":"<p>\n                                                                L\u2019Antigone des associations se d\u00e9roule ce dimanche 7\u00a0septembre de 9\u00a0h\u00a030 \u00e0 17\u00a0h\u00a030 au c\u0153ur du quartier Antigone. Pr\u00e8s de 1\u00a0000 associations seront pr\u00e9sentes et certaines feront des d\u00e9monstrations place du Nombre d\u2019Or.\n                            <\/p>\n<p>Des animations sont programm\u00e9es tout au long de la journ\u00e9e sur le\u00a0podium place du Nombre d\u2019Or. Voici le programme\u00a0!<\/p>\n<p>K-pop, danses occitanes, chorales\u2026 en matin\u00e9e<\/p>\n<p>D\u00e8s 9\u00a0h\u00a045\u00a0: d\u00e9ambulation d\u2019ouverture avec Bakchich fanfare.<\/p>\n<p>10\u00a0h\u00a030\u00a0: d\u00e9monstrations de chants arabo-litt\u00e9raires.<br \/>11\u00a0heures\u00a0: chansons de la chorale Chorismatiques.<br \/>11\u00a0h\u00a015\u00a0: d\u00e9monstrations de K-pop.<br \/>11\u00a0h\u00a030\u00a0: d\u00e9monstrations de ballet.<br \/>11\u00a0h\u00a045\u00a0: d\u00e9monstrations de danses occitanes.<\/p>\n<p>B\u00e9n\u00e9volat, claquette, ukul\u00e9l\u00e9\u2026 l\u2019apr\u00e8s-midi<\/p>\n<p>13\u00a0h\u00a015\u00a0: extraits de danses diverses.<br \/>13\u00a0h\u00a030\u00a0: d\u00e9monstrations des cours adultes-enfants.<br \/>13\u00a0h\u00a045\u00a0: chor\u00e9graphies de \u00ab\u00a0West Coast Swing\u00a0\u00bb.<br \/>14\u00a0heures\u00a0: concert de la chorale.<br \/>14\u00a0h\u00a015\u00a0: d\u00e9monstrations de danse orientale.<br \/>14\u00a0h\u00a030 \u2013 15\u00a0heures\u00a0: \u00e9changes autour du b\u00e9n\u00e9volat et de l\u2019engagement associatif avec <a href=\"https:\/\/www.francebenevolat.org\/associations\/reseau\/association\/439\" target=\"_blank\" rel=\"nofollow noopener\">France B\u00e9n\u00e9volat Montpellier<\/a> et AGIR ABCD.<\/p>\n<p>15\u00a0heures\u00a0: d\u00e9monstrations de danses espagnoles.<br \/>15\u00a0h\u00a015\u00a0: d\u00e9monstrations de danses de la fin du XIXe\u00a0si\u00e8cle.<br \/>15\u00a0h\u00a030\u00a0: d\u00e9monstrations de danses swing.<br \/>15\u00a0h\u00a045\u00a0: d\u00e9monstrations de danses de Gr\u00e8ce.<br \/>16\u00a0heures\u00a0: d\u00e9monstrations de claquettes.<br \/>16\u00a0h\u00a015\u00a0: d\u00e9monstrations de gospel.<br \/>16\u00a0h\u00a030\u00a0: d\u00e9monstrations de danses.<br \/>16\u00a0h\u00a045\u00a0: concours d\u2019\u00e9loquence.<br \/>17\u00a0heures\u00a0: d\u00e9monstrations de chants au ukul\u00e9l\u00e9.<br \/>17\u00a0h\u00a015\u00a0: d\u00e9monstrations d\u2019afrodance.<\/p>\n<p>Acc\u00e8s libre et gratuit. La liste des associations pr\u00e9sentes et le plan interactif sont \u00e0 retrouver sur le <a href=\"https:\/\/antigonedesassociations.montpellier.fr\/\" target=\"_blank\" rel=\"nofollow noopener\">site internet<\/a> de l\u2019Antigone des associations.<\/p>\n","protected":false},"excerpt":{"rendered":"L\u2019Antigone des associations se d\u00e9roule ce dimanche 7\u00a0septembre de 9\u00a0h\u00a030 \u00e0 17\u00a0h\u00a030 au c\u0153ur du quartier Antigone. Pr\u00e8s&hellip;\n","protected":false},"author":2,"featured_media":370292,"comment_status":"","ping_status":"","sticky":false,"template":"","format":"standard","meta":{"footnotes":""},"categories":[9599],"tags":[1111,11,1777,674,1011,27,2208,12,2680,25],"class_list":{"0":"post-370291","1":"post","2":"type-post","3":"status-publish","4":"format-standard","5":"has-post-thumbnail","7":"category-montpellier","8":"tag-actu","9":"tag-actualites","10":"tag-eu","11":"tag-europe","12":"tag-fr","13":"tag-france","14":"tag-montpellier","15":"tag-news","16":"tag-occitanie","17":"tag-republique-francaise"},"share_on_mastodon":{"url":"https:\/\/pubeurope.com\/@fr\/115156632591922282","error":""},"_links":{"self":[{"href":"https:\/\/www.europesays.com\/fr\/wp-json\/wp\/v2\/posts\/370291","targetHints":{"allow":["GET"]}}],"collection":[{"href":"https:\/\/www.europesays.com\/fr\/wp-json\/wp\/v2\/posts"}],"about":[{"href":"https:\/\/www.europesays.com\/fr\/wp-json\/wp\/v2\/types\/post"}],"author":[{"embeddable":true,"href":"https:\/\/www.europesays.com\/fr\/wp-json\/wp\/v2\/users\/2"}],"replies":[{"embeddable":true,"href":"https:\/\/www.europesays.com\/fr\/wp-json\/wp\/v2\/comments?post=370291"}],"version-history":[{"count":0,"href":"https:\/\/www.europesays.com\/fr\/wp-json\/wp\/v2\/posts\/370291\/revisions"}],"wp:featuredmedia":[{"embeddable":true,"href":"https:\/\/www.europesays.com\/fr\/wp-json\/wp\/v2\/media\/370292"}],"wp:attachment":[{"href":"https:\/\/www.europesays.com\/fr\/wp-json\/wp\/v2\/media?parent=370291"}],"wp:term":[{"taxonomy":"category","embeddable":true,"href":"https:\/\/www.europesays.com\/fr\/wp-json\/wp\/v2\/categories?post=370291"},{"taxonomy":"post_tag","embeddable":true,"href":"https:\/\/www.europesays.com\/fr\/wp-json\/wp\/v2\/tags?post=370291"}],"curies":[{"name":"wp","href":"https:\/\/api.w.org\/{rel}","templated":true}]}}