{"id":370295,"date":"2025-09-06T09:28:14","date_gmt":"2025-09-06T09:28:14","guid":{"rendered":"https:\/\/www.europesays.com\/fr\/370295\/"},"modified":"2025-09-06T09:28:14","modified_gmt":"2025-09-06T09:28:14","slug":"toutes-les-infos-davant-match-coup-denvoi-ce-samedi-18-h","status":"publish","type":"post","link":"https:\/\/www.europesays.com\/fr\/370295\/","title":{"rendered":"toutes les infos d\u2019avant-match (coup d\u2019envoi, ce samedi 18 h)"},"content":{"rendered":"<p>Le match<\/p>\n<p><strong>Coup d\u2019envoi<\/strong>. Ce samedi, 18\u00a0h, stade Robert-Diochon \u00e0 Rouen.<\/p>\n<p>Avant-match<\/p>\n<p><strong>Le groupe de la Berri<\/strong>. Malhory Noc est toujours bless\u00e9, Aymeric Ahmed suspendu, Roger Tamba trop court alors que Corentin Jean vient tout juste d\u2019arriver au club. \u00c0 noter en revanche, la premi\u00e8re apparition de Bakary Sako dans le groupe \u00e9largi \u00e0 18 joueurs, ce qui ne signifie pas qu\u2019il sera sur les 16 de la feuille de match. Th\u00e9o Trinker fait, lui, son retour apr\u00e8s avoir purg\u00e9 son match de suspension.<\/p>\n<p><strong>Le groupe de 18<\/strong>\u00a0: Lavall\u00e9e, Ba (g), Koembo, Diarra, Magassa, Goncalves, El Hriti, Djaha, Samba Demb\u00e9l\u00e9, Bena, Bouaoune, Freitas, Tjomb, Trinker, Zakouani, Konat\u00e9, Verdier, Sako.<strong><br \/>L\u2019\u00e9quipe probable<\/strong>\u00a0: Lavall\u00e9e\u00a0&#8211; Koembo, Diarra (cap), Magassa, Goncalves\u00a0&#8211; Samba Demb\u00e9l\u00e9, Bena, Trinker\u00a0&#8211; Zakouani, Konat\u00e9, Verdier.<strong><br \/>Absents<\/strong>\u00a0: Ahmed (suspendu), Tamba, Jean (r\u00e9athl\u00e9tisation), Noc (genou), Doua Demb\u00e9l\u00e9, Foulon (choix).<strong><br \/>Entra\u00eeneur<\/strong>\u00a0: Guichard.<\/p>\n<p><strong>Le point<\/strong>. Avec son succ\u00e8s \u00e0 Paris 13, Sochaux fait le trou en t\u00eate du classement, m\u00eame si Versailles, exempt de cette 5e\u00a0journ\u00e9e, compte deux matchs en moins que les Sochaliens. En cas de succ\u00e8s face \u00e0 la Berrichonne, le FC Rouen deviendrait le dauphin de la poule. La zone de rel\u00e9gation se rapproche en revanche dangereusement pour la Berri (14e, 3 points), doubl\u00e9e par Saint-Brieuc et rejointe par Bourg-en-Bresse et Le Puy-en-Velay. Il va sans dire qu\u2019un succ\u00e8s \u00e0 Rouen donnerait une sacr\u00e9e bouff\u00e9e d\u2019oxyg\u00e8ne, m\u00eame un match nul permettrait de souffler un peu.<\/p>\n<p><strong>Classement<\/strong>\u00a0: 1. Sochaux 12 points, 2. Versailles 9 points (3 matchs), 3. Dijon 9 points, 4. Concarneau 8\u00a0points (4 matchs), 5. Rouen 8 points (4 matchs), 6. Caen 8 points, 7. Fleury-M\u00e9rogis 7 points, 8. Orl\u00e9ans 7 points, 9. Paris 13\u00a06 points, 10. Aubagne 5 points (4 matchs), 11. Stade Briochin 4 points, 12. Villefranche 4 points (4 matchs), 13. Valenciennes 4 points, <strong>14. Berrichonne 3 points (4 matchs)<\/strong>, 15. Le Puy-en-Velay 3 points, 16. Bourg-en-Bresse 3 points (4 matchs), 17. QRM 1 point (4 matchs).<\/p>\n<p><strong>La 5e\u00a0journ\u00e9e.<\/strong> Toutes les autres rencontres de cette 5e\u00a0journ\u00e9e de National se sont d\u00e9roul\u00e9es vendredi 5\u00a0septembre. A noter la quatri\u00e8me victoire de Sochaux et la premi\u00e8re de Saint-Brieuc.<\/p>\n<p><strong>Les r\u00e9sultats de vendredi<\/strong><\/p>\n<p>Bourg-en-Bresse\u00a0&#8211; Aubagne\u00a0: 0-0<br \/>Caen\u00a0&#8211; Dijon\u00a0: 0-0<br \/>Concarneau\u00a0&#8211; QRM\u00a0: 3-1<br \/>Orl\u00e9ans\u00a0&#8211; Le Puy-en-Velay\u00a0: 1-1<br \/>Paris 13\u00a0&#8211; Sochaux\u00a0: 1-3<br \/>Stade Briochin\u00a0&#8211; Valenciennes\u00a0: 2-1<br \/>Villefranche\u00a0&#8211; Fleury-M\u00e9rogis\u00a0: 0-3<\/p>\n<p><strong>Sans victoire<\/strong>. Avant cette rencontre de la 5e\u00a0journ\u00e9e, la Berrichonne affiche trois petits points au compteur qui correspondent \u00e0 ces trois matchs nuls (<a target=\"_self\" href=\"https:\/\/www.lanouvellerepublique.fr\/chateauroux\/national-pour-la-berrichonne-de-chateauroux-un-point-et-des-promesses-1754684179\" rel=\"noopener\">0-0<\/a> face \u00e0 Valenciennes, <a target=\"_self\" href=\"https:\/\/www.lanouvellerepublique.fr\/chateauroux\/national-dernier-quart-d-heure-fatal-pour-la-berrichonne-de-chateauroux-1755341585\" rel=\"noopener\">2-2<\/a> contre Bourg-en-Bresse, <a target=\"_self\" href=\"https:\/\/www.lanouvellerepublique.fr\/chateauroux\/berrichonne-de-chateauroux-un-point-ce-n-est-pas-tout-1755952473\" rel=\"noopener\">2-2<\/a> au Puy-en-Velay), qui ont pr\u00e9c\u00e9d\u00e9 la premi\u00e8re d\u00e9faite face \u00e0 Orl\u00e9ans (<a target=\"_self\" href=\"https:\/\/www.lanouvellerepublique.fr\/chateauroux\/berrichonne-de-chateauroux-retour-sur-terre-1756563546\" rel=\"noopener\">0-1<\/a>) sur un but de l\u2019in\u00e9vitable El Khoumisti.<\/p>\n<p><strong>Invaincu<\/strong>. Apr\u00e8s quatre journ\u00e9es, le FC Rouen n\u2019a pas encore mordu la poussi\u00e8re. Deux matchs nuls (0-0 face \u00e0 Fleury), suivis de deux victoires majeures contre Sochaux (3-1) et \u00e0 Valenciennes (2-3), placent le FCR en haut du tableau.<\/p>\n<p><strong>Huis clos<\/strong>. Apr\u00e8s trois matchs jou\u00e9s \u00e0 huis clos, suite au jet d\u2019un briquet sur l\u2019arbitre de touche du match face \u00e0 QRM la saison derni\u00e8re, le FR Rouen 1899 retrouve son public ce samedi 6\u00a0septembre. Un public attendu \u00e0 plus de 6.000 spectateurs.<\/p>\n<p><strong>Pourquoi samedi<\/strong>\u00a0? La rencontre de cette 5e\u00a0journ\u00e9e est d\u00e9cal\u00e9e au samedi car \u00e0 Rouen trois clubs se partagent le m\u00eame terrain au stade Robert-Diochon\u00a0: les deux clubs de football \u00e9voluant au m\u00eame niveau en National, le FC Rouen 1899 et QRM (Quevilly Rouen M\u00e9tropole) ainsi que l\u2019\u00e9quipe de rugby Rouen Normandie qui a jou\u00e9 ce vendredi soir face \u00e0 l\u2019Olympique Marcquois en Nationale.<\/p>\n<p><strong>Corentin Jean dans la place.<\/strong> Les choses ont boug\u00e9 \u00e0 la Berrichonne cette semaine avec un transfert qui a fait sensation. Ce n\u2019est pas tous les jours qu\u2019un joueur estampill\u00e9 Ligue 1 signe dans un club de National. \u00c0 30\u00a0ans, Corentin Jean a encore beaucoup de choses \u00e0 apporter \u00e0 la Berri. \u00ab\u00a0C\u2019est un grand professionnel, souligne le coach Valentin Guichard, qui va amener son exp\u00e9rience dans le secteur offensif.\u00a0\u00bb M\u00eame s\u2019il s\u2019est pr\u00e9par\u00e9 en solo de son c\u00f4t\u00e9 apr\u00e8s avoir jou\u00e9 la saison derni\u00e8re \u00e0 Sochaux, Corentin Jean aura besoin d\u2019un peu de temps avant d\u2019\u00eatre op\u00e9rationnel.<\/p>\n<p><strong>Wissa peut rapporter gros<\/strong>. Lundi, le transfert de Yoane Wissa de Brighton \u00e0 Newcastle (63,5\u00a0M\u20ac), deux clubs de Premier League, s\u2019est conclu in extremis, \u00e0 30 secondes du terme du mercato d\u2019\u00e9t\u00e9 qui bouclait \u00e0 20 heures. 30 secondes qui pourraient rapporter gros \u00e0 la Berri puisque si l\u2019on s\u2019en tient au r\u00e8glement de la Fifa et au m\u00e9canisme dit de solidarit\u00e9, Wissa ayant pass\u00e9 quatre ans \u00e0 la Berrichonne (de 2012 \u00e0 2016) dans ses jeunes ann\u00e9es, 2\u00a0% de ce transfert reviendrait \u00e0 la Berri. Soit plus de 1,2\u00a0M\u20ac tout de m\u00eame\u2026<\/p>\n<p><strong>Saison 2024-2025.<\/strong> La Berri et Rouen \u00e9taient d\u00e9j\u00e0 adversaires la saison derni\u00e8re. Le Ch\u00e2teauroux de Patrice Lair s\u2019\u00e9tait lourdement inclin\u00e9 \u00e0 l\u2019aller \u00e0 Diochon (4-0), la Berri de Cris avait pris le meilleur au retour \u00e0 Gaston-Petit (1-0).<\/p>\n","protected":false},"excerpt":{"rendered":"Le match Coup d\u2019envoi. Ce samedi, 18\u00a0h, stade Robert-Diochon \u00e0 Rouen. Avant-match Le groupe de la Berri. Malhory&hellip;\n","protected":false},"author":2,"featured_media":370296,"comment_status":"","ping_status":"","sticky":false,"template":"","format":"standard","meta":{"footnotes":""},"categories":[9587],"tags":[1392,1111,11,4351,1777,674,63,1011,27,5052,19881,19880,3238,12,5161,25,9590,60],"class_list":{"0":"post-370295","1":"post","2":"type-post","3":"status-publish","4":"format-standard","5":"has-post-thumbnail","7":"category-rouen","8":"tag-a-la-une-local","9":"tag-actu","10":"tag-actualites","11":"tag-chateauroux","12":"tag-eu","13":"tag-europe","14":"tag-football","15":"tag-fr","16":"tag-france","17":"tag-indre","18":"tag-la-berri-foot","19":"tag-la-berrichonne-football","20":"tag-national","21":"tag-news","22":"tag-normandie","23":"tag-republique-francaise","24":"tag-rouen","25":"tag-sports"},"share_on_mastodon":{"url":"https:\/\/pubeurope.com\/@fr\/115156648159270283","error":""},"_links":{"self":[{"href":"https:\/\/www.europesays.com\/fr\/wp-json\/wp\/v2\/posts\/370295","targetHints":{"allow":["GET"]}}],"collection":[{"href":"https:\/\/www.europesays.com\/fr\/wp-json\/wp\/v2\/posts"}],"about":[{"href":"https:\/\/www.europesays.com\/fr\/wp-json\/wp\/v2\/types\/post"}],"author":[{"embeddable":true,"href":"https:\/\/www.europesays.com\/fr\/wp-json\/wp\/v2\/users\/2"}],"replies":[{"embeddable":true,"href":"https:\/\/www.europesays.com\/fr\/wp-json\/wp\/v2\/comments?post=370295"}],"version-history":[{"count":0,"href":"https:\/\/www.europesays.com\/fr\/wp-json\/wp\/v2\/posts\/370295\/revisions"}],"wp:featuredmedia":[{"embeddable":true,"href":"https:\/\/www.europesays.com\/fr\/wp-json\/wp\/v2\/media\/370296"}],"wp:attachment":[{"href":"https:\/\/www.europesays.com\/fr\/wp-json\/wp\/v2\/media?parent=370295"}],"wp:term":[{"taxonomy":"category","embeddable":true,"href":"https:\/\/www.europesays.com\/fr\/wp-json\/wp\/v2\/categories?post=370295"},{"taxonomy":"post_tag","embeddable":true,"href":"https:\/\/www.europesays.com\/fr\/wp-json\/wp\/v2\/tags?post=370295"}],"curies":[{"name":"wp","href":"https:\/\/api.w.org\/{rel}","templated":true}]}}