{"id":370301,"date":"2025-09-06T09:31:14","date_gmt":"2025-09-06T09:31:14","guid":{"rendered":"https:\/\/www.europesays.com\/fr\/370301\/"},"modified":"2025-09-06T09:31:14","modified_gmt":"2025-09-06T09:31:14","slug":"il-renverse-une-octogenaire-et-prend-la-fuite","status":"publish","type":"post","link":"https:\/\/www.europesays.com\/fr\/370301\/","title":{"rendered":"Il renverse une octog\u00e9naire et prend la fuite"},"content":{"rendered":"<p class=\"p3\" style=\"text-align: justify;\">Un grave accident s\u2019est produit ce vendredi 5 septembre, vers 12h15, rue du Pr\u00e9 Perch\u00e9, dans le centre-ville de Rennes. Une femme de 87 ans a \u00e9t\u00e9 percut\u00e9e sur le trottoir par une voiture alors que l\u2019automobiliste effectuait une marche arri\u00e8re. Ce dernier, au volant d\u2019une Citro\u00ebn, s\u2019est bri\u00e8vement arr\u00eat\u00e9 avant de quitter les lieux. Gr\u00e2ce au relev\u00e9 de sa plaque d\u2019immatriculation, les forces de l\u2019ordre ont rapidement pu identifier le v\u00e9hicule. L\u2019auteur pr\u00e9sum\u00e9 des faits a \u00e9t\u00e9 interpell\u00e9 et plac\u00e9 en garde \u00e0 vue. Une enqu\u00eate est en cours pour blessures involontaires et d\u00e9lit de fuite.<\/p>\n","protected":false},"excerpt":{"rendered":"Un grave accident s\u2019est produit ce vendredi 5 septembre, vers 12h15, rue du Pr\u00e9 Perch\u00e9, dans le centre-ville&hellip;\n","protected":false},"author":2,"featured_media":370302,"comment_status":"","ping_status":"","sticky":false,"template":"","format":"standard","meta":{"footnotes":""},"categories":[2821],"tags":[1111,11,829,1777,674,1011,27,12,584,25],"class_list":{"0":"post-370301","1":"post","2":"type-post","3":"status-publish","4":"format-standard","5":"has-post-thumbnail","7":"category-rennes","8":"tag-actu","9":"tag-actualites","10":"tag-bretagne","11":"tag-eu","12":"tag-europe","13":"tag-fr","14":"tag-france","15":"tag-news","16":"tag-rennes","17":"tag-republique-francaise"},"share_on_mastodon":{"url":"https:\/\/pubeurope.com\/@fr\/115156660005983157","error":""},"_links":{"self":[{"href":"https:\/\/www.europesays.com\/fr\/wp-json\/wp\/v2\/posts\/370301","targetHints":{"allow":["GET"]}}],"collection":[{"href":"https:\/\/www.europesays.com\/fr\/wp-json\/wp\/v2\/posts"}],"about":[{"href":"https:\/\/www.europesays.com\/fr\/wp-json\/wp\/v2\/types\/post"}],"author":[{"embeddable":true,"href":"https:\/\/www.europesays.com\/fr\/wp-json\/wp\/v2\/users\/2"}],"replies":[{"embeddable":true,"href":"https:\/\/www.europesays.com\/fr\/wp-json\/wp\/v2\/comments?post=370301"}],"version-history":[{"count":0,"href":"https:\/\/www.europesays.com\/fr\/wp-json\/wp\/v2\/posts\/370301\/revisions"}],"wp:featuredmedia":[{"embeddable":true,"href":"https:\/\/www.europesays.com\/fr\/wp-json\/wp\/v2\/media\/370302"}],"wp:attachment":[{"href":"https:\/\/www.europesays.com\/fr\/wp-json\/wp\/v2\/media?parent=370301"}],"wp:term":[{"taxonomy":"category","embeddable":true,"href":"https:\/\/www.europesays.com\/fr\/wp-json\/wp\/v2\/categories?post=370301"},{"taxonomy":"post_tag","embeddable":true,"href":"https:\/\/www.europesays.com\/fr\/wp-json\/wp\/v2\/tags?post=370301"}],"curies":[{"name":"wp","href":"https:\/\/api.w.org\/{rel}","templated":true}]}}