{"id":370303,"date":"2025-09-06T09:32:46","date_gmt":"2025-09-06T09:32:46","guid":{"rendered":"https:\/\/www.europesays.com\/fr\/370303\/"},"modified":"2025-09-06T09:32:46","modified_gmt":"2025-09-06T09:32:46","slug":"tous-les-parents-sont-appeles-pour-recuperer-leurs-enfants","status":"publish","type":"post","link":"https:\/\/www.europesays.com\/fr\/370303\/","title":{"rendered":"tous les parents sont appel\u00e9s pour r\u00e9cup\u00e9rer leurs enfants"},"content":{"rendered":"<p>Il \u00e9tait 12h25 ce vendredi 5 septembre quand les sapeurs-pompiers d&rsquo;Ille-et-Vilaine ont re\u00e7u un appel du groupe scolaire Cl\u00e9menceau \u00e0 Rennes. Une fuite de gaz a entra\u00een\u00e9 l&rsquo;\u00e9vacuation de 400 personnes.<\/p>\n<p>\n      La Quotidienne Soci\u00e9t\u00e9\n    <\/p>\n<p>\n      De la vie quotidienne aux grands enjeux, recevez tous les jours les sujets qui font la soci\u00e9t\u00e9 locale, comme la justice, l\u2019\u00e9ducation, la sant\u00e9 et la famille.\n    <\/p>\n<p>    France T\u00e9l\u00e9visions utilise votre adresse e-mail afin de vous envoyer la newsletter \u00ab\u00a0La Quotidienne Soci\u00e9t\u00e9\u00a0\u00bb. Vous pouvez vous d\u00e9sinscrire \u00e0 tout moment via le lien en bas de cette newsletter. <a target=\"_blank\" href=\"https:\/\/www.francetelevisions.fr\/groupe\/confidentialite\/politique-de-confidentialite\/politique-de-confidentialite-de-france-televisions-6503\" rel=\"nofollow noopener\">Notre politique de confidentialit\u00e9<\/a><\/p>\n<p>Le SDIS 35 a \u00e9t\u00e9 contact\u00e9 ce vendredi \u00e0 la mi-journ\u00e9e pour une suspicion de fuite de gaz dans l&rsquo;enceinte du groupe scolaire Cl\u00e9menceau \u00e0 Rennes.<\/p>\n<p>13 sapeurs-pompiers sont intervenus sur place, ainsi que les forces de l&rsquo;ordre.\u00a0<\/p>\n<p>Le groupe scolaire a \u00e9t\u00e9 ferm\u00e9, la rue barr\u00e9e. 400 \u00e9l\u00e8ves et membres de l&rsquo;\u00e9quipe p\u00e9dagogique ont \u00e9t\u00e9 \u00e9vacu\u00e9s, et les parents sont venus r\u00e9cup\u00e9rer \u00e0 la h\u00e2te leurs enfants.<\/p>\n<p>Les \u00e9quipes de GRDF sont intervenues pour identifier l&rsquo;origine de la fuite et la r\u00e9parer.<\/p>\n<p>Aucune victime n&rsquo;a \u00e9t\u00e9 signal\u00e9e. Les pompiers ont quitt\u00e9 les lieux \u00e0 16 h 24.\u00a0<\/p>\n","protected":false},"excerpt":{"rendered":"Il \u00e9tait 12h25 ce vendredi 5 septembre quand les sapeurs-pompiers d&rsquo;Ille-et-Vilaine ont re\u00e7u un appel du groupe scolaire&hellip;\n","protected":false},"author":2,"featured_media":370304,"comment_status":"","ping_status":"","sticky":false,"template":"","format":"standard","meta":{"footnotes":""},"categories":[2821],"tags":[1111,11,829,1777,674,1011,27,12,584,25],"class_list":{"0":"post-370303","1":"post","2":"type-post","3":"status-publish","4":"format-standard","5":"has-post-thumbnail","7":"category-rennes","8":"tag-actu","9":"tag-actualites","10":"tag-bretagne","11":"tag-eu","12":"tag-europe","13":"tag-fr","14":"tag-france","15":"tag-news","16":"tag-rennes","17":"tag-republique-francaise"},"share_on_mastodon":{"url":"https:\/\/pubeurope.com\/@fr\/115156663934583809","error":""},"_links":{"self":[{"href":"https:\/\/www.europesays.com\/fr\/wp-json\/wp\/v2\/posts\/370303","targetHints":{"allow":["GET"]}}],"collection":[{"href":"https:\/\/www.europesays.com\/fr\/wp-json\/wp\/v2\/posts"}],"about":[{"href":"https:\/\/www.europesays.com\/fr\/wp-json\/wp\/v2\/types\/post"}],"author":[{"embeddable":true,"href":"https:\/\/www.europesays.com\/fr\/wp-json\/wp\/v2\/users\/2"}],"replies":[{"embeddable":true,"href":"https:\/\/www.europesays.com\/fr\/wp-json\/wp\/v2\/comments?post=370303"}],"version-history":[{"count":0,"href":"https:\/\/www.europesays.com\/fr\/wp-json\/wp\/v2\/posts\/370303\/revisions"}],"wp:featuredmedia":[{"embeddable":true,"href":"https:\/\/www.europesays.com\/fr\/wp-json\/wp\/v2\/media\/370304"}],"wp:attachment":[{"href":"https:\/\/www.europesays.com\/fr\/wp-json\/wp\/v2\/media?parent=370303"}],"wp:term":[{"taxonomy":"category","embeddable":true,"href":"https:\/\/www.europesays.com\/fr\/wp-json\/wp\/v2\/categories?post=370303"},{"taxonomy":"post_tag","embeddable":true,"href":"https:\/\/www.europesays.com\/fr\/wp-json\/wp\/v2\/tags?post=370303"}],"curies":[{"name":"wp","href":"https:\/\/api.w.org\/{rel}","templated":true}]}}