{"id":370305,"date":"2025-09-06T09:33:16","date_gmt":"2025-09-06T09:33:16","guid":{"rendered":"https:\/\/www.europesays.com\/fr\/370305\/"},"modified":"2025-09-06T09:33:16","modified_gmt":"2025-09-06T09:33:16","slug":"deux-collectifs-citoyens-appellent-a-manifester","status":"publish","type":"post","link":"https:\/\/www.europesays.com\/fr\/370305\/","title":{"rendered":"deux collectifs citoyens appellent \u00e0 manifester"},"content":{"rendered":"<p>Dans le cadre du <a href=\"https:\/\/www.dna.fr\/politique\/2025\/09\/01\/bloquons-tout-derriere-le-mouvement-du-10-septembre-des-partisans-majoritairement-de-gauche\" target=\"_blank\" rel=\"nofollow noopener\"> mouvement national \u00ab\u00a0Bloquons tout\u00a0\u00bb, apparu au d\u00e9but de l\u2019\u00e9t\u00e9 sur les r\u00e9seaux sociaux,<\/a> deux collectifs de citoyens alsaciens, Indignons nous 67 et Indignons nous 68, appellent les Alsaciens \u00e0 sortir dans la rue mercredi 10\u00a0septembre pour protester contre le plan d\u2019\u00e9conomies budg\u00e9taires pr\u00e9sent\u00e9 le 15\u00a0juillet par le Premier ministre Fran\u00e7ois Bayrou. A Strasbourg, \u00ab\u00a0que Bayrou tombe ou pas\u00a0\u00bb (\u00e0 l\u2019issue du vote de confiance pr\u00e9vu le 8\u00a0septembre), le rassemblement est convoqu\u00e9 place Kl\u00e9ber \u00e0 14\u00a0h comme indiqu\u00e9 sur leur page Facebook. \u00c0 Mulhouse, rendez-vous est donn\u00e9 place de la Bourse \u00e0 la m\u00eame heure.<\/p>\n<p>Dans le Bas-Rhin cinq unions et organisations syndicales (CGT, FSU, Solidaires, Alternative \u00e9tudiante Strasbourg et le syndicat national FO des lyc\u00e9es et coll\u00e8ges) ont \u00e9galement appel\u00e9 \u00e0 rejoindre la manifestation strasbourgeoise. Dans le Haut-Rhin, le syndicat CGT de l\u2019\u00e9ducation nationale, qui a par ailleurs d\u00e9clar\u00e9 la manifestation en pr\u00e9fecture, a appel\u00e9 ses membres \u00e0 se mobiliser \u00e0 Mulhouse. L\u2019union d\u00e9partementale 68 de la CGT est susceptible d\u2019en faire de m\u00eame mais doit, pour cela, encore en d\u00e9battre lors d\u2019une r\u00e9union pr\u00e9vue ce lundi.<\/p>\n<p>Sur sa page Facebook, <a href=\"https:\/\/www.dna.fr\/social\/2025\/06\/12\/une-action-de-la-cgt-contre-la-suppression-des-guichets-en-gare\" target=\"_blank\" rel=\"nofollow noopener\">le syndicat des cheminots CGT de Strasbourg<\/a> appelle de m\u00eame ses adh\u00e9rents \u00e0 participer \u00e0 cette journ\u00e9e de mobilisation du 10\u00a0septembre par la gr\u00e8ve. Cet appel est couvert par un pr\u00e9avis national de la f\u00e9d\u00e9ration CGT des cheminots d\u00e9pos\u00e9 le 3\u00a0septembre et qui va du mardi 9\u00a0septembre au soir jusqu\u2019au matin du 31\u00a0octobre.<\/p>\n","protected":false},"excerpt":{"rendered":"Dans le cadre du mouvement national \u00ab\u00a0Bloquons tout\u00a0\u00bb, apparu au d\u00e9but de l\u2019\u00e9t\u00e9 sur les r\u00e9seaux sociaux, deux&hellip;\n","protected":false},"author":2,"featured_media":370306,"comment_status":"","ping_status":"","sticky":false,"template":"","format":"standard","meta":{"footnotes":""},"categories":[2820],"tags":[1111,11,2389,2649,33,2880,1777,674,107,1011,27,775,12,25,801,640,2879],"class_list":{"0":"post-370305","1":"post","2":"type-post","3":"status-publish","4":"format-standard","5":"has-post-thumbnail","7":"category-strasbourg","8":"tag-actu","9":"tag-actualites","10":"tag-alsace","11":"tag-bas-rhin","12":"tag-economie","13":"tag-edition-strasbourg","14":"tag-eu","15":"tag-europe","16":"tag-fil-info","17":"tag-fr","18":"tag-france","19":"tag-grand-est","20":"tag-news","21":"tag-republique-francaise","22":"tag-social","23":"tag-strasbourg","24":"tag-strasbourg-ville"},"share_on_mastodon":{"url":"https:\/\/pubeurope.com\/@fr\/115156667796109565","error":""},"_links":{"self":[{"href":"https:\/\/www.europesays.com\/fr\/wp-json\/wp\/v2\/posts\/370305","targetHints":{"allow":["GET"]}}],"collection":[{"href":"https:\/\/www.europesays.com\/fr\/wp-json\/wp\/v2\/posts"}],"about":[{"href":"https:\/\/www.europesays.com\/fr\/wp-json\/wp\/v2\/types\/post"}],"author":[{"embeddable":true,"href":"https:\/\/www.europesays.com\/fr\/wp-json\/wp\/v2\/users\/2"}],"replies":[{"embeddable":true,"href":"https:\/\/www.europesays.com\/fr\/wp-json\/wp\/v2\/comments?post=370305"}],"version-history":[{"count":0,"href":"https:\/\/www.europesays.com\/fr\/wp-json\/wp\/v2\/posts\/370305\/revisions"}],"wp:featuredmedia":[{"embeddable":true,"href":"https:\/\/www.europesays.com\/fr\/wp-json\/wp\/v2\/media\/370306"}],"wp:attachment":[{"href":"https:\/\/www.europesays.com\/fr\/wp-json\/wp\/v2\/media?parent=370305"}],"wp:term":[{"taxonomy":"category","embeddable":true,"href":"https:\/\/www.europesays.com\/fr\/wp-json\/wp\/v2\/categories?post=370305"},{"taxonomy":"post_tag","embeddable":true,"href":"https:\/\/www.europesays.com\/fr\/wp-json\/wp\/v2\/tags?post=370305"}],"curies":[{"name":"wp","href":"https:\/\/api.w.org\/{rel}","templated":true}]}}