{"id":370309,"date":"2025-09-06T09:35:13","date_gmt":"2025-09-06T09:35:13","guid":{"rendered":"https:\/\/www.europesays.com\/fr\/370309\/"},"modified":"2025-09-06T09:35:13","modified_gmt":"2025-09-06T09:35:13","slug":"stationnement-circulation-je-veux-en-finir-avec-cette-derive-a-la-anne-hidalgo","status":"publish","type":"post","link":"https:\/\/www.europesays.com\/fr\/370309\/","title":{"rendered":"stationnement, circulation&#8230; Je veux en finir avec cette d\u00e9rive \u00e0 la Anne Hidalgo"},"content":{"rendered":"<p><strong>PARTIE 2\/\u200b3.<\/strong> <strong>Candidat \u00e0\u00a0l\u2019\u00e9lection municipale, \u00c9ric Ciotti (UDR soutenu par le RN) a\u00a0choisi Nice-\u200bPresse pour d\u00e9voiler sa feuille de route sur les sujets du quotidien\u00a0: la s\u00e9curit\u00e9, la circu\u00adlation, le station\u00adnement et l\u2019\u00e9co\u00adnomie locale. Deuxi\u00e8me volet <strong>de cette matin\u00e9e sp\u00e9ciale<\/strong>, consacr\u00e9 aux mobilit\u00e9s.<\/strong><\/p>\n<ul class=\"wp-block-list\">\n<li>9h30 &#8211; <strong><a href=\"https:\/\/nicepresse.com\/eric-ciotti-a-nice-presse-mon-plan-contre-linsecurite\/\" rel=\"nofollow noopener\" target=\"_blank\">\u00ab\u00a0Mon plan contre l\u2019ins\u00e9curit\u00e9\u00a0\u00bb<\/a><\/strong><\/li>\n<li>10h30 &#8211; <strong>\u00ab\u00a0Stationnement, circu\u00adlation\u2026 Je veux en finir avec cette d\u00e9rive \u00e0\u00a0la Anne Hidalgo\u00a0\u00bb<\/strong><\/li>\n<li>11h30 &#8211; <strong>\u00ab\u00a0Emplois, inves\u00adtis\u00adse\u00adments\u2026 Nous acterons un parte\u00adnariat sans pr\u00e9c\u00e9dent avec Monaco\u00a0\u00bb<\/strong><\/li>\n<\/ul>\n<p>Quelles sont vos premi\u00e8res propositions quant \u00e0\u00a0la circulation\u00a0?<\/p>\n<p>Je vais vous donner une premi\u00e8re mesure simple, claire, qui serait imm\u00e9dia\u00adtement mise en oeuvre\u00a0: le retour du double-\u200bsens pour le quai des Etats-\u200bUnis et Rauba Capeu. Les Ni\u00e7ois doivent \u00e0\u00a0nouveau pouvoir acc\u00e9der \u00e0\u00a0leur port depuis la Promenade des Anglais. Le sens-\u200bunique a\u00a0d\u00e9grad\u00e9 la circu\u00adlation, notamment en conges\u00adtionnant l\u2019Est de la ville. J\u2019avais \u00e9t\u00e9 tr\u00e8s choqu\u00e9 d\u2019apprendre que la mairie ne souhaitait pas suivre la d\u00e9cision de justice (celle du tribunal adminis\u00adtratif de Nice, contredite en appel par Marseille, NDLR). <\/p>\n<p>La piste cyclable sera install\u00e9e sur le trottoir et les quais\u00a0: le Conseil d\u00e9par\u00adte\u00admental a\u00a0d\u00e9j\u00e0 engag\u00e9 des frais en 2012 pour que cela soit possible sans diffi\u00adcult\u00e9. Ma priorit\u00e9 sera de d\u00e9sen\u00adgorger la circu\u00adlation qui est aujourd\u2019hui passa\u00adblement compromise.\u00a0<\/p>\n<p>Que pr\u00e9voyez-\u200bvous comme plan cyclable\u00a0?<\/p>\n<p>Partout o\u00f9 il y\u00a0aurait un risque de cr\u00e9er des throm\u00adboses pour les voitures, nous n\u2019am\u00e9\u00adna\u00adgerons plus de voies cyclables. Je ne suis pas l\u2019ennemi du v\u00e9lo, et n\u2019ai pas de position dogma\u00adtique. Mais il faut du bon sens. Je d\u00e9ciderai d\u2019un moratoire total sur la suppression des places de station\u00adnement. \u00c7a suffit. On a\u00a0frapp\u00e9 au coeur le commerce de proximit\u00e9 en emp\u00eachant les gens de se garer correc\u00adtement, au b\u00e9n\u00e9fice des centres commer\u00adciaux en p\u00e9riph\u00e9rie. C\u2019est honteux et je combattrai cette tendance.\u00a0<\/p>\n<p>Et dans les quartiers qui n\u2019en disposent pas, notamment les collines\u00a0?<\/p>\n<p>La circu\u00adlation y\u00a0a pris un retard gigan\u00adtesque puisque rien n\u2019a \u00e9t\u00e9 fait depuis cinquante ans. On ne peut comparer Nice \u00e0\u00a0d\u2019autres grandes villes puisqu\u2019ici, il faut composer avec le relief. La feuille de route que je donnerai \u00e0\u00a0Lignes d\u2019Azur sera de red\u00e9ployer ses moyens pour les collines, dont la desserte est aujourd\u2019hui tr\u00e8s d\u00e9ficiente. Nous mettrons en place un r\u00e9seau performant de navettes.<\/p>\n<p>Quid du stationnement\u00a0?<\/p>\n<p>Christian Estrosi a\u00a0transpos\u00e9 \u00e0\u00a0Nice les errements parisiens d\u2019Anne Hildago. Ces d\u00e9rives seront termin\u00e9es. Le commerce de proximit\u00e9, c\u2019est le coeur d\u2019une ville. Nous d\u00e9ciderons d\u2019accorder deux heures de station\u00adnement gratuit. Je ne suis pas emball\u00e9 non plus par l\u2019actuel syst\u00e8me, qui consiste \u00e0\u00a0voir les Ni\u00e7ois se faire matraquer, au b\u00e9n\u00e9fice, en partie, d\u2019une entre\u00adprise priv\u00e9e. Nous regar\u00adderons de pr\u00e8s les endroits o\u00f9 nous pourrons r\u00e9tablir les places supprim\u00e9es, en plus de la construction de nouveaux parkings.\u00a0<\/p>\n<blockquote class=\"twitter-tweet\">\n<p lang=\"fr\" dir=\"ltr\">\ud83d\udfe1 LES ANNONCES D\u2019\u00c9RIC CIOTTI <\/p>\n<p>\ud83d\udccd\ud83c\udfe1 <a href=\"https:\/\/twitter.com\/eciotti?ref_src=twsrc%5Etfw\" target=\"_blank\" rel=\"noopener nofollow\">@eciotti<\/a> r\u00e9pondra aux questions de <a href=\"https:\/\/twitter.com\/ClementAvargues?ref_src=twsrc%5Etfw\" target=\"_blank\" rel=\"noopener nofollow\">@ClementAvargues<\/a> et d\u00e9voilera de nouvelles propo\u00adsi\u00adtions pour Nice. <\/p>\n<p>Notre invit\u00e9 sp\u00e9cial, samedi, toute la matin\u00e9e. <a href=\"https:\/\/twitter.com\/hashtag\/Nice06?src=hash&amp;ref_src=twsrc%5Etfw\" target=\"_blank\" rel=\"noopener nofollow\">#Nice06<\/a> <a href=\"https:\/\/twitter.com\/hashtag\/Municipales2026?src=hash&amp;ref_src=twsrc%5Etfw\" target=\"_blank\" rel=\"noopener nofollow\">#Municipales2026<\/a> <a href=\"https:\/\/t.co\/22OmGPz706\" rel=\"nofollow\">pic.twitter.com\/22OmGPz706<\/a><\/p>\n<p>\u2014 Nice-\u200bPresse \u00b7 Top infos (@NicePresse) <a href=\"https:\/\/twitter.com\/NicePresse\/status\/1963535477589614790?ref_src=twsrc%5Etfw\" target=\"_blank\" rel=\"noopener nofollow\">September 4,\u00a02025<\/a><\/p><\/blockquote>\n<p><a href=\"https:\/\/anneedelamer.nice.fr\/\" rel=\"nofollow noopener\" target=\"_blank\"><img loading=\"lazy\" decoding=\"async\" width=\"300\" height=\"300\" src=\"data:image\/svg+xml,%3Csvg%20xmlns=\" http:=\"\" alt=\"\" class=\"wp-image-235449\" data-lazy-src=\"https:\/\/www.europesays.com\/fr\/wp-content\/uploads\/2025\/04\/IMG_1416-2.png\"\/><\/a><\/p>\n<p>\t<script async src=\"https:\/\/platform.twitter.com\/widgets.js\" charset=\"utf-8\"><\/script><\/p>\n","protected":false},"excerpt":{"rendered":"PARTIE 2\/\u200b3. Candidat \u00e0\u00a0l\u2019\u00e9lection municipale, \u00c9ric Ciotti (UDR soutenu par le RN) a\u00a0choisi Nice-\u200bPresse pour d\u00e9voiler sa feuille&hellip;\n","protected":false},"author":2,"featured_media":370310,"comment_status":"","ping_status":"","sticky":false,"template":"","format":"standard","meta":{"footnotes":""},"categories":[2819],"tags":[1111,11,1777,674,1011,27,12,2401,882,25],"class_list":{"0":"post-370309","1":"post","2":"type-post","3":"status-publish","4":"format-standard","5":"has-post-thumbnail","7":"category-nice","8":"tag-actu","9":"tag-actualites","10":"tag-eu","11":"tag-europe","12":"tag-fr","13":"tag-france","14":"tag-news","15":"tag-nice","16":"tag-provence-alpes-cote-dazur","17":"tag-republique-francaise"},"share_on_mastodon":{"url":"https:\/\/pubeurope.com\/@fr\/115156675834612327","error":""},"_links":{"self":[{"href":"https:\/\/www.europesays.com\/fr\/wp-json\/wp\/v2\/posts\/370309","targetHints":{"allow":["GET"]}}],"collection":[{"href":"https:\/\/www.europesays.com\/fr\/wp-json\/wp\/v2\/posts"}],"about":[{"href":"https:\/\/www.europesays.com\/fr\/wp-json\/wp\/v2\/types\/post"}],"author":[{"embeddable":true,"href":"https:\/\/www.europesays.com\/fr\/wp-json\/wp\/v2\/users\/2"}],"replies":[{"embeddable":true,"href":"https:\/\/www.europesays.com\/fr\/wp-json\/wp\/v2\/comments?post=370309"}],"version-history":[{"count":0,"href":"https:\/\/www.europesays.com\/fr\/wp-json\/wp\/v2\/posts\/370309\/revisions"}],"wp:featuredmedia":[{"embeddable":true,"href":"https:\/\/www.europesays.com\/fr\/wp-json\/wp\/v2\/media\/370310"}],"wp:attachment":[{"href":"https:\/\/www.europesays.com\/fr\/wp-json\/wp\/v2\/media?parent=370309"}],"wp:term":[{"taxonomy":"category","embeddable":true,"href":"https:\/\/www.europesays.com\/fr\/wp-json\/wp\/v2\/categories?post=370309"},{"taxonomy":"post_tag","embeddable":true,"href":"https:\/\/www.europesays.com\/fr\/wp-json\/wp\/v2\/tags?post=370309"}],"curies":[{"name":"wp","href":"https:\/\/api.w.org\/{rel}","templated":true}]}}