{"id":370311,"date":"2025-09-06T09:36:15","date_gmt":"2025-09-06T09:36:15","guid":{"rendered":"https:\/\/www.europesays.com\/fr\/370311\/"},"modified":"2025-09-06T09:36:15","modified_gmt":"2025-09-06T09:36:15","slug":"emplois-investissements-nous-lancerons-un-partenariat-sans-precedent-avec-monaco","status":"publish","type":"post","link":"https:\/\/www.europesays.com\/fr\/370311\/","title":{"rendered":"emplois, investissements&#8230; Nous lancerons un partenariat sans pr\u00e9c\u00e9dent avec Monaco"},"content":{"rendered":"<p><strong>PARTIE 3\/\u200b3.<\/strong> <strong>Candidat \u00e0\u00a0l\u2019\u00e9lection municipale, \u00c9ric Ciotti (UDR soutenu par le RN) a\u00a0choisi Nice-\u200bPresse pour d\u00e9voiler sa feuille de route sur les sujets du quotidien\u00a0: la s\u00e9curit\u00e9, la circu\u00adlation, le station\u00adnement et l\u2019\u00e9co\u00adnomie locale. Troisi\u00e8me et dernier volet <strong>de cette matin\u00e9e sp\u00e9ciale<\/strong>, consacr\u00e9 \u00e0\u00a0la M\u00e9tropole.<\/strong><\/p>\n<p>Le conseil m\u00e9tropolitain a\u00a0\u00e9t\u00e9 agit\u00e9 de tensions, impliquant des \u00e9lus vall\u00e9ens, suivis par une part du littoral. Comment apaiser les choses\u00a0?<\/p>\n<p>Naturellement, je suis candidat \u00e0\u00a0la mairie de Nice mais aussi \u00e0\u00a0la pr\u00e9si\u00addence de la M\u00e9tropole, qui concentre aujourd\u2019hui les comp\u00e9\u00adtences et les moyens financiers.\u00a0<\/p>\n<p>Cette fronde, c\u2019est Christian Estrosi qui l\u2019a suscit\u00e9e. Il a\u00a0fait entrer la politique dans les conseils m\u00e9tro\u00adpo\u00adli\u00adtains en essayant de forcer les maires \u00e0\u00a0signer une charte impro\u00adbable, dirig\u00e9e contre moi. Ce texte est une aberration juridique et une forfaiture politique. Il s\u2019agit de contraindre les \u00e9lus \u00e0\u00a0valider tous les prochains budgets pr\u00e9sent\u00e9s, tout en les int\u00e9grant dans un ridicule \u00ab\u00a0front r\u00e9publicain\u00a0\u00bb, une d\u00e9rive gauchiste et macro\u00adniste que plus personne ne\u00a0veut.<\/p>\n<p>Faut-\u200bil s\u2019attendre \u00e0\u00a0des coups de tron\u00e7onneuse de votre part dans la M\u00e9tropole\u00a0?\u00a0<\/p>\n<p>Les diffi\u00adcult\u00e9s finan\u00adci\u00e8res s\u2019y concentrent, avec une dette monstrueuse. Au total, avec la Ville, la M\u00e9tropole et les r\u00e9gies (eau, etc), nous attei\u00adgnons les trois milliards d\u2019euros (un calcul que la M\u00e9tropole \u00ab\u00a0conteste fermement\u00a0\u00bb, NDLR). <\/p>\n<p>Nice-\u200bC\u00f4te d\u2019Azur est aujourd\u2019hui confront\u00e9e \u00e0\u00a0une tr\u00e8s grande fragilit\u00e9, elle est m\u00eame \u00e0\u00a0deux doigts de rejoindre le r\u00e9seau d\u2019alerte des finances publiques. Il faudra acter de nouvelles priorit\u00e9s et, en effet, lourdement serrer la vis pour ce qui est des d\u00e9penses. D\u00e8s mon \u00e9lection, je comman\u00adderai un audit complet de cette gestion.\u00a0<\/p>\n<p>O\u00f9 comptez-\u200bvous tailler\u00a0?<\/p>\n<p>Dans les paillettes, notamment. Payer 15 millions d\u2019euros un Grand prix de Formule 1\u00a0au fin fond du Var, avec moi, ce sera fini. Je m\u2019int\u00e9\u00adres\u00adserai de pr\u00e8s au d\u00e9par\u00adtement de la commu\u00adni\u00adcation et des relations publiques. A-\u200bt-\u200bon besoin de 400 agents\u00a0? Les millions d\u2019euros d\u00e9pens\u00e9s en ce moment pour des \u00e9missions de t\u00e9l\u00e9 ou pour un presti\u00adgieux si\u00e8ge \u00e0\u00a0Paris seront d\u00e9ploy\u00e9s ailleurs.<\/p>\n<p><img loading=\"lazy\" decoding=\"async\" width=\"1119\" height=\"630\" src=\"data:image\/svg+xml,%3Csvg%20xmlns=\" http:=\"\" alt=\"eric-ciotti\" class=\"wp-image-249040\" title=\"\u00c9ric Ciotti \u00e0 Nice-Presse : &quot;emplois, investissements... Nous lancerons un partenariat sans pr\u00e9c\u00e9dent avec Monaco&quot; 1\" data-lazy- data-lazy- data-lazy-src=\"https:\/\/www.europesays.com\/fr\/wp-content\/uploads\/2025\/09\/4D2A4566-3-1119x630.jpg\"\/>\u00a9 Romain Boisaubert \/\u200b Nice-\u200bPresse<\/p>\n<p>Que changer dans la gestion courante de la M\u00e9tropole d\u2019apr\u00e8s vous\u00a0?<\/p>\n<p>Faire sortir la politique de l\u2019h\u00e9mi\u00adcycle, d\u00e9j\u00e0. Il n\u2019y aura plus de groupes partisans, en tous les cas le pr\u00e9sident que je serai n\u2019en cr\u00e9era pas. La charte sera \u00e9videmment supprim\u00e9e.  Chaque maire sera respect\u00e9, quel que soit son engagement politique. Les esp\u00e8ces de pressions cesseront. J\u2019ai d\u2019ailleurs pris des engage\u00adments tr\u00e8s clairs aupr\u00e8s d\u2019eux.<\/p>\n<p>Lesquels\u00a0?<\/p>\n<p>Les comp\u00e9\u00adtences ne seront plus concen\u00adtr\u00e9es par la pr\u00e9si\u00addence et par Nice. Tr\u00e8s concr\u00e8\u00adtement, les maires redevien\u00addront les patrons op\u00e9ra\u00adtionnels des diff\u00e9\u00adrents services m\u00e9tro\u00adpo\u00adli\u00adtains sur leur terri\u00adtoire. Ce sera \u00e0\u00a0eux d\u2019en d\u00e9finir les missions priori\u00adtaires. Je veux qu\u2019\u00e0 nouveau, le maire soit le seul patron chez lui. La pr\u00e9si\u00addence omnipo\u00adtente, je n\u2019en veux\u00a0pas.<\/p>\n<p><a href=\"https:\/\/anneedelamer.nice.fr\/\" rel=\"nofollow noopener\" target=\"_blank\"><img loading=\"lazy\" decoding=\"async\" width=\"300\" height=\"300\" src=\"data:image\/svg+xml,%3Csvg%20xmlns=\" http:=\"\" alt=\"\" class=\"wp-image-235449\" data-lazy-src=\"https:\/\/www.europesays.com\/fr\/wp-content\/uploads\/2025\/04\/IMG_1416-2.png\"\/><\/a><\/p>\n<p>Quel devrait \u00eatre le cap de la M\u00e9tropole pour les 6\u00a0ans \u00e0\u00a0venir\u00a0?<\/p>\n<p>Nous devrons porter un grand projet \u00e9cono\u00admique, dont la colonne vert\u00e9\u00adbrale serait la Plaine du Var. Il y\u00a0a le constat, et mes solutions.\u00a0<\/p>\n<p>Le constat, c\u2019est que son am\u00e9na\u00adgement est devenu une vaste op\u00e9ration de sp\u00e9cu\u00adlation immobi\u00adli\u00e8re qui n\u2019a cr\u00e9\u00e9 aucune richesse. Les emplois promis n\u2019ont pas \u00e9t\u00e9 au rendez-\u200bvous. Aucune belle entre\u00adprise ne s\u2019est install\u00e9e, on a\u00a0seulement vu des d\u00e9m\u00e9na\u00adge\u00adments de soci\u00e9t\u00e9s d\u00e9j\u00e0 pr\u00e9sentes dans la r\u00e9gion. Nous sommes actuel\u00adlement dans la fuite en avant et la d\u00e9sor\u00adga\u00adni\u00adsation. Contrairement \u00e0\u00a0Sophia Antipolis, qui poursuit sa croissance.<\/p>\n<p>Mes solutions, \u00e0\u00a0pr\u00e9sent. J\u2019ai ai d\u00e9j\u00e0 discut\u00e9 avec Albert de Monaco, et nos \u00e9changes sont de grande qualit\u00e9\u00a0: lan\u00e7ons une zone franche entre nous et la Principaut\u00e9. Les repr\u00e9\u00adsen\u00adtants du patronat mon\u00e9gasque, notamment Philippe Ortelli (le pr\u00e9sident de la FEDEM, NDLR), y\u00a0portent beaucoup d\u2019int\u00e9r\u00eat.<\/p>\n<p>L\u2019\u00e9quation est simple\u00a0: Monaco a\u00a0beaucoup d\u2019argent mais pas de d\u2019espace. Nous, c\u2019est l\u2019inverse. De plus, la circu\u00adlation entre Nice et le Rocher reste tr\u00e8s complexe. Les solutions \u00e9voqu\u00e9es, comme par exemple un m\u00e9tro, seraient tr\u00e8s, tr\u00e8s co\u00fbteuses, et pas acces\u00adsibles avant de nombreuses ann\u00e9es.<\/p>\n<p>L\u2019id\u00e9e serait de proposer dans la Plaine du Var des emplois mon\u00e9gasques, c\u2019est-\u200b\u00e0-\u200bdire des inves\u00adtis\u00adse\u00adments issus des activit\u00e9s de la Principaut\u00e9, avec le droit du travail, fiscal, social mon\u00e9gasque. Au lieu de bouger le piano, avan\u00e7ons le tabouret\u00a0!<\/p>\n<p>Ce d\u00e9velop\u00adpement devra \u00eatre accom\u00adpagn\u00e9 par la construction d\u2019un nouveau palais des congr\u00e8s, puisque Christian Estrosi a\u00a0tu\u00e9 le tourisme d\u2019affaires en rasant Acropolis. Le machin install\u00e9 au Port (le complexe Oc\u00e9anice, NDLR) n\u2019est pas une alter\u00adnative cr\u00e9dible. Il n\u2019est pas am\u00e9nag\u00e9, pas au niveau, et on me dit que les premi\u00e8res r\u00e9ser\u00adva\u00adtions effec\u00adtu\u00e9es pour des \u00e9v\u00e8ne\u00adments priv\u00e9s s\u2019annulent les unes apr\u00e8s les autres.<\/p>\n<blockquote class=\"twitter-tweet\">\n<p lang=\"fr\" dir=\"ltr\">\ud83d\udfe1 LES ANNONCES D\u2019\u00c9RIC CIOTTI <\/p>\n<p>\ud83d\udccd\ud83c\udfe1 <a href=\"https:\/\/twitter.com\/eciotti?ref_src=twsrc%5Etfw\" target=\"_blank\" rel=\"noopener nofollow\">@eciotti<\/a> r\u00e9pondra aux questions de <a href=\"https:\/\/twitter.com\/ClementAvargues?ref_src=twsrc%5Etfw\" target=\"_blank\" rel=\"noopener nofollow\">@ClementAvargues<\/a> et d\u00e9voilera de nouvelles propo\u00adsi\u00adtions pour Nice. <\/p>\n<p>Notre invit\u00e9 sp\u00e9cial, samedi, toute la matin\u00e9e. <a href=\"https:\/\/twitter.com\/hashtag\/Nice06?src=hash&amp;ref_src=twsrc%5Etfw\" target=\"_blank\" rel=\"noopener nofollow\">#Nice06<\/a> <a href=\"https:\/\/twitter.com\/hashtag\/Municipales2026?src=hash&amp;ref_src=twsrc%5Etfw\" target=\"_blank\" rel=\"noopener nofollow\">#Municipales2026<\/a> <a href=\"https:\/\/t.co\/22OmGPz706\" rel=\"nofollow\">pic.twitter.com\/22OmGPz706<\/a><\/p>\n<p>\u2014 Nice-\u200bPresse \u00b7 Top infos (@NicePresse) <a href=\"https:\/\/twitter.com\/NicePresse\/status\/1963535477589614790?ref_src=twsrc%5Etfw\" target=\"_blank\" rel=\"noopener nofollow\">September 4,\u00a02025<\/a><\/p><\/blockquote>\n<p>\t<script async src=\"https:\/\/platform.twitter.com\/widgets.js\" charset=\"utf-8\"><\/script><\/p>\n","protected":false},"excerpt":{"rendered":"PARTIE 3\/\u200b3. Candidat \u00e0\u00a0l\u2019\u00e9lection municipale, \u00c9ric Ciotti (UDR soutenu par le RN) a\u00a0choisi Nice-\u200bPresse pour d\u00e9voiler sa feuille&hellip;\n","protected":false},"author":2,"featured_media":370312,"comment_status":"","ping_status":"","sticky":false,"template":"","format":"standard","meta":{"footnotes":""},"categories":[2819],"tags":[1111,11,1777,674,1011,27,12,2401,882,25],"class_list":{"0":"post-370311","1":"post","2":"type-post","3":"status-publish","4":"format-standard","5":"has-post-thumbnail","7":"category-nice","8":"tag-actu","9":"tag-actualites","10":"tag-eu","11":"tag-europe","12":"tag-fr","13":"tag-france","14":"tag-news","15":"tag-nice","16":"tag-provence-alpes-cote-dazur","17":"tag-republique-francaise"},"share_on_mastodon":{"url":"https:\/\/pubeurope.com\/@fr\/115156679591803439","error":""},"_links":{"self":[{"href":"https:\/\/www.europesays.com\/fr\/wp-json\/wp\/v2\/posts\/370311","targetHints":{"allow":["GET"]}}],"collection":[{"href":"https:\/\/www.europesays.com\/fr\/wp-json\/wp\/v2\/posts"}],"about":[{"href":"https:\/\/www.europesays.com\/fr\/wp-json\/wp\/v2\/types\/post"}],"author":[{"embeddable":true,"href":"https:\/\/www.europesays.com\/fr\/wp-json\/wp\/v2\/users\/2"}],"replies":[{"embeddable":true,"href":"https:\/\/www.europesays.com\/fr\/wp-json\/wp\/v2\/comments?post=370311"}],"version-history":[{"count":0,"href":"https:\/\/www.europesays.com\/fr\/wp-json\/wp\/v2\/posts\/370311\/revisions"}],"wp:featuredmedia":[{"embeddable":true,"href":"https:\/\/www.europesays.com\/fr\/wp-json\/wp\/v2\/media\/370312"}],"wp:attachment":[{"href":"https:\/\/www.europesays.com\/fr\/wp-json\/wp\/v2\/media?parent=370311"}],"wp:term":[{"taxonomy":"category","embeddable":true,"href":"https:\/\/www.europesays.com\/fr\/wp-json\/wp\/v2\/categories?post=370311"},{"taxonomy":"post_tag","embeddable":true,"href":"https:\/\/www.europesays.com\/fr\/wp-json\/wp\/v2\/tags?post=370311"}],"curies":[{"name":"wp","href":"https:\/\/api.w.org\/{rel}","templated":true}]}}