{"id":370315,"date":"2025-09-06T09:39:23","date_gmt":"2025-09-06T09:39:23","guid":{"rendered":"https:\/\/www.europesays.com\/fr\/370315\/"},"modified":"2025-09-06T09:39:23","modified_gmt":"2025-09-06T09:39:23","slug":"fc-nantes-apres-castro-un-titulaire-sest-blesse-en-selection","status":"publish","type":"post","link":"https:\/\/www.europesays.com\/fr\/370315\/","title":{"rendered":"FC Nantes : apr\u00e8s Castro, un titulaire s\u2019est bless\u00e9 en s\u00e9lection !\u00a0"},"content":{"rendered":"<p><strong><a href=\"https:\/\/www.butfootballclub.fr\/617325-fc-nantes-des-nouvelles-fraiches-de-luis-castro\/\" rel=\"noopener\" target=\"_blank\">Apr\u00e8s la blessure de Luis Castro<\/a>, c\u2019est au tour d\u2019Herba Guirassy de subir un contretemps majeur. L\u2019attaquant du FC Nantes, s\u00e9lectionn\u00e9 pour la premi\u00e8re fois avec les Bleuets, devra renoncer \u00e0 sa convocation \u00e0 cause d\u2019une blessure aux ischio-jambiers.<\/strong><\/p>\n<p>La joie aura \u00e9t\u00e9 de courte dur\u00e9e pour Herba Guirassy. Le jeune attaquant de 19 ans, auteur de d\u00e9buts prometteurs avec le FC Nantes cette saison, venait d\u2019\u00eatre appel\u00e9 en renfort par G\u00e9rald Baticle apr\u00e8s le forfait du Rennais Djaoui Ciss\u00e9. Malheureusement, une blessure aux ischio-jambiers va l\u2019emp\u00eacher de participer aux prochaines rencontres des Bleuets. Selon <a href=\"https:\/\/tribunenantaise.fr\/actus-fcnantes\/guirassy-quitte-les-espoirs-suite-a-une-blessure-aux-ischios\/\" rel=\"noopener\" target=\"_blank\">L\u2019\u00c9quipe<\/a>, le staff m\u00e9dical des Espoirs a recommand\u00e9 un retour imm\u00e9diat au club pour une prise en charge adapt\u00e9e, mettant un terme pr\u00e9matur\u00e9 \u00e0 sa premi\u00e8re exp\u00e9rience internationale.<\/p>\n<p>Pour le <a href=\"https:\/\/www.butfootballclub.fr\/617289-fc-nantes-mercato-lafont-sort-enfin-du-tunnel\/\" rel=\"noopener\" target=\"_blank\">FC Nantes<\/a>, cette nouvelle tombe comme un coup dur suppl\u00e9mentaire apr\u00e8s la m\u00e9saventure de Luis Castro. Tr\u00e8s attendu sur le c\u00f4t\u00e9 gauche de l\u2019attaque nantaise, il sera sans doute frein\u00e9 par ce contretemps, alors qu\u2019il sortait tout juste d\u2019une intervention dentaire en d\u00e9but de semaine.<\/p>\n<p>Le forfait de Guirassy contraindra G\u00e9rald Baticle \u00e0 revoir ses plans offensifs pour les prochaines rencontres internationales, tandis que le FC Nantes devra g\u00e9rer son joueur avec prudence pour \u00e9viter toute aggravation de la blessure. Pour le jeune Canari, ce n\u2019est sans doute que partie remise\u00a0: son d\u00e9but de saison promet une suite des plus encourageantes sous la houlette de Castro.<\/p>\n","protected":false},"excerpt":{"rendered":"Apr\u00e8s la blessure de Luis Castro, c\u2019est au tour d\u2019Herba Guirassy de subir un contretemps majeur. L\u2019attaquant du&hellip;\n","protected":false},"author":2,"featured_media":370316,"comment_status":"","ping_status":"","sticky":false,"template":"","format":"standard","meta":{"footnotes":""},"categories":[2818],"tags":[1111,11,448,1777,674,63,1011,27,66,3388,766,12,2636,25,10662],"class_list":{"0":"post-370315","1":"post","2":"type-post","3":"status-publish","4":"format-standard","5":"has-post-thumbnail","7":"category-nantes","8":"tag-actu","9":"tag-actualites","10":"tag-champions-league","11":"tag-eu","12":"tag-europe","13":"tag-football","14":"tag-fr","15":"tag-france","16":"tag-ligue-1","17":"tag-matchs","18":"tag-nantes","19":"tag-news","20":"tag-pays-de-la-loire","21":"tag-republique-francaise","22":"tag-transferts"},"share_on_mastodon":{"url":"https:\/\/pubeurope.com\/@fr\/115156691410111313","error":""},"_links":{"self":[{"href":"https:\/\/www.europesays.com\/fr\/wp-json\/wp\/v2\/posts\/370315","targetHints":{"allow":["GET"]}}],"collection":[{"href":"https:\/\/www.europesays.com\/fr\/wp-json\/wp\/v2\/posts"}],"about":[{"href":"https:\/\/www.europesays.com\/fr\/wp-json\/wp\/v2\/types\/post"}],"author":[{"embeddable":true,"href":"https:\/\/www.europesays.com\/fr\/wp-json\/wp\/v2\/users\/2"}],"replies":[{"embeddable":true,"href":"https:\/\/www.europesays.com\/fr\/wp-json\/wp\/v2\/comments?post=370315"}],"version-history":[{"count":0,"href":"https:\/\/www.europesays.com\/fr\/wp-json\/wp\/v2\/posts\/370315\/revisions"}],"wp:featuredmedia":[{"embeddable":true,"href":"https:\/\/www.europesays.com\/fr\/wp-json\/wp\/v2\/media\/370316"}],"wp:attachment":[{"href":"https:\/\/www.europesays.com\/fr\/wp-json\/wp\/v2\/media?parent=370315"}],"wp:term":[{"taxonomy":"category","embeddable":true,"href":"https:\/\/www.europesays.com\/fr\/wp-json\/wp\/v2\/categories?post=370315"},{"taxonomy":"post_tag","embeddable":true,"href":"https:\/\/www.europesays.com\/fr\/wp-json\/wp\/v2\/tags?post=370315"}],"curies":[{"name":"wp","href":"https:\/\/api.w.org\/{rel}","templated":true}]}}